{"id":242682,"date":"2025-11-18T12:04:11","date_gmt":"2025-11-18T12:04:11","guid":{"rendered":"https:\/\/www.europesays.com\/es\/242682\/"},"modified":"2025-11-18T12:04:11","modified_gmt":"2025-11-18T12:04:11","slug":"el-csn-recibe-la-peticion-de-informe-preceptivo-sobre-la-prorroga-de-explotacion-de-la-central-nuclear-almaraz-2025","status":"publish","type":"post","link":"https:\/\/www.europesays.com\/es\/242682\/","title":{"rendered":"El CSN recibe la petici\u00f3n de informe preceptivo sobre la pr\u00f3rroga de explotaci\u00f3n de la central nuclear Almaraz &#8211; 2025"},"content":{"rendered":"\n<p> El Ministerio para la Transici\u00f3n Ecol\u00f3gica y el Reto Demogr\u00e1fico ha remitido al regulador la solicitud del titular de la instalaci\u00f3n para el informe preceptivo\u00a0 <\/p>\n<p> El Consejo estudiar\u00e1 la solicitud atendiendo a criterios t\u00e9cnicos velando por la seguridad de los ciudadanos, los trabajadores y el medio ambiente\u00a0 <\/p>\n<p style=\"text-align: justify;\"><img decoding=\"async\" alt=\"\" src=\"https:\/\/www.europesays.com\/es\/wp-content\/uploads\/2025\/11\/df9aa133-a5e6-4d50-84ac-7f3304de2519\" style=\"height: 482px; width: 700px;\" title=\"Imagen de la central nuclear\"\/><\/p>\n<p>Ayer, el Consejo de Seguridad Nuclear (CSN) recibi\u00f3 del Ministerio para la Transici\u00f3n Ecol\u00f3gica y el Reto Demogr\u00e1fico (MITERD) la petici\u00f3n de informe preceptivo sobre la solicitud de modificaci\u00f3n de la autorizaci\u00f3n de explotaci\u00f3n de la central nuclear Almaraz, que afecta a ambas unidades. El pasado 30 de octubre, el titular de la instalaci\u00f3n solicit\u00f3 al Ministerio modificar la autorizaci\u00f3n de explotaci\u00f3n para permitir la operaci\u00f3n de ambas unidades hasta el 8 de junio de 2030, y dicha solicitud ha sido trasladada al CSN para la emisi\u00f3n del correspondiente informe preceptivo. El Consejo responder\u00e1 a la petici\u00f3n, de acuerdo con la normativa y procedimientos vigentes.\u00a0\u00a0<\/p>\n<p>Una vez que el regulador apruebe el informe preceptivo asociado a la solicitud, \u00e9ste ser\u00e1 remitido al Ministerio. Con esta informaci\u00f3n, el MITERD podr\u00e1 tomar una decisi\u00f3n informada sobre la continuidad de la explotaci\u00f3n de la instalaci\u00f3n.\u00a0\u00a0<\/p>\n<p>La<a href=\"https:\/\/www.boe.es\/eli\/es\/l\/1980\/04\/22\/15\/con#:~:text=Emitir%20informes%20al%20Ministerio%20de%20Industria%2C%20Turismo%20y%20Comercio%2C%20relativos%20a%20la%20seguridad%20nuclear%2C%20protecci%C3%B3n%20radiol%C3%B3gica%20y%20protecci%C3%B3n%20f%C3%ADsica%2C%20previos%20a%20las%20resoluciones%20que%\" rel=\"nofollow noopener\" target=\"_blank\"> Ley de creaci\u00f3n del CSN<\/a> establece que es el organismo regulador quien debe emitir informes al MITERD relativos a la seguridad nuclear, protecci\u00f3n radiol\u00f3gica y protecci\u00f3n f\u00edsica, previos a las resoluciones que dicho Ministerio adopte en materia de concesi\u00f3n de autorizaciones para las instalaciones nucleares. Dichos informes, que son de car\u00e1cter preceptivo, son adem\u00e1s vinculantes -en caso de ser negativo-, o estableciendo los l\u00edmites y condiciones necesarios. En todo caso, seg\u00fan ha asegurado Juan Carlos Lentijo, presidente del organismo regulador, \u201cel CSN siempre guiar\u00e1 su decisi\u00f3n por criterios t\u00e9cnicos y ci\u00f1\u00e9ndose a la seguridad nuclear de la instalaci\u00f3n y a la protecci\u00f3n radiol\u00f3gica de ciudadanos y medio ambiente\u201d.\u00a0\u00a0<\/p>\n<p>El <a href=\"https:\/\/www.boe.es\/diario_boe\/txt.php?id=BOE-A-2024-25205#:~:text=el%20art%C3%ADculo%C2%A018.2.-,Art%C3%ADculo%C2%A07.%E2%80%83Renovaci%C3%B3n%20de%20las%20autorizaciones.,-1.%E2%80%83La%20renovaci%C3%B3n\" rel=\"nofollow noopener\" target=\"_blank\">Reglamento sobre Instalaciones Nucleares y Radiactivas<\/a> establece que el Consejo deber\u00e1 remitir al MITERD su informe \u201cal menos, dos meses antes de la fecha de caducidad de la autorizaci\u00f3n vigente\u201d. Dicha fecha de caducidad corresponde al 1 de noviembre de 2027 y al 31 de octubre de 2028 para las unidades I y II de la central nuclear Almaraz, respectivamente.\u00a0\u00a0<\/p>\n<p><strong>Sobre el CSN\u00a0<\/strong><\/p>\n<p>El CSN es el \u00fanico organismo competente en materia de seguridad nuclear y protecci\u00f3n radiol\u00f3gica en Espa\u00f1a tal y como se recoge en su <a href=\"https:\/\/www.boe.es\/eli\/es\/l\/1980\/04\/22\/15\/con#:~:text=%C3%BAnico%20organismo%20competente%20en%20materia%20de%20seguridad%20nuclear%20y%20protecci%C3%B3n%20radiol%C3%B3gica\" rel=\"nofollow noopener\" target=\"_blank\">Ley de creaci\u00f3n<\/a>. Dentro de sus funciones, est\u00e1 la de emitir los informes preceptivos al departamento ministerial correspondiente relativos a la seguridad nuclear, protecci\u00f3n radiol\u00f3gica y protecci\u00f3n f\u00edsica, previos a las resoluciones que este adopte, entre otras, en materia de concesi\u00f3n de autorizaciones para las instalaciones nucleares.\u00a0\u00a0\u00a0<\/p>\n<p>El Consejo es independiente de la Administraci\u00f3n general del Estado y toma sus decisiones siempre en virtud de criterios t\u00e9cnicos.\u00a0\u00a0\u00a0<\/p>\n<p>*Consulta\u202f<a href=\"https:\/\/www.csn.es\/glosario\" rel=\"nofollow noopener\" target=\"_blank\">aqu\u00ed\u202f<\/a>el\u202fglosario\u202fde t\u00e9rminos t\u00e9cnicos*\u00a0<\/p>\n","protected":false},"excerpt":{"rendered":"El Ministerio para la Transici\u00f3n Ecol\u00f3gica y el Reto Demogr\u00e1fico ha remitido al regulador la solicitud del titular&hellip;\n","protected":false},"author":2,"featured_media":242683,"comment_status":"","ping_status":"","sticky":false,"template":"","format":"standard","meta":{"footnotes":""},"categories":[5],"tags":[45,17,18,25,24,13,14,11,19,20,9,10,15,16,23,12,21,22],"class_list":{"0":"post-242682","1":"post","2":"type-post","3":"status-publish","4":"format-standard","5":"has-post-thumbnail","7":"category-titulares","8":"tag-45","9":"tag-breaking-news","10":"tag-breakingnews","11":"tag-es","12":"tag-espana","13":"tag-featured-news","14":"tag-featurednews","15":"tag-headlines","16":"tag-latest-news","17":"tag-latestnews","18":"tag-news","19":"tag-noticias","20":"tag-noticias-destacadas","21":"tag-noticiasdestacadas","22":"tag-spain","23":"tag-titulares","24":"tag-ultimas-noticias","25":"tag-ultimasnoticias"},"share_on_mastodon":{"url":"https:\/\/pubeurope.com\/@es\/115570610289025000","error":""},"_links":{"self":[{"href":"https:\/\/www.europesays.com\/es\/wp-json\/wp\/v2\/posts\/242682","targetHints":{"allow":["GET"]}}],"collection":[{"href":"https:\/\/www.europesays.com\/es\/wp-json\/wp\/v2\/posts"}],"about":[{"href":"https:\/\/www.europesays.com\/es\/wp-json\/wp\/v2\/types\/post"}],"author":[{"embeddable":true,"href":"https:\/\/www.europesays.com\/es\/wp-json\/wp\/v2\/users\/2"}],"replies":[{"embeddable":true,"href":"https:\/\/www.europesays.com\/es\/wp-json\/wp\/v2\/comments?post=242682"}],"version-history":[{"count":0,"href":"https:\/\/www.europesays.com\/es\/wp-json\/wp\/v2\/posts\/242682\/revisions"}],"wp:featuredmedia":[{"embeddable":true,"href":"https:\/\/www.europesays.com\/es\/wp-json\/wp\/v2\/media\/242683"}],"wp:attachment":[{"href":"https:\/\/www.europesays.com\/es\/wp-json\/wp\/v2\/media?parent=242682"}],"wp:term":[{"taxonomy":"category","embeddable":true,"href":"https:\/\/www.europesays.com\/es\/wp-json\/wp\/v2\/categories?post=242682"},{"taxonomy":"post_tag","embeddable":true,"href":"https:\/\/www.europesays.com\/es\/wp-json\/wp\/v2\/tags?post=242682"}],"curies":[{"name":"wp","href":"https:\/\/api.w.org\/{rel}","templated":true}]}}