{"id":242690,"date":"2025-11-18T12:14:14","date_gmt":"2025-11-18T12:14:14","guid":{"rendered":"https:\/\/www.europesays.com\/es\/242690\/"},"modified":"2025-11-18T12:14:14","modified_gmt":"2025-11-18T12:14:14","slug":"asi-es-la-casa-de-paula-echevarria-y-miguel-torres-de-su-inmenso-jardin-con-piscina-a-su-vestidor-gimnasio-privado-y-el-detalle-del-que-le-encanta-presumir","status":"publish","type":"post","link":"https:\/\/www.europesays.com\/es\/242690\/","title":{"rendered":"As\u00ed es la casa de Paula Echevarr\u00eda y Miguel Torres: de su inmenso jard\u00edn con piscina a su vestidor, gimnasio privado y el detalle del que le encanta presumir"},"content":{"rendered":"<p data-journey-content=\"true\" data-node-id=\"3\" class=\"css-6wxqfj emevuu60\">Desde que <strong data-node-id=\"3.1\">Paula Echevarr\u00eda<\/strong> <a href=\"https:\/\/www.diezminutos.es\/famosos-corazon\/famosos-espanoles\/a19613869\/david-bustamante-habla-divorcio-paula-echevarria\/\" target=\"_blank\" data-vars-ga-outbound-link=\"https:\/\/www.diezminutos.es\/famosos-corazon\/famosos-espanoles\/a19613869\/david-bustamante-habla-divorcio-paula-echevarria\/\" data-vars-ga-ux-element=\"Hyperlink\" data-vars-ga-call-to-action=\"rompiera su matrimonio con David Bustamante\" data-node-id=\"3.3\" class=\"body-link css-177bzfx emevuu60\" rel=\"nofollow noopener\">rompiera su matrimonio con <strong data-node-id=\"3.3.1\">David Bustamante<\/strong><\/a> en 2017, la actriz de &#8216;Velvet&#8217; <strong data-node-id=\"3.5\">comenz\u00f3 una nueva vida<\/strong>. A Paula no le ha ido nada mal: ya desde que despuntara como actriz la cosa le fue rodada, y <strong data-node-id=\"3.7\">ahora tambi\u00e9n como influencer est\u00e1 en el mejor momento de su vida profesional<\/strong> como <a href=\"https:\/\/www.diezminutos.es\/famosos-corazon\/famosos-espanoles\/g39221884\/famosos-espanoles-mas-seguidores-instagram\/\" target=\"_blank\" data-vars-ga-outbound-link=\"https:\/\/www.diezminutos.es\/famosos-corazon\/famosos-espanoles\/g39221884\/famosos-espanoles-mas-seguidores-instagram\/\" data-vars-ga-ux-element=\"Hyperlink\" data-vars-ga-call-to-action=\"una de las celebridades con m\u00e1s seguidores de Espa\u00f1a\" data-node-id=\"3.9\" class=\"body-link css-177bzfx emevuu60\" rel=\"nofollow noopener\">una de las celebridades con m\u00e1s seguidores de Espa\u00f1a<\/a>. A Paula le va bien, y la prueba de ello, m\u00e1s all\u00e1 de bolsos de lujo, fiestas de post\u00edn y grandes contactos, <strong data-node-id=\"3.11\">su \u00e9xito se puede medir viendo su casa<\/strong>: una <strong data-node-id=\"3.13\">impresionante y moderna construcci\u00f3n<\/strong> que se construy\u00f3 a capricho en 2018 tras su divorcio, y en la que <strong data-node-id=\"3.15\">ha vuelto a echar ra\u00edces junto a su actual pareja, Miguel Torres, <\/strong>que ha quedado finalista en<a href=\"https:\/\/www.diezminutos.es\/teleprograma\/programas-tv\/a69466152\/resumen-final-masterchef-celebrity-10-ganadora-marilo-montero\/\" target=\"_blank\" data-vars-ga-outbound-link=\"https:\/\/www.diezminutos.es\/teleprograma\/programas-tv\/a69466152\/resumen-final-masterchef-celebrity-10-ganadora-marilo-montero\/\" data-vars-ga-ux-element=\"Hyperlink\" data-vars-ga-call-to-action=\" la d\u00e9cima edici\u00f3n de &#039;Masterchef Celebrity&#039;\" data-node-id=\"3.17\" class=\"body-link css-177bzfx emevuu60\" rel=\"nofollow noopener\"> la d\u00e9cima edici\u00f3n de &#8216;Masterchef Celebrity&#8217;<\/a>. Ha sido una final muy re\u00f1ida en la que <a href=\"https:\/\/www.diezminutos.es\/teleprograma\/programas-tv\/a69466245\/marilo-montero-ganadora-masterchef-celebrity-final-sorpresa-indignacion\/\" target=\"_blank\" data-vars-ga-outbound-link=\"https:\/\/www.diezminutos.es\/teleprograma\/programas-tv\/a69466245\/marilo-montero-ganadora-masterchef-celebrity-final-sorpresa-indignacion\/\" data-vars-ga-ux-element=\"Hyperlink\" data-vars-ga-call-to-action=\"ha triunfado Maril\u00f3 Montero entre aplausos y tambi\u00e9n indignaci\u00f3n \" data-node-id=\"3.19\" class=\"body-link css-177bzfx emevuu60\" rel=\"nofollow noopener\">ha triunfado Maril\u00f3 Montero entre aplausos y tambi\u00e9n indignaci\u00f3n <\/a>de quienes prefer\u00edan otro ganador.<\/p>\n<p><img draggable=\"true\" alt=\"\ufeffel exterior de la casa de paula echevarria, en una foto de archivo durante su construccion\" title=\"\ufeffEl exterior de la casa de Paula Echevarria, en una foto de archivo durante su construccion\" loading=\"lazy\" width=\"3000\" height=\"2000\" decoding=\"async\" data-nimg=\"1\" style=\"color:transparent;width:100%;height:auto;\"   src=\"https:\/\/www.europesays.com\/es\/wp-content\/uploads\/2025\/11\/paula-echevarria-casa-exterior-691c495030649.jpg\" class=\"css-0 e1g79fud0\"\/>Gtres<\/p>\n<p>El exterior de la casa de Paula Echevarr\u00eda, en una foto de archivo durante su construcci\u00f3n.<\/p>\n<p data-journey-content=\"true\" data-node-id=\"7\" class=\"css-6wxqfj emevuu60\">La pareja no perdi\u00f3 el tiempo cuando se conoci\u00f3: la actriz y el exfutbolista oficializaron lo suyo y<strong data-node-id=\"7.1\"> no tardaron mucho en <\/strong><strong data-node-id=\"7.2\"><a href=\"https:\/\/www.diezminutos.es\/famosos-corazon\/famosos-espanoles\/news\/a9842\/paula-echevarria-nueva-casa-exclusiva\/\" target=\"_blank\" data-vars-ga-outbound-link=\"https:\/\/www.diezminutos.es\/famosos-corazon\/famosos-espanoles\/news\/a9842\/paula-echevarria-nueva-casa-exclusiva\/\" data-vars-ga-ux-element=\"Hyperlink\" data-vars-ga-call-to-action=\"irse a vivir juntos a este chalet\" data-node-id=\"7.2.0\" class=\"body-link css-177bzfx emevuu60\" rel=\"nofollow noopener\">irse a vivir juntos a este chalet<\/a><\/strong>, situado en una de las urbanizaciones m\u00e1s exclusivas de Madrid, <strong data-node-id=\"7.4\">Villafranca del Castillo<\/strong>, a solo <strong data-node-id=\"7.6\">media hora de Madrid<\/strong> y rodeada de naturaleza. Paula se compr\u00f3 este solar, y fue aqu\u00ed donde decidi\u00f3, junto a la constructora Modernity SL, montar <strong data-node-id=\"7.8\">una casa de estilo modular<\/strong> que ha sido su hogar desde entonces. <strong data-node-id=\"7.10\">\u00bfEchamos un vistazo a c\u00f3mo es por dentro?<\/strong><\/p>\n<p>As\u00ed es la casa de Paula Echevarr\u00eda: su impresionante jard\u00edn con piscina<\/p>\n<p data-journey-content=\"true\" data-node-id=\"10\" class=\"css-6wxqfj emevuu60\">Sin duda, una de las cosas que <strong data-node-id=\"10.1\">m\u00e1s llama la atenci\u00f3n<\/strong> de la casa de Paula Echevarr\u00eda no solo es su tama\u00f10, de<strong data-node-id=\"10.3\"> dimensiones considerables<\/strong>, sino tambi\u00e9n el <strong data-node-id=\"10.5\">jard\u00edn con una enorme piscina en el medio<\/strong>. Tras el enorme muro que protege su intimidad, Paula presume en sus redes sociales de su <strong data-node-id=\"10.7\">nada humilde morada<\/strong> no solo para mostrar sus looks, sino tambi\u00e9n de los d\u00edas m\u00e1s calurosos del verano <strong data-node-id=\"10.9\">tomando el sol y remoj\u00e1ndose en el agua<\/strong>.<\/p>\n<p> La casa de Paula Echevarr\u00eda y Miguel Torres: zona &#8216;chill out&#8217;<\/p>\n<p data-journey-content=\"true\" data-node-id=\"18\" class=\"css-6wxqfj emevuu60\"><strong data-node-id=\"18.0\">\u00bfQu\u00e9 es una casa con piscina sin una zona donde relajarse a la sombra despu\u00e9s<\/strong><strong data-node-id=\"18.1\">?<\/strong> La zona &#8216;chill out&#8217; es donde Paula, su familia y sus amistades se relajan en los calurosos veranos, concretamente en<strong data-node-id=\"18.3\"> unos sof\u00e1s de exterior que, por cierto, parecen la mar de c\u00f3modos<\/strong>.<\/p>\n<p>La casa de Paula Echevarr\u00eda: el &#8216;hall&#8217;<\/p>\n<p data-journey-content=\"true\" data-node-id=\"22\" class=\"css-6wxqfj emevuu60\">La <strong data-node-id=\"22.1\">entrada <\/strong>de la casa es una de las zonas m\u00e1s importantes, y es que es<strong data-node-id=\"22.3\"> la primera impresi\u00f3n que se llevan las visitas<\/strong> sobre una casa. La de la casa de Paula y Miguel debe de ser un continuo \u00ab\u00a1guau!\u00bb, porque <strong data-node-id=\"22.5\">es impresionante: amplia, bonita y funcional<\/strong>.<\/p>\n<p>La casa de Paula Echevarr\u00eda y Miguel Torres tiene gimnasio privado<\/p>\n<p data-journey-content=\"true\" data-node-id=\"26\" class=\"css-6wxqfj emevuu60\">Por supuesto, no nos vamos a encontrar a Paula Echevarr\u00eda entrenando en un gimnasio de barrio (entre otras cosas porque, viviendo donde vive, no tiene ninguno cerca), as\u00ed que la soluci\u00f3n la ten\u00eda f\u00e1cil: <strong data-node-id=\"26.1\">montarse su propio gym en casa<\/strong>, donde se ejercita con una entrenadora personal, y<strong data-node-id=\"26.3\"> no le falta ni un detalle <\/strong>entre gomas, pelotas, pesas y m\u00e1quinas de cardio o musculaci\u00f3n. <strong data-node-id=\"26.5\">Solo los m\u00e1s deportistas lo entender\u00e1n: \u00a1eso s\u00ed que es un lujo!<\/strong><\/p>\n<p>El rinc\u00f3n favorito de Paula Echevarr\u00eda en su casa: vestidor con tocador<\/p>\n<p data-journey-content=\"true\" data-node-id=\"31\" class=\"css-6wxqfj emevuu60\">Para una influencer de moda y belleza como Paula Echevarr\u00eda,<strong data-node-id=\"31.1\"> tener un armario lo suficientemente grande y un tocador lo suficientemente completo son indispensables<\/strong>. Por eso, cuando construy\u00f3 su casa, no se lo pens\u00f3, y se puso uno de cada, y adem\u00e1s bien grandes. Desde luego,<strong data-node-id=\"31.3\"> la envidia de las m\u00e1s coquetas<\/strong>.<\/p>\n<p>As\u00ed es la casa de Paula Echevarr\u00eda: paredes con papel pintado y mucho arte &#8216;pop&#8217;<\/p>\n<p data-journey-content=\"true\" data-node-id=\"35\" class=\"css-6wxqfj emevuu60\">Aunque el<strong data-node-id=\"35.1\"> color blanco inunda la casa<\/strong> tanto por dentro como por fuera, <strong data-node-id=\"35.3\">Paula no tiene miedo al color<\/strong>, y lo deja claro con algunas de sus elecciones decorativas: <strong data-node-id=\"35.5\">papel pintado con estampado de flores<\/strong>, cabeceros de cama de colores vivos o <strong data-node-id=\"35.7\">mucho arte &#8216;pop&#8217;<\/strong> (que le encanta) repartido por la casa dan <strong data-node-id=\"35.9\">alegr\u00eda <\/strong>a su hogar. Especial cari\u00f1o tiene a un cuadro de Superman y Wonder Woman bes\u00e1ndose, creado por su amigo el <strong data-node-id=\"35.11\">artista asturiano Joaqu\u00edn Vi\u00f1a<\/strong>, que ha mostrado en decenas de fotos en sus redes sociales y del que <strong data-node-id=\"35.13\">le encanta presumir.<\/strong><\/p>\n<p>El dormitorio de la casa de Paula Echevarr\u00eda y Miguel Torres<\/p>\n<p data-journey-content=\"true\" data-node-id=\"41\" class=\"css-6wxqfj emevuu60\">Paula no es muy dada a mostrar toda su casa en redes sociales, pero <strong data-node-id=\"41.1\">lo poquito que nos deja ver ya nos impresiona<\/strong>. Su <strong data-node-id=\"41.3\">dormitorio<\/strong>, la zona m\u00e1s \u00edntima de toda la casa, apenas sale en sus redes, pero con ocasi\u00f3n de su 48 cumplea\u00f1os hizo la excepci\u00f3n al mostrar c\u00f3mo le despert\u00f3 su hijo, dej\u00e1ndonos ver <strong data-node-id=\"41.5\">un peque\u00f1o detalle de c\u00f3mo lo tiene decorado<\/strong>.<\/p>\n<p><img draggable=\"true\" alt=\"paula echevarria en su dormitorio junto a su hijo miki\" title=\"Paula Echevarria en su dormitorio junto a su hijo Miki\" loading=\"lazy\" width=\"3000\" height=\"4030\" decoding=\"async\" data-nimg=\"1\" style=\"color:transparent;width:100%;height:auto;\"   src=\"https:\/\/www.europesays.com\/es\/wp-content\/uploads\/2025\/11\/paula-echevarria-dormitorio-casa-691c56e56c309.jpg\" class=\"css-0 e1g79fud0\"\/><\/p>\n<p>Instagram Paula Echevarr\u00eda<\/p>\n<p>As\u00ed es la casa de Paula Echevarr\u00eda: la incre\u00edble zona de juegos del peque\u00f1o Miki<\/p>\n<p data-journey-content=\"true\" data-node-id=\"46\" class=\"css-6wxqfj emevuu60\">Cuando la actriz se hizo esta casa, reci\u00e9n separada, <strong data-node-id=\"46.1\">Miguel Torres no estaba en sus planes, y mucho menos lo estaba el hijo que despu\u00e9s tendr\u00eda con \u00e9l, Miki<\/strong>. Sin embargo, la vida le sorprendi\u00f3, y <strong data-node-id=\"46.3\">con la llegada de un beb\u00e9 toc\u00f3 adaptarse<\/strong>: lo que era la habitaci\u00f3n de invitados se convirti\u00f3 en un cuarto de juegos, y para que la habitaci\u00f3n tuviera esa doble funcionalidad, decidi\u00f3 poner una <strong data-node-id=\"46.5\">cama abatible<\/strong> para cuando no hubiera nadie durmiendo en ella, y de este modo que <strong data-node-id=\"46.7\">el peque\u00f1o pudiese jugar a sus anchas<\/strong>. <strong data-node-id=\"46.9\">\u00a1Trucazo para ahorrar espacio!<\/strong><\/p>\n<p><img src=\"https:\/\/www.europesays.com\/es\/wp-content\/uploads\/2025\/11\/1763468054_944_a982b4f8-3383-45d0-81ca-fb597fd6fa80_1734436044.jpg\" alt=\"Headshot of Daniel Reyes\" title=\"Headshot of Daniel Reyes\" width=\"100%\" height=\"100%\" decoding=\"async\" loading=\"lazy\" class=\"css-o0wq4v ev8dhu53\"\/><\/p>\n<p>Daniel Reyes se gradu\u00f3 en Periodismo por la Universidad Rey Juan Carlos. Experto en actualidad de coraz\u00f3n, sociedad y televisi\u00f3n; Dani redacta noticias en Diez Minutos desde 2015, donde ha ganado en los \u00faltimos a\u00f1os una gran experiencia a la hora de escribir sobre todas las novedades de los famosos, reality de televisi\u00f3n como &#8216;Supervivientes&#8217; y &#8216;La isla de las tentaciones&#8217; o series.<br \/>\nLas redes sociales no tienen secretos para \u00e9l, donde se mueve como pez en el agua para encontrar la \u00faltima hora de la vida de los famosos o la pol\u00e9mica m\u00e1s reciente: lo mismo te habla de las Kardashian que de Isabel Pantoja, Beyonc\u00e9, &#8216;S\u00e1lvame&#8217; o de Felipe y Letizia: Realeza, al fin y al cabo, aunque cada uno en lo suyo.<br \/>\nPeriodista 360, a lo Paquita Salas, tampoco tiene l\u00edmite a la hora de escribir sobre temas tan variados como pol\u00edtica o maternidad, o incluso sobre sus aficiones, que pasan por la moda, las \u00faltimas tendencias o la belleza, algo en lo que se especializ\u00f3 tras pasar por la revista S Moda entre 2014 y 2015, donde si ya lleg\u00f3 haci\u00e9ndole &#8216;til\u00edn&#8217; todo ese mundillo, all\u00ed se volvi\u00f3 todo un experto del maquillaje, las cremas o los tratamientos puntuales teros. Un pasatiempo que sigue desarroll\u00e1ndose y que compagina con su trabajo como redactor.<\/p>\n","protected":false},"excerpt":{"rendered":"Desde que Paula Echevarr\u00eda rompiera su matrimonio con David Bustamante en 2017, la actriz de &#8216;Velvet&#8217; comenz\u00f3 una&hellip;\n","protected":false},"author":2,"featured_media":242691,"comment_status":"","ping_status":"","sticky":false,"template":"","format":"standard","meta":{"footnotes":""},"categories":[174],"tags":[255,253,146,147,25,24,256,23],"class_list":{"0":"post-242690","1":"post","2":"type-post","3":"status-publish","4":"format-standard","5":"has-post-thumbnail","7":"category-famosos","8":"tag-celebrities","9":"tag-discover","10":"tag-entertainment","11":"tag-entretenimiento","12":"tag-es","13":"tag-espana","14":"tag-famosos","15":"tag-spain"},"share_on_mastodon":{"url":"https:\/\/pubeurope.com\/@es\/115570649999020649","error":""},"_links":{"self":[{"href":"https:\/\/www.europesays.com\/es\/wp-json\/wp\/v2\/posts\/242690","targetHints":{"allow":["GET"]}}],"collection":[{"href":"https:\/\/www.europesays.com\/es\/wp-json\/wp\/v2\/posts"}],"about":[{"href":"https:\/\/www.europesays.com\/es\/wp-json\/wp\/v2\/types\/post"}],"author":[{"embeddable":true,"href":"https:\/\/www.europesays.com\/es\/wp-json\/wp\/v2\/users\/2"}],"replies":[{"embeddable":true,"href":"https:\/\/www.europesays.com\/es\/wp-json\/wp\/v2\/comments?post=242690"}],"version-history":[{"count":0,"href":"https:\/\/www.europesays.com\/es\/wp-json\/wp\/v2\/posts\/242690\/revisions"}],"wp:featuredmedia":[{"embeddable":true,"href":"https:\/\/www.europesays.com\/es\/wp-json\/wp\/v2\/media\/242691"}],"wp:attachment":[{"href":"https:\/\/www.europesays.com\/es\/wp-json\/wp\/v2\/media?parent=242690"}],"wp:term":[{"taxonomy":"category","embeddable":true,"href":"https:\/\/www.europesays.com\/es\/wp-json\/wp\/v2\/categories?post=242690"},{"taxonomy":"post_tag","embeddable":true,"href":"https:\/\/www.europesays.com\/es\/wp-json\/wp\/v2\/tags?post=242690"}],"curies":[{"name":"wp","href":"https:\/\/api.w.org\/{rel}","templated":true}]}}