{"id":242712,"date":"2025-11-18T12:26:09","date_gmt":"2025-11-18T12:26:09","guid":{"rendered":"https:\/\/www.europesays.com\/es\/242712\/"},"modified":"2025-11-18T12:26:09","modified_gmt":"2025-11-18T12:26:09","slug":"mas-dinero-a-cataluna-y-multas-a-madrid","status":"publish","type":"post","link":"https:\/\/www.europesays.com\/es\/242712\/","title":{"rendered":"\u00abM\u00e1s dinero a Catalu\u00f1a y multas a Madrid\u00bb"},"content":{"rendered":"<p class=\"voc-p\" style=\"\"><strong>Hacienda<\/strong> trabaja en un nuevo sistema de financiaci\u00f3n que plantear\u00e1 en unos <a href=\"https:\/\/www.abc.es\/economia\/montero-tres-meses-plantear-modelo-financiacion-reconocera-20251117165952-nt.html\" title=\"www.abc.es\" data-voc-vtm-id=\"in-text-traffic\" data-mrf-link=\"www.abc.es\" rel=\"nofollow noopener\" target=\"_blank\">tres meses<\/a> y que \u00abreconocer\u00e1 las singularidades y particularidades de algunos territorios\u00bb.<\/p>\n<p class=\"voc-p\" style=\"\">Para la ministra de Hacienda, Mar\u00eda Jes\u00fas Montero, el sistema <strong>\u00abno puede basarse en que es gratis pedir <\/strong> &#8230; <strong>y es reprochable no dar\u00bb<\/strong> por lo que \u00absi uno necesita m\u00e1s tuene que estar dispuesto a apoyar al que toma medidas para que tenga m\u00e1s\u00bb. Este planetamiento abre la puerta, como ha informado este diario, que se <a href=\"https:\/\/www.abc.es\/economia\/montero-plantea-financiacion-autonomica-penalice-ccaa-bajen-20251117201210-nt.html\" title=\"www.abc.es\" data-voc-vtm-id=\"in-text-traffic\" data-mrf-link=\"www.abc.es\" rel=\"nofollow noopener\" target=\"_blank\">penalice a las comunidades aut\u00f3nomas<\/a> que bajen impuestos.<\/p>\n<p class=\"voc-p\" style=\"\">De esta manera, la ministra ha aludido a que no se pierda competitividad y a la <strong>corresponsabilidad fiscal<\/strong> para sostener este nuevo sistema. Ademas insisti\u00f3 en que ninguna comunidad tendr\u00eda que salir perjudicada por los cambios pr\u00f3ximos.<\/p>\n<p>\nCarlos Herrera, contundente sobre el nuevo sistema de financiaci\u00f3n\n<\/p>\n<p class=\"voc-p\" style=\"\">Este nuevo sistema de financiaci\u00f3n ha generado tambi\u00e9n algunos debates sobre la mayor o menor idoneidad del sistema. Entre quienes han expesado su opini\u00f3n se encuentra el periodista <strong>Carlos Herrera<\/strong>, quien ha dedicado una breves palabras al final de su mon\u00f3logo en <a href=\"https:\/\/www.cope.es\/programas\/herrera-en-cope\/monologo-de-las-8-de-herrera\/monologos\/herrera-sistema-quiere-poner-marcha-maria-jesus-montero-resume-facil-dinero-cataluna-multas-madrid-20251118_3254009.html\" title=\"www.cope.es\" data-voc-vtm-id=\"in-text-traffic\" data-mrf-link=\"www.cope.es\" rel=\"nofollow noopener\" target=\"_blank\">&#8216;Herrera en COPE&#8217;<\/a>.<\/p>\n<p class=\"voc-p\" style=\"\">Para el presentador, se trata de un <strong>\u00absistema de financiaci\u00f3n bilateral y multilateral, solidario e insolidario\u00bb<\/strong> que \u00abse resume muy f\u00e1cil\u00bb. Herrera considera que consistir\u00e1 en <strong>\u00abm\u00e1s dinero para Catalu\u00f1a y multas para Madrid. Y ya est\u00e1\u00bb<\/strong>.<\/p>\n<p class=\"voc-p\" style=\"\">\u00abLo dem\u00e1s ya veremos c\u00f3mo lo solventamos\u00bb, ha opinado, al tiempo que ha zanjado con estas palabras su editorial de este martes.<\/p>\n<p class=\"voc-p\" style=\"\">Adem\u00e1s de estas breves palabras sobre el sistema de financiaci\u00f3n que se empieza a dibujar, Herrera se ha referido a los supuestos casos de corrupci\u00f3n que rodean al PSOE, esta vez, sobre la trama Leire D\u00edez, conocida como la &#8216;fontanera de Ferraz&#8217; y el empresario P\u00e9rez Dolset cuyas defensas pidieron la nulidad de las grabaciones.<\/p>\n<p>\nArt\u00edculo solo para suscriptores\n<\/p>\n<p>Reportar un error<\/p>\n","protected":false},"excerpt":{"rendered":"Hacienda trabaja en un nuevo sistema de financiaci\u00f3n que plantear\u00e1 en unos tres meses y que \u00abreconocer\u00e1 las&hellip;\n","protected":false},"author":2,"featured_media":242713,"comment_status":"","ping_status":"","sticky":false,"template":"","format":"standard","meta":{"footnotes":""},"categories":[8],"tags":[24891,17,18,415,346,25,24,13,14,6861,11,2140,5782,19,20,205,1932,2466,8671,9,10,15,16,524,7019,23,12,21,22],"class_list":{"0":"post-242712","1":"post","2":"type-post","3":"status-publish","4":"format-standard","5":"has-post-thumbnail","7":"category-espana","8":"tag-autonomica","9":"tag-breaking-news","10":"tag-breakingnews","11":"tag-carlos","12":"tag-contundente","13":"tag-es","14":"tag-espana","15":"tag-featured-news","16":"tag-featurednews","17":"tag-financiacion","18":"tag-headlines","19":"tag-herrera","20":"tag-jesus","21":"tag-latest-news","22":"tag-latestnews","23":"tag-madrid","24":"tag-maria","25":"tag-montero","26":"tag-multas","27":"tag-news","28":"tag-noticias","29":"tag-noticias-destacadas","30":"tag-noticiasdestacadas","31":"tag-nuevo","32":"tag-sistema","33":"tag-spain","34":"tag-titulares","35":"tag-ultimas-noticias","36":"tag-ultimasnoticias"},"share_on_mastodon":{"url":"https:\/\/pubeurope.com\/@es\/115570696851675490","error":""},"_links":{"self":[{"href":"https:\/\/www.europesays.com\/es\/wp-json\/wp\/v2\/posts\/242712","targetHints":{"allow":["GET"]}}],"collection":[{"href":"https:\/\/www.europesays.com\/es\/wp-json\/wp\/v2\/posts"}],"about":[{"href":"https:\/\/www.europesays.com\/es\/wp-json\/wp\/v2\/types\/post"}],"author":[{"embeddable":true,"href":"https:\/\/www.europesays.com\/es\/wp-json\/wp\/v2\/users\/2"}],"replies":[{"embeddable":true,"href":"https:\/\/www.europesays.com\/es\/wp-json\/wp\/v2\/comments?post=242712"}],"version-history":[{"count":0,"href":"https:\/\/www.europesays.com\/es\/wp-json\/wp\/v2\/posts\/242712\/revisions"}],"wp:featuredmedia":[{"embeddable":true,"href":"https:\/\/www.europesays.com\/es\/wp-json\/wp\/v2\/media\/242713"}],"wp:attachment":[{"href":"https:\/\/www.europesays.com\/es\/wp-json\/wp\/v2\/media?parent=242712"}],"wp:term":[{"taxonomy":"category","embeddable":true,"href":"https:\/\/www.europesays.com\/es\/wp-json\/wp\/v2\/categories?post=242712"},{"taxonomy":"post_tag","embeddable":true,"href":"https:\/\/www.europesays.com\/es\/wp-json\/wp\/v2\/tags?post=242712"}],"curies":[{"name":"wp","href":"https:\/\/api.w.org\/{rel}","templated":true}]}}