{"id":242717,"date":"2025-11-18T12:33:11","date_gmt":"2025-11-18T12:33:11","guid":{"rendered":"https:\/\/www.europesays.com\/es\/242717\/"},"modified":"2025-11-18T12:33:11","modified_gmt":"2025-11-18T12:33:11","slug":"asi-sera-la-durisima-ultima-etapa-de-la-itzulia-2026-emboscadas-seis-puertos-y-final-en-bergara","status":"publish","type":"post","link":"https:\/\/www.europesays.com\/es\/242717\/","title":{"rendered":"As\u00ed ser\u00e1 la dur\u00edsima \u00faltima etapa de la Itzulia 2026: emboscadas, seis puertos y final en Bergara"},"content":{"rendered":"<p>Bergara ser\u00e1 el escenario donde finalice la Itzulia 2026 con una etapa que saldr\u00e1 desde la empresa Goizper, en Antzuola para recorrer 133,7 kil\u00f3metros  &#8230; en los que el pelot\u00f3n deber\u00e1 hacer frente a un desnivel positivo de +3.000 metros. El trazado forma un circuito con doble paso por Gorla y Azkarate y la subida a Asentzio por dos vertientes diferentes. El anuncio se ha realizado en un acto con representantes de los ayuntamientos de Bergara y Antzuola, la empresa Goizper, el club Lokatza ZE -que cumplir\u00e1 50 a\u00f1os desde su fundaci\u00f3n en 2026- y el presidente de OCETA, Javier Ria\u00f1o. <\/p>\n<p class=\"v-p\">La etapa entre Antzuola y Bergara, que vuelve a ser final de etapa m\u00e1s de dos d\u00e9cadas despu\u00e9s, incluir\u00e1 seis puertos de monta\u00f1a: Asentzio (3\u00aa categor\u00eda), Gorla (2\u00aa categor\u00eda), Azkarate (3\u00aa categor\u00eda), Gorla (2\u00aa categor\u00eda), Azkarate (3\u00aa categor\u00eda) y Asentzio (2\u00aa categor\u00eda). El recorrido finalizar\u00e1 en el centro urbano de Bergara, en Matxiategi Kalea. <\/p>\n<p><img decoding=\"async\" loading=\"lazy\" src=\"https:\/\/www.europesays.com\/es\/wp-content\/uploads\/2025\/11\/perfil.jpg\" class=\"v-a-img\" width=\"650\" height=\"455\" alt=\"Perfil de la \u00faltima etapa.\" data-voc-vtm-id=\"in-text-traffic\"\/><\/p>\n<p>Perfil de la \u00faltima etapa.<\/p>\n<p>OCETA<\/p>\n<p><img loading=\"lazy\" decoding=\"async\" src=\"https:\/\/www.europesays.com\/es\/wp-content\/uploads\/2025\/11\/perfil.jpg\" class=\"v-mdl__img-z\" width=\"1920\" height=\"1344\" alt=\"\"\/><\/p>\n<p class=\"v-p\">Javier Ria\u00f1o, presidente de OCETA ha cerrado el acto analizando el recorrido y comentando que, \u00abla Itzulia debe ir cambiando el formato y probando cosas nuevas, dando opciones a otras localidades para ser inicio o final de Itzulia. Venir a Bergara es un gran aliciente para la carrera deportivamente y en lo social\u00bb.<\/p>\n<p class=\"v-p\">Bergara ha formado parte en distintas ocasiones del recorrido de la Itzulia y de la antigua Euskal Bizikleta. La \u00faltima llegada y salida en Bergara fue los d\u00edas 5 y 6 de abril de 2004, durante la Itzulia con dos etapas (Bergara-Bergara de 139 km y Bergara-Zalla). <\/p>\n<p class=\"v-p\">Tras la fusi\u00f3n de la Euskal Bizikleta con la Itzulia en 2009, la carrera no hab\u00eda vuelto a tener salida o llegada en Bergara, aunque s\u00ed ha transitado por su entorno en varias ediciones posteriores. <\/p>\n","protected":false},"excerpt":{"rendered":"Bergara ser\u00e1 el escenario donde finalice la Itzulia 2026 con una etapa que saldr\u00e1 desde la empresa Goizper,&hellip;\n","protected":false},"author":2,"featured_media":242718,"comment_status":"","ping_status":"","sticky":false,"template":"","format":"standard","meta":{"footnotes":""},"categories":[273],"tags":[3076,62346,313,312,168,62345,25,24,314,1058,52749,23,167,1885],"class_list":{"0":"post-242717","1":"post","2":"type-post","3":"status-publish","4":"format-standard","5":"has-post-thumbnail","7":"category-ciclismo","8":"tag-3076","9":"tag-bergara","10":"tag-ciclismo","11":"tag-cycling","12":"tag-deportes","13":"tag-durisima","14":"tag-es","15":"tag-espana","16":"tag-etapa","17":"tag-final","18":"tag-itzulia","19":"tag-spain","20":"tag-sports","21":"tag-ultima"},"share_on_mastodon":{"url":"https:\/\/pubeurope.com\/@es\/115570724570265194","error":""},"_links":{"self":[{"href":"https:\/\/www.europesays.com\/es\/wp-json\/wp\/v2\/posts\/242717","targetHints":{"allow":["GET"]}}],"collection":[{"href":"https:\/\/www.europesays.com\/es\/wp-json\/wp\/v2\/posts"}],"about":[{"href":"https:\/\/www.europesays.com\/es\/wp-json\/wp\/v2\/types\/post"}],"author":[{"embeddable":true,"href":"https:\/\/www.europesays.com\/es\/wp-json\/wp\/v2\/users\/2"}],"replies":[{"embeddable":true,"href":"https:\/\/www.europesays.com\/es\/wp-json\/wp\/v2\/comments?post=242717"}],"version-history":[{"count":0,"href":"https:\/\/www.europesays.com\/es\/wp-json\/wp\/v2\/posts\/242717\/revisions"}],"wp:featuredmedia":[{"embeddable":true,"href":"https:\/\/www.europesays.com\/es\/wp-json\/wp\/v2\/media\/242718"}],"wp:attachment":[{"href":"https:\/\/www.europesays.com\/es\/wp-json\/wp\/v2\/media?parent=242717"}],"wp:term":[{"taxonomy":"category","embeddable":true,"href":"https:\/\/www.europesays.com\/es\/wp-json\/wp\/v2\/categories?post=242717"},{"taxonomy":"post_tag","embeddable":true,"href":"https:\/\/www.europesays.com\/es\/wp-json\/wp\/v2\/tags?post=242717"}],"curies":[{"name":"wp","href":"https:\/\/api.w.org\/{rel}","templated":true}]}}