{"id":242723,"date":"2025-11-18T12:37:09","date_gmt":"2025-11-18T12:37:09","guid":{"rendered":"https:\/\/www.europesays.com\/es\/242723\/"},"modified":"2025-11-18T12:37:09","modified_gmt":"2025-11-18T12:37:09","slug":"belinda-washington-tenemos-que-dejar-de-compararnos-y-volver-a-ser-autenticos","status":"publish","type":"post","link":"https:\/\/www.europesays.com\/es\/242723\/","title":{"rendered":"Belinda Washington: \u00abTenemos que dejar de compararnos y volver a ser aut\u00e9nticos\u00bb"},"content":{"rendered":"<p class=\"prip\">\u201cPens\u00e9 que se hab\u00edan equivocado\u201d. Con una humildad que desarma, <strong>Belinda Washington ha reaccionado as\u00ed cuando le preguntamos por el \u2018Caballo de Honor\u2019 del Certamen Internacional de Cortos de Soria, que recibir\u00eda horas m\u00e1s tarde<\/strong>. En una conversaci\u00f3n con Soria Noticias, la polifac\u00e9tica actriz, galardonada por sus 27 a\u00f1os de trayectoria, se ha deshecho en elogios hacia el festival y una provincia que, seg\u00fan ha confesado, le ha ense\u00f1ado que la verdadera riqueza no est\u00e1 en las luces de la gran ciudad, sino en la \u00abautenticidad de la tierra\u00bb.<\/p>\n<p>El premio ha supuesto para ella \u201cun honor, un privilegio\u201d, no solo por el reconocimiento a su carrera, sino por el lugar y las personas que lo otorgan. \u201cQue sea en Soria, por la gente que est\u00e1 detr\u00e1s y que he conocido estos d\u00edas, le da mucho valor\u201d, ha explicado con gratitud. Lejos de verlo como un punto final, lo ha asumido como un nuevo comienzo, un compromiso: \u201c<strong>Espero ser una buena embajadora del Certamen, del festival, y traeros mucha suerte para que esto siga, por supuesto, 27 o 60 a\u00f1os m\u00e1s<\/strong>\u201d.<\/p>\n<p>La actriz no ha ocultado su asombro por la dimensi\u00f3n y la calidad del Certamen soriano. Ha destacado la enorme variedad de actividades que lo rodean, desde el baile o el \u201cimpresionante\u201d concierto de bandas sonoras que pudo disfrutar el viernes. Para Washington, el festival tiene \u201c<strong>much\u00edsimo m\u00e9rito, una trayectoria muy larga, una buena historia y much\u00edsimo asentamiento dentro del mundo del cine<\/strong>\u201d.<\/p>\n<p>Una Soria que rompe t\u00f3picos<\/p>\n<p>M\u00e1s all\u00e1 del festival, Belinda Washington se ha llevado una impresi\u00f3n profunda de la provincia, a pesar de un peque\u00f1o contratiempo inicial: \u201cHe hecho la maleta fatal, porque no me he tra\u00eddo casi abrigo\u201d, ha admitido entre risas, recordando el fr\u00edo \u201cquir\u00fargico\u201d de Soria. Sin embargo, el calor humano ha compensado con creces las bajas temperaturas. La actriz ha querido desmontar uno de los t\u00f3picos m\u00e1s arraigados sobre sus gentes: \u201c<strong>Eso de la sequedad soriana es mentira, que la gente sea \u00e1spera no es verdad<\/strong>\u201d. Su experiencia ha estado marcada por peque\u00f1os detalles que revelan el car\u00e1cter de la tierra, como el sorprendente desayuno que le sirvieron en su hotel: \u201c\u00bfSabes lo que nos hemos desayunado esta ma\u00f1ana? Unas l\u00e1minas, ag\u00e1rrate, l\u00e1minas de torrecitos\u201d, ha relatado con entusiasmo. Para ella, Soria es una \u201c<strong>ciudad con tant\u00edsima historia al lado del Duero\u201d que merece ser descubierta sin prejuicios<\/strong>.<\/p>\n<p>En este sentido, ha defendido el papel de los festivales como un \u201caltavoz\u201d para dar a conocer la riqueza de lugares que a menudo son ignorados o etiquetados injustamente. Ha recordado la an\u00e9cdota del rodaje de \u2018<a href=\"https:\/\/sorianoticias.com\/noticia\/2025-04-18-sabias-que-soria-triunfo-en-la-gala-de-los-oscar-120094\" target=\"_blank\" rel=\"noopener noopener  noreferrer nofollow\" title=\"Ir a: https:\/\/sorianoticias.com\/noticia\/2025-04-18-sabias-que-soria-triunfo-en-la-gala-de-los-oscar-120094\">Doctor Zhivago<\/a>\u2019, cuando la falta de nieve se solucion\u00f3 gracias a que los vecinos sacaron sus propias s\u00e1banas. \u201cAlgo habr\u00e1n visto en Soria, algo habr\u00e1n visto que no se ve por ah\u00ed\u201d, ha reflexionado, subrayando la necesidad de potenciar las diferencias y la identidad local frente a la uniformidad de la globalizaci\u00f3n: \u201c<strong>Tenemos que dejar de compararnos y potenciar esas diferencias que hay, y potenciar la riqueza de cada sitio. Hay que volver a ser aut\u00e9nticos<\/strong>\u201d.<\/p>\n<p>\u201cEn las ciudades somos unos catetos para la supervivencia\u201d<\/p>\n<p>La estancia en Soria ha servido a la actriz para reafirmar una de sus convicciones m\u00e1s profundas: la superioridad de la vida rural frente al ritmo fren\u00e9tico de las grandes urbes. Con una contundencia que invita a la reflexi\u00f3n, ha afirmado que la gente de los pueblos posee \u201cherramientas brutales\u201d para la vida. \u201c<strong>En las ciudades somos unos catetos. Catetos para la supervivencia, catetos para vivir en un h\u00e1bitat, a veces, entre comillas, hostil<\/strong>\u201d, ha sentenciado.<\/p>\n<p>Washington ha descrito su sue\u00f1o futuro de \u201c<strong>vivir en un pueblo, vivir de la paz del pueblo, de esa tranquilidad, de saber subsistir con lo que te da la tierra, con el contacto con la naturaleza<\/strong>\u201d. Para ella, \u201cesa es la verdadera riqueza. No es estar en una ciudad donde cada vez deseas m\u00e1s\u201d. Citando a Rosal\u00eda, ha hecho un alegato contra el deseo constante que define la sociedad moderna, un anhelo que \u201cnunca tiene fin\u201d. Esta filosof\u00eda se refleja en una carrera profesional que ella misma define como \u201cmultitask\u201d. Desde su reciente participaci\u00f3n en series como \u20184 estrellas\u2019 hasta retos teatrales como interpretar a Bernarda Alba, pasando por la pintura o la docencia, Washington hace \u201ctodo lo que me hace feliz\u201d. Ha recordado sus inicios como dependienta mientras estudiaba Derecho y ha asegurado que no tendr\u00eda problema en volver a ello: <strong>\u201cTodos los trabajos son honrados<\/strong>\u201d.<\/p>\n<p>El legado: \u201cTrabajo, humildad y pasi\u00f3n\u201d<\/p>\n<p>Al ser preguntada por el legado que le gustar\u00eda dejar, Belinda Washington ha aparcado cualquier atisbo de divismo. Su primer deseo es \u201c<strong>que los egos siempre est\u00e1n domesticados, que es lo m\u00e1s importante en cualquier profesi\u00f3n, pero m\u00e1s en esta, en la que hay tantas luces y sombras<\/strong>\u201d. La clave, ha insistido, es mantener siempre los pies en el suelo, \u201cla toma a tierra\u201d.<\/p>\n<p>Su mensaje final, especialmente dirigido a los j\u00f3venes que empiezan, se resume en tres palabras que, para ella, son la llave maestra del \u00e9xito y la realizaci\u00f3n personal: \u201c<strong>Que sigan so\u00f1ando con trabajo, humildad y pasi\u00f3n<\/strong>. Esas 3 palabras, como le digo a mis alumnos cuando doy clases de interpretaci\u00f3n, son las que te van a abrir todas las vueltas. Siempre, humildad, aunque te den 1000 premios, humildad. Trabajo es el motor y mucha, mucha pasi\u00f3n\u201d. Un legado de autenticidad y esfuerzo, reflejado en la tierra soriana que ahora la honra.<\/p>\n","protected":false},"excerpt":{"rendered":"\u201cPens\u00e9 que se hab\u00edan equivocado\u201d. Con una humildad que desarma, Belinda Washington ha reaccionado as\u00ed cuando le preguntamos&hellip;\n","protected":false},"author":2,"featured_media":242724,"comment_status":"","ping_status":"","sticky":false,"template":"","format":"standard","meta":{"footnotes":""},"categories":[174],"tags":[255,146,147,25,24,256,16248,6436,246,23],"class_list":{"0":"post-242723","1":"post","2":"type-post","3":"status-publish","4":"format-standard","5":"has-post-thumbnail","7":"category-famosos","8":"tag-celebrities","9":"tag-entertainment","10":"tag-entretenimiento","11":"tag-es","12":"tag-espana","13":"tag-famosos","14":"tag-nieve","15":"tag-provincia","16":"tag-soria","17":"tag-spain"},"share_on_mastodon":{"url":"https:\/\/pubeurope.com\/@es\/115570740236113845","error":""},"_links":{"self":[{"href":"https:\/\/www.europesays.com\/es\/wp-json\/wp\/v2\/posts\/242723","targetHints":{"allow":["GET"]}}],"collection":[{"href":"https:\/\/www.europesays.com\/es\/wp-json\/wp\/v2\/posts"}],"about":[{"href":"https:\/\/www.europesays.com\/es\/wp-json\/wp\/v2\/types\/post"}],"author":[{"embeddable":true,"href":"https:\/\/www.europesays.com\/es\/wp-json\/wp\/v2\/users\/2"}],"replies":[{"embeddable":true,"href":"https:\/\/www.europesays.com\/es\/wp-json\/wp\/v2\/comments?post=242723"}],"version-history":[{"count":0,"href":"https:\/\/www.europesays.com\/es\/wp-json\/wp\/v2\/posts\/242723\/revisions"}],"wp:featuredmedia":[{"embeddable":true,"href":"https:\/\/www.europesays.com\/es\/wp-json\/wp\/v2\/media\/242724"}],"wp:attachment":[{"href":"https:\/\/www.europesays.com\/es\/wp-json\/wp\/v2\/media?parent=242723"}],"wp:term":[{"taxonomy":"category","embeddable":true,"href":"https:\/\/www.europesays.com\/es\/wp-json\/wp\/v2\/categories?post=242723"},{"taxonomy":"post_tag","embeddable":true,"href":"https:\/\/www.europesays.com\/es\/wp-json\/wp\/v2\/tags?post=242723"}],"curies":[{"name":"wp","href":"https:\/\/api.w.org\/{rel}","templated":true}]}}