{"id":242725,"date":"2025-11-18T12:38:16","date_gmt":"2025-11-18T12:38:16","guid":{"rendered":"https:\/\/www.europesays.com\/es\/242725\/"},"modified":"2025-11-18T12:38:16","modified_gmt":"2025-11-18T12:38:16","slug":"como-arquitecto-a-las-10-de-la-manana-debes-ser-un-poeta-a-las-11-un-humanista-y-al-medio-dia-un-constructor","status":"publish","type":"post","link":"https:\/\/www.europesays.com\/es\/242725\/","title":{"rendered":"Como arquitecto, a las 10 de la ma\u00f1ana debes ser un poeta, a las 11 un humanista y al medio d\u00eda un constructor"},"content":{"rendered":"<p>La arquitectura, para el italiano Renzo Piano, es mucho m\u00e1s que el arte de construir. <strong>Es una forma de tejer v\u00ednculos entre personas, de materializar cambios sociales, de narrar qui\u00e9nes somos y de imaginar qui\u00e9nes podr\u00edamos llegar a ser.<\/strong> Cada edificio es una aventura colectiva en la que participan trabajadores, espacio y habitantes, bajo el manto de la creatividad y con la responsabilidad social siempre en mente. Desde esa mirada humanista, Piano entiende que la arquitectura debe <strong>despertar curiosidad, <a href=\"https:\/\/www.arquitecturaydiseno.es\/arquitectura\/disenar-empatia-como-arquitectura-puede-transformar-comunidades_11169\" rel=\"nofollow noopener\" target=\"_blank\">generar comunidad<\/a> y ofrecer belleza: una belleza que no es superficial, sino una fuerza capaz de transformar el mundo.<\/strong><\/p>\n<p>El centro Pompidou, canalizador de la filosof\u00eda de Piano<\/p>\n<p>Un edificio es la mejor forma de crear un sentido de cooperaci\u00f3n: es por eso que, en su alma, debe quedar impregnada la idea de comunidad. <a href=\"https:\/\/www.arquitecturaydiseno.es\/arquitectura\/andres-marino-diseno-espanol-pompidou-me-encantaria-ver-que-disenos-que-hice-aguantan-bien-estos-anos-y-se-reutilizan_12652\" rel=\"nofollow noopener\" target=\"_blank\">El centro Pompidou<\/a>, situado en el coraz\u00f3n de Par\u00eds, fue un concepto del arquitecto italiano junto al brit\u00e1nico Richard Rogerds, basado en una misma filosof\u00eda: los<a href=\"https:\/\/www.arquitecturaydiseno.es\/arquitectura\/exaltados-por-nuevo-y-enamorados-viejo-museos-que-renuevan-edificios-historicos_11858\" rel=\"nofollow noopener\" target=\"_blank\"> edificios culturales<\/a> no deben resultar intimidantes. <strong>\u00abNuestra idea era un museo que inspirara curiosidad, no que intimidara a las personas, y que abriera la cultura a todos<\/strong>&#8230; Nuestro credo era un lugar para todas las personas: para ricos y pobres, j\u00f3venes y mayores\u201d, afirma Piano. Es precisamente en esta semilla de curiosidad donde nace la actitud cultural.<\/p>\n<p>&#13;<img loading=\"lazy\" decoding=\"async\"   src=\"https:\/\/www.europesays.com\/es\/wp-content\/uploads\/2025\/11\/centro-pompidou_b47fec6d_251117171728_1080x444.webp.webp\" alt=\"Centro Pompidou\" class=\"lazyload\" width=\"1080\" height=\"444\" data-aspectratio=\"1080\/444\"\/><\/p>\n<p>Sede francesa del\u00a0Centro Pompidou.<\/p>\n<p>&#13;Michel Denanc\u00e9 para Renzo Piano Building Workshop<\/p>\n<p>La piazza que se sit\u00faa delante de las puertas es, adem\u00e1s, s\u00edmbolo del espacio en el que comienza la vida humana: el lugar en el que la gente se mezcla, comparte experiencias, edades; donde, en definitiva, <strong>se crea la esencia de la ciudad<\/strong>. Este proyecto revolucion\u00f3 el concepto de museo abierto y urbano, convirtiendo el edificio en un organismo vivo, donde la estructura y las instalaciones se muestran sin complejos, invitando a la participaci\u00f3n.<\/p>\n<p>Ah\u00ed entra en juego la versi\u00f3n m\u00e1s humanista del arquitecto a la que hace referencia Piano cuando afirma que <strong>\u00abComo arquitecto, a las 10 de la ma\u00f1ana debes ser un poeta, a las 11 un humanista y al medio d\u00eda un constructor\u00bb.<\/strong><\/p>\n<p><a href=\"https:\/\/www.arquitecturaydiseno.es\/decoracion\/lourdes-trevino-arquitecta-esta-casa-llegamos-a-tener-22-c-constantes-pleno-invierno-sin-encender-calefaccion_12694\" data-ga4_event=\"custom_event\" data-ga4_event_name=\"click_intext\" data-ga4_link_url=\"https:\/\/www.arquitecturaydiseno.es\/decoracion\/lourdes-trevino-arquitecta-esta-casa-llegamos-a-tener-22-c-constantes-pleno-invierno-sin-encender-calefaccion_12694\" data-ga4_link_text=\"esta_casa_llega_a_tener_22_\u00bac_constantes_en_pleno_invierno_sin_encender_calefaccion\" data-ga4_content_type=\"photo\" data-ga4_element=\"related\" rel=\"nofollow noopener\" target=\"_blank\">&#13;&#13;<img loading=\"lazy\" decoding=\"async\" src=\"https:\/\/www.europesays.com\/es\/wp-content\/uploads\/2025\/11\/salon-villa-dana_47546e06_251118114947_600x600.webp.webp\" alt=\"salo\u0301n villa dana\" class=\"lazyload\" width=\"600\" height=\"600\" data-aspectratio=\"600\/600\"\/>&#13;&#13;<\/p>\n<p class=\"epigraph\">&#13;Noticia relacionada<\/p>\n<p class=\"title\">Esta casa llega a tener 22 \u00baC constantes en pleno invierno sin encender calefacci\u00f3n<\/p>\n<p><\/a>La arquitectura al servicio del planeta y de sus habitantes<\/p>\n<p>En la Academia de Ciencias de California, otro de sus principales proyectos, la tecnolog\u00eda se usa a favor de la sostenibilidad. \u201cPlantamos en ese techo miles y miles de plantas que usan la humedad del aire, en lugar de bombear agua de la capa fre\u00e1tica\u201d, explica Piano en un coloquio para la plataforma TED, <strong>\u201cEl techo es un edificio vivo: es un lugar para la gente que se mantendr\u00e1 vivo durante mucho tiempo\u201d<\/strong>. Ese paisaje verde, que se funde con el parque que la rodea, no solo regula la temperatura natural del edificio, sino que tambi\u00e9n fomenta la biodiversidad, algo determinante para su<strong> certificaci\u00f3n Platinum LEED<\/strong>.<\/p>\n<p>&#13;<img loading=\"lazy\" decoding=\"async\"   src=\"https:\/\/www.europesays.com\/es\/wp-content\/uploads\/2025\/11\/centros-de-renzo-piano_6f253e1b_251117171806_1748x1240.webp.webp\" alt=\"Centros de Renzo Piano\" class=\"lazyload\" width=\"1748\" height=\"1240\" data-aspectratio=\"1748\/1240\"\/><\/p>\n<p>A la izquierda,\u00a0Fundaci\u00f3n Niarchos, en Atenas. A la derecha,\u00a0Academia de Ciencias de California.<\/p>\n<p>&#13;Miche D\u00e9nance y Tim Griffiths para Renzo Piano Building Workshop<br \/>\n <a href=\"https:\/\/www.arquitecturaydiseno.es\/arquitectura\/mejor-edificio-mundo-2025-iglesia-tenerife-santisimo-redentor-chumberas_12684\" data-ga4_event=\"custom_event\" data-ga4_event_name=\"click_intext\" data-ga4_link_url=\"https:\/\/www.arquitecturaydiseno.es\/arquitectura\/mejor-edificio-mundo-2025-iglesia-tenerife-santisimo-redentor-chumberas_12684\" data-ga4_link_text=\"la_nueva_joya_arquitectonica_de_tenerife_una_iglesia_gana_el_premio_al_mejor_edificio_del_ano\" data-ga4_content_type=\"photo\" data-ga4_element=\"related\" rel=\"nofollow noopener\" target=\"_blank\">&#13;&#13;<img loading=\"lazy\" decoding=\"async\" src=\"https:\/\/www.europesays.com\/es\/wp-content\/uploads\/2025\/11\/01-hero-the-holy-redeemer-church-and-community-centre-of-las-chumberas-by-fernando-menis--roland-hal.webp\" alt=\"01 HERO The Holy Redeemer Church and Community Centre of Las Chumberas by Fernando Menis \u00a9 Roland Halbe\" class=\"lazyload\" width=\"600\" height=\"600\" data-aspectratio=\"600\/600\"\/>&#13;&#13;<\/p>\n<p class=\"epigraph\">&#13;Noticia relacionada<\/p>\n<p class=\"title\">La nueva joya arquitect\u00f3nica de Tenerife: una iglesia gana el premio al Mejor Edificio del A\u00f1o<\/p>\n<p><\/a><\/p>\n<p>Dentro de esa misma categor\u00eda se encuentra la Fundaci\u00f3n Niarchos, en Atenas, a la que Piano define como \u201cuna librer\u00eda, una casa abierta, una sala de conciertos y un gran parque\u201d. <strong>Uno de los mayores m\u00e9ritos de esta obra reside, de igual manera, en el techo: est\u00e1 dise\u00f1ado para capturar la energ\u00eda solar.<\/strong> Adem\u00e1s, la suave inclinaci\u00f3n del parque hacia la cubierta convierte al edificio en un mirador p\u00fablico hacia el mar, reforzando su idea de espacio democr\u00e1tico y accesible.<\/p>\n<p>El deber del arquitecto de narrar historias<\/p>\n<p><strong>La arquitectura, como herramienta para construir un mundo mejor, pasa por proyectar espacios compartidos, abiertos, accesibles, para el disfrute de todos. <\/strong>En ese sentido, no solo responde a necesidades reales, sino que tambi\u00e9n responde a sue\u00f1os, y a la identidad de quienes lo habitan: se trata de contar historias a trav\u00e9s de la arquitectura.<\/p>\n<p>&#13;<img loading=\"lazy\" decoding=\"async\"   src=\"https:\/\/www.europesays.com\/es\/wp-content\/uploads\/2025\/11\/shard-of-glass_53249090_251117171923_800x610.webp.webp\" alt=\"Shard of Glass\" class=\"lazyload\" width=\"800\" height=\"610\" data-aspectratio=\"800\/610\"\/><\/p>\n<p>Shard of Glass, en Londres.<\/p>\n<p>&#13;           Richard Brine para RPBW<br \/>\n <a href=\"https:\/\/www.arquitecturaydiseno.es\/arquitectura\/peter-zumthor-82-anos-arquitecto-al-hacer-casa-pienso-su-sonido-mi-me-gustaba-mi-madre-cocina_12681\" data-ga4_event=\"custom_event\" data-ga4_event_name=\"click_intext\" data-ga4_link_url=\"https:\/\/www.arquitecturaydiseno.es\/arquitectura\/peter-zumthor-82-anos-arquitecto-al-hacer-casa-pienso-su-sonido-mi-me-gustaba-mi-madre-cocina_12681\" data-ga4_link_text=\"peter_zumthor_\u201cal_hacer_una_casa_pienso_en_su_sonido_como_el_de_mi_madre_en_la_cocina\" data-ga4_content_type=\"photo\" data-ga4_element=\"related\" rel=\"nofollow noopener\" target=\"_blank\">&#13;&#13;<img loading=\"lazy\" decoding=\"async\" src=\"https:\/\/www.europesays.com\/es\/wp-content\/uploads\/2025\/11\/08-peter-zumthor-vestir-relajado_00000000_251117124722_600x600.webp.webp\" alt=\"[08] Peter Zumthor, vestir relajado\" class=\"lazyload\" width=\"600\" height=\"600\" data-aspectratio=\"600\/600\"\/>&#13;&#13;<\/p>\n<p class=\"epigraph\">&#13;Noticia relacionada<\/p>\n<p class=\"title\">Peter Zumthor: \u201cAl hacer una casa, pienso en su sonido, como el de mi madre en la cocina\u00bb<\/p>\n<p><\/a><\/p>\n<p>Un buen ejemplo de ello es el Shard of Glass: se alza a m\u00e1s de 300 metros en la capital londinense y, al estar compuesto de fachadas ligeramente inclinadas, refleja el cielo de la ciudad. <strong>Piano lo concibe como un edificio que cambia con la luz, con las nubes, con las horas del d\u00eda y que dialoga con la ciudad que lo acoge.<\/strong> Es ah\u00ed donde entra la faceta m\u00e1s po\u00e9tica de la que el arquitecto nos hablaba al principio, para el cual la luz es uno de los materiales m\u00e1s esenciales a la hora de construir una narrativa. <strong>Para conseguir que el edificio tenga alma, suele servirse, adem\u00e1s, de otros elementos como el agua o, en este caso, la transparencia: el conjunto, as\u00ed, tendr\u00e1 voz.<\/strong><\/p>\n<p>&#13;<\/p>\n<p>My Player placeholder<\/p>\n<p>\u00a1Haz clic en el v\u00eddeo!<\/p>\n<p class=\"by\">RBA<\/p>\n<p>Los arquitectos ma\u0301s ico\u0301nicos que marcaron una era<\/p>\n<p>Al final, se trata de belleza: no en el concepto err\u00f3neo de frivolidad que tenemos de ella, sino todo lo contrario. <strong>Para Piano, \u201cla verdadera belleza es cuando lo invisible se une a la superficie visible\u201d.<\/strong> M\u00e1s all\u00e1 de la arquitectura, describimos a una persona como bella cuando la consideramos solidaria, abierta a los dem\u00e1s\u2026 este es el tipo de belleza por el que tiene que apostar la arquitectura porque, en palabras de Piano, \u201ces una de las pocas cosas que pueden salvar el mundo\u201d.<\/p>\n","protected":false},"excerpt":{"rendered":"La arquitectura, para el italiano Renzo Piano, es mucho m\u00e1s que el arte de construir. Es una forma&hellip;\n","protected":false},"author":2,"featured_media":242726,"comment_status":"","ping_status":"","sticky":false,"template":"","format":"standard","meta":{"footnotes":""},"categories":[173],"tags":[229,233,231,230,232,234,146,147,25,24,23],"class_list":{"0":"post-242725","1":"post","2":"type-post","3":"status-publish","4":"format-standard","5":"has-post-thumbnail","7":"category-arte-y-diseno","8":"tag-arte","9":"tag-arte-y-diseno","10":"tag-arts","11":"tag-arts-and-design","12":"tag-design","13":"tag-diseno","14":"tag-entertainment","15":"tag-entretenimiento","16":"tag-es","17":"tag-espana","18":"tag-spain"},"share_on_mastodon":{"url":"https:\/\/pubeurope.com\/@es\/115570744861829835","error":""},"_links":{"self":[{"href":"https:\/\/www.europesays.com\/es\/wp-json\/wp\/v2\/posts\/242725","targetHints":{"allow":["GET"]}}],"collection":[{"href":"https:\/\/www.europesays.com\/es\/wp-json\/wp\/v2\/posts"}],"about":[{"href":"https:\/\/www.europesays.com\/es\/wp-json\/wp\/v2\/types\/post"}],"author":[{"embeddable":true,"href":"https:\/\/www.europesays.com\/es\/wp-json\/wp\/v2\/users\/2"}],"replies":[{"embeddable":true,"href":"https:\/\/www.europesays.com\/es\/wp-json\/wp\/v2\/comments?post=242725"}],"version-history":[{"count":0,"href":"https:\/\/www.europesays.com\/es\/wp-json\/wp\/v2\/posts\/242725\/revisions"}],"wp:featuredmedia":[{"embeddable":true,"href":"https:\/\/www.europesays.com\/es\/wp-json\/wp\/v2\/media\/242726"}],"wp:attachment":[{"href":"https:\/\/www.europesays.com\/es\/wp-json\/wp\/v2\/media?parent=242725"}],"wp:term":[{"taxonomy":"category","embeddable":true,"href":"https:\/\/www.europesays.com\/es\/wp-json\/wp\/v2\/categories?post=242725"},{"taxonomy":"post_tag","embeddable":true,"href":"https:\/\/www.europesays.com\/es\/wp-json\/wp\/v2\/tags?post=242725"}],"curies":[{"name":"wp","href":"https:\/\/api.w.org\/{rel}","templated":true}]}}