{"id":242735,"date":"2025-11-18T12:44:13","date_gmt":"2025-11-18T12:44:13","guid":{"rendered":"https:\/\/www.europesays.com\/es\/242735\/"},"modified":"2025-11-18T12:44:13","modified_gmt":"2025-11-18T12:44:13","slug":"el-75-de-los-casos-de-epoc-siguen-sin-diagnosticar","status":"publish","type":"post","link":"https:\/\/www.europesays.com\/es\/242735\/","title":{"rendered":"El 75 de los casos de EPOC siguen sin diagnosticar"},"content":{"rendered":"<p>Con motivo del D\u00eda Mundial de la EPOC, que se celebra el 19 de noviembre, la Sociedad Espa\u00f1ola de Neumolog\u00eda y Cirug\u00eda Tor\u00e1cica (SEPAR) recuerda que esta enfermedad sigue siendo una de las principales causas de morbimortalidad en Espa\u00f1a y que contin\u00faa infradiagnosticada, pese a los avances en su prevenci\u00f3n &#8230;            &#13;\n        <\/p>\n<p> &#13;<br \/>\n&#13;<\/p>\n<p>Con motivo del<strong> D\u00eda Mundial de la EPOC<\/strong>, que se celebra el 19 de noviembre, la Sociedad Espa\u00f1ola de Neumolog\u00eda y Cirug\u00eda Tor\u00e1cica (SEPAR) recuerda que<strong> esta enfermedad sigue siendo una de las principales causas de morbimortalidad en Espa\u00f1a y que contin\u00faa infradiagnosticada<\/strong>, pese a los avances en su prevenci\u00f3n y tratamiento.<\/p>\n<p>Seg\u00fan el estudio EPI-SCAN II, la EPOC afecta aproximadamente al 11 % de la poblaci\u00f3n adulta entre los 40 y los 80 a\u00f1os, lo que equivale a m\u00e1s de 2,9 millones de personas. Sin embargo,<strong> cerca del 75 % de los casos no est\u00e1n diagnosticados, lo que retrasa el inicio de las medidas terap\u00e9uticas y aumenta el riesgo de deterioro progresivo de la funci\u00f3n pulmonar.<\/strong><\/p>\n<p>La patolog\u00eda se asocia principalmente al tabaquismo, aunque cada vez se identifican m\u00e1s casos en personas no fumadoras debido a la exposici\u00f3n ambiental o laboral, destacando la exposici\u00f3n a biomasa y contaminaci\u00f3n ambiental urbana como causas emergentes. En este sentido, SEPAR recuerda que <strong>la prevenci\u00f3n y el abandono del tabaco siguen siendo las estrategias m\u00e1s eficaces para evitar el desarrollo y la progresi\u00f3n de la EPOC<\/strong>.<\/p>\n<p>\u00abEl infradiagn\u00f3stico sigue siendo uno de los principales desaf\u00edos\u00bb, se\u00f1ala el <strong>Dr. Juan Marco Figueira Gon\u00e7alves,<\/strong> secretario del \u00c1rea de EPOC de SEPAR. \u00abIdentificar la enfermedad en fases iniciales es clave para intervenir precozmente, frenar el deterioro funcional y, en los casos sintom\u00e1ticos, reducir exacerbaciones y mejorar la calidad de vida. Para lograrlo, resulta fundamental impulsar la realizaci\u00f3n de espirometr\u00edas y reforzar los programas de detecci\u00f3n precoz\u00bb, a\u00f1ade.<\/p>\n<p> &#13;<br \/>\n&#13;<\/p>\n<p>Por su parte, la <strong>Dra. Antonia Oca\u00f1a Padilla, <\/strong>m\u00e9dico de familia y vocal de comunicaci\u00f3n de SEPAR se\u00f1ala que \u00abes importante que todas las especialidades m\u00e9dicas incorporen la espirometr\u00eda en la evaluaci\u00f3n de los pacientes fumadores o exfumadores, y que la poblaci\u00f3n conozca y demande esta prueba a su m\u00e9dico. La detecci\u00f3n precoz de las enfermedades respiratorias debe entenderse como una responsabilidad compartida entre todos los profesionales sanitarios y la ciudadan\u00eda\u00bb.<\/p>\n<p><strong>Innovaci\u00f3n, clave en el abordaje de la EPOC<\/strong><\/p>\n<p>En los \u00faltimos a\u00f1os, <strong>el manejo de la EPOC ha experimentado importantes avances<\/strong>. La investigaci\u00f3n en terapias biol\u00f3gicas dirigida a subtipos espec\u00edficos de la enfermedad, como la EPOC eosinof\u00edlica, est\u00e1 abriendo nuevas v\u00edas hacia un abordaje m\u00e1s personalizado y eficaz. Adem\u00e1s, el desarrollo de nuevos broncodilatadores y combinaciones de acci\u00f3n prolongada contribuye a un mejor control de los s\u00edntomas respiratorios.<\/p>\n<p>La innovaci\u00f3n tambi\u00e9n alcanza a los dispositivos de administraci\u00f3n inhalada, con tecnolog\u00edas m\u00e1s sostenibles que incorporan propelentes de bajo impacto ambiental, reduciendo la huella de carbono y favoreciendo una transici\u00f3n progresiva hacia tratamientos m\u00e1s sostenibles, sin comprometer la eficacia ni la adherencia terap\u00e9utica. \u00abLa EPOC no solo plantea un reto sanitario, sino tambi\u00e9n medioambiental. La transici\u00f3n hacia inhaladores con menor impacto en el medio ambiente demuestra que es posible avanzar en salud respiratoria de manera responsable y sostenible\u00bb, destaca el Dr. Figueira.<\/p>\n<p>A pesar de los avances farmacol\u00f3gicos, <strong>los especialistas insisten en que el manejo de la EPOC requiere un abordaje integral que combine tratamiento farmacol\u00f3gico y medidas no farmacol\u00f3gicas<\/strong>. La rehabilitaci\u00f3n pulmonar, el ejercicio f\u00edsico regular, la vacunaci\u00f3n preventiva y el seguimiento cl\u00ednico peri\u00f3dico son pilares esenciales para mejorar la calidad de vida y reducir hospitalizaciones.<\/p>\n<p>Asimismo, SEPAR promueve un modelo de atenci\u00f3n centrado en el paciente que aboga por un abordaje integral y multidimensional. Este enfoque adapta el tratamiento a las caracter\u00edsticas individuales de cada persona, fomenta la coordinaci\u00f3n entre niveles asistenciales y refuerza la educaci\u00f3n sanitaria y la adherencia terap\u00e9utica.<\/p>\n<p>\u00abLa EPOC es prevenible, tratable y controlable. Para lograrlo, necesitamos diagn\u00f3stico precoz, incorporaci\u00f3n de los avances terap\u00e9uticos y una atenci\u00f3n centrada en la persona. Cada paciente cuenta\u00bb, concluye el Dr. Figueira Gon\u00e7alves.<\/p>\n","protected":false},"excerpt":{"rendered":"Con motivo del D\u00eda Mundial de la EPOC, que se celebra el 19 de noviembre, la Sociedad Espa\u00f1ola&hellip;\n","protected":false},"author":2,"featured_media":242736,"comment_status":"","ping_status":"","sticky":false,"template":"","format":"standard","meta":{"footnotes":""},"categories":[92],"tags":[1075,11127,858,20248,6525,11100,978,9810,2996,14808,25,12510,24,3341,7116,59659,21051,165,62347,61721,8361,737,446,1070,4233,7292,7984,29222,166,50139,48832,1262,7768,23],"class_list":{"0":"post-242735","1":"post","2":"type-post","3":"status-publish","4":"format-standard","5":"has-post-thumbnail","7":"category-salud","8":"tag-abordaje","9":"tag-aseguran","10":"tag-casos","11":"tag-desafios","12":"tag-deteccion","13":"tag-deterioro","14":"tag-dia","15":"tag-diagnosticar","16":"tag-enfermedad","17":"tag-epoc","18":"tag-es","19":"tag-esencial","20":"tag-espana","21":"tag-fases","22":"tag-frenar","23":"tag-funcional","24":"tag-hacer","25":"tag-health","26":"tag-infradiagnostico","27":"tag-iniciales","28":"tag-intervencion","29":"tag-marco","30":"tag-mayores","31":"tag-mundial","32":"tag-poder","33":"tag-precoz","34":"tag-realizar","35":"tag-recuerdan","36":"tag-salud","37":"tag-separ","38":"tag-siendo","39":"tag-sigue","40":"tag-siguen","41":"tag-spain"},"share_on_mastodon":{"url":"https:\/\/pubeurope.com\/@es\/115570767667309730","error":""},"_links":{"self":[{"href":"https:\/\/www.europesays.com\/es\/wp-json\/wp\/v2\/posts\/242735","targetHints":{"allow":["GET"]}}],"collection":[{"href":"https:\/\/www.europesays.com\/es\/wp-json\/wp\/v2\/posts"}],"about":[{"href":"https:\/\/www.europesays.com\/es\/wp-json\/wp\/v2\/types\/post"}],"author":[{"embeddable":true,"href":"https:\/\/www.europesays.com\/es\/wp-json\/wp\/v2\/users\/2"}],"replies":[{"embeddable":true,"href":"https:\/\/www.europesays.com\/es\/wp-json\/wp\/v2\/comments?post=242735"}],"version-history":[{"count":0,"href":"https:\/\/www.europesays.com\/es\/wp-json\/wp\/v2\/posts\/242735\/revisions"}],"wp:featuredmedia":[{"embeddable":true,"href":"https:\/\/www.europesays.com\/es\/wp-json\/wp\/v2\/media\/242736"}],"wp:attachment":[{"href":"https:\/\/www.europesays.com\/es\/wp-json\/wp\/v2\/media?parent=242735"}],"wp:term":[{"taxonomy":"category","embeddable":true,"href":"https:\/\/www.europesays.com\/es\/wp-json\/wp\/v2\/categories?post=242735"},{"taxonomy":"post_tag","embeddable":true,"href":"https:\/\/www.europesays.com\/es\/wp-json\/wp\/v2\/tags?post=242735"}],"curies":[{"name":"wp","href":"https:\/\/api.w.org\/{rel}","templated":true}]}}