{"id":242742,"date":"2025-11-18T12:48:14","date_gmt":"2025-11-18T12:48:14","guid":{"rendered":"https:\/\/www.europesays.com\/es\/242742\/"},"modified":"2025-11-18T12:48:14","modified_gmt":"2025-11-18T12:48:14","slug":"china-arremete-contra-japon-en-plena-crisis-diplomatica","status":"publish","type":"post","link":"https:\/\/www.europesays.com\/es\/242742\/","title":{"rendered":"China arremete contra Jap\u00f3n en plena crisis diplom\u00e1tica"},"content":{"rendered":"<p style=\"\">No quedan tan lejanos los d\u00edas en los que \u2013este corresponsal lo ha presenciado\u2013 los DJs animaban las discotecas chinas al grito de \u00ab\u00a1Puta Jap\u00f3n!\u00bb. Un odio larvado que ha vuelto a implosionar estos d\u00edas con toda virulencia ante<a href=\"https:\/\/www.abc.es\/internacional\/china-acusa-japon-retomar-expansionismo-militar-defensa-20251114111341-nt.html\" target=\"_self\" data-voc-vtm-id=\"in-text-traffic\" title=\" la \u00faltima crisis diplom\u00e1tica\" data-mrf-link=\"www.abc.es\" rel=\"nofollow noopener\"> la \u00faltima crisis diplom\u00e1tica<\/a> entre  &#8230; ambos pa\u00edses. Su pr\u00e1ctica, no obstante, est\u00e1 repleta de extra\u00f1as instrumentalizaciones: en un conflicto donde el rencor puede ser fiesta, todo puede ser arma. <\/p>\n<p class=\"voc-p\" style=\"\">Quiz\u00e1 ninguna tan peculiar como el turismo saliente. Al fin y al cabo, el hasta ayer pa\u00eds m\u00e1s poblado del mundo cuenta con la fuerza tosca e incontestable de la aritm\u00e9tica. El pasado viernes, el ministerio de Exteriores chino emiti\u00f3 un comunicado recomendando a sus viajeros <strong>evitar Jap\u00f3n<\/strong> \u00aba corto plazo por riesgos significativos\u00bb, lo que sumado a una pol\u00edtica de reembolsos gratuitos ha provocado la cancelaci\u00f3n de casi 500.000 billetes de avi\u00f3n, un tercio de las reservas.<\/p>\n<p class=\"voc-p\" style=\"\">Se trata de una pr\u00e1ctica habitual del repertorio chino, empleada en el pasado contra el propio Jap\u00f3n y otros vecinos como Corea del Sur, Taiw\u00e1n o Filipinas. Poco importa que la mayor\u00eda del tr\u00e1fico a\u00e9reo entre ambos pa\u00edses est\u00e9 dominado por compa\u00f1\u00edas chinas, por lo que<strong> el da\u00f1o resulta en gran medida autoinfligido<\/strong>.<\/p>\n<p class=\"voc-p\" style=\"\">\u00abLa opci\u00f3n de menor coste para China ser\u00eda alentar a los turistas chinos a viajar a otros destinos\u00bb, adelantaba el pasado viernes <strong>Marcel Thieliant<\/strong>, responsable de Asia-Pac\u00edfico de la consultora Capital Economics, cuando la iracunda respuesta china parec\u00eda inminente. \u00abSin embargo, el impacto en la econom\u00eda japonesa tambi\u00e9n ser\u00eda modesto. Durante el conflicto por las islas Senkaku, el n\u00famero de turistas chinos que visitaban Jap\u00f3n cay\u00f3 aproximadamente una cuarta parte, y una ca\u00edda de tama\u00f1o similar ahora <strong>restar\u00eda no m\u00e1s de un 0,1% del PIB nip\u00f3n<\/strong>\u00bb.<\/p>\n<p class=\"voc-p\" style=\"\">El r\u00e9gimen tambi\u00e9n ha recurrido a otras originales medidas, como <strong>retrasar el estreno de pel\u00edculas japonesas<\/strong> en sus cines o inundar sus medios oficiales con todo tipo de cr\u00edticas, desde \u00abel arduo camino\u00bb del PIB nip\u00f3n tras contraerse un 1,8% en el tercer trimestre del a\u00f1o hasta dar voz a \u00abl\u00edderes empresariales japoneses que urgen al di\u00e1logo a medida que los equivocados comentarios de <a href=\"https:\/\/www.abc.es\/internacional\/sanae-takaichi-nueva-primera-ministra-japon-triunfo-20251021212018-nt.html\" target=\"_self\" data-voc-vtm-id=\"in-text-traffic\" title=\"[Sanae] Takaichi\" data-mrf-link=\"www.abc.es\" rel=\"nofollow noopener\">[Sanae] Takaichi<\/a> afectan a la econom\u00eda\u00bb. <\/p>\n<p>\nGuerra de aniversario\n<\/p>\n<p class=\"voc-p\" style=\"\">Dichas declaraciones representan el origen de esta furibunda reacci\u00f3n. Durante una sesi\u00f3n parlamentaria celebrada la semana pasada, la primera ministra se\u00f1al\u00f3 que una hipot\u00e9tica invasi\u00f3n china de Taiw\u00e1n podr\u00eda ser considerada una<strong> \u00absituaci\u00f3n que amenaza la supervivencia de Jap\u00f3n\u00bb<\/strong>. Este t\u00e9rmino legal, establecido en 2015, permitir\u00eda la movilizaci\u00f3n de las Fuerzas de Autodefensa, el peculiar Ej\u00e9rcito nip\u00f3n, limitado en su operatividad por la Constituci\u00f3n pacifista impuesta por Estados Unidos tras la II Guerra Mundial.<\/p>\n<p class=\"voc-p\" style=\"\">La vigencia de este episodio hist\u00f3rico, el recuerdo de la brutal ocupaci\u00f3n japonesa que todav\u00eda emponzo\u00f1a la relaci\u00f3n, resulta a\u00fan m\u00e1s punzante este a\u00f1o, en el que se conmemora el 80\u00ba aniversario de la rendici\u00f3n del Jap\u00f3n imperial que puso fin al conflicto en Asia. A principios de septiembre, el r\u00e9gimen chino festej\u00f3 la efem\u00e9ride con un fastuoso <a href=\"https:\/\/www.abc.es\/internacional\/jinping-ultima-desfile-militar-occidente-acompanado-putin-20250828130033-nt.html\" target=\"_self\" data-voc-vtm-id=\"in-text-traffic\" title=\"desfile militar presidido desde la puerta de Tiananmen\" data-mrf-link=\"www.abc.es\" rel=\"nofollow noopener\">desfile militar presidido desde la puerta de Tiananmen<\/a> por <strong>Xi Jinping<\/strong>. El l\u00edder compareci\u00f3 flanqueado por el ruso <strong>Vlad\u00edmir Putin<\/strong> y el norcoreano <strong>Kim Jong-un<\/strong> como invitados de honor, en la escenificaci\u00f3n de un frente contra Occidente que tiene a Jap\u00f3n por primera frontera.<\/p>\n<p class=\"voc-p\" style=\"\">As\u00ed, la respuesta no podr\u00eda carecer de una dimensi\u00f3n militar. Este fin de semana, naves de la Guardia Costera china realizaron \u00abpatrullas de aplicaci\u00f3n de derechos\u00bb en aguas pr\u00f3ximas a las islas Senkaku, administradas por Jap\u00f3n, cuya soberan\u00eda China reclama bajo el nombre de Diaoyu. Adem\u00e1s, desde este lunes y hasta este mi\u00e9rcoles, efectivos chinos se han desplegado en el mar Amarillo, donde realizar\u00e1n ejercicios con fuego real. El &#8216;Diario de Ej\u00e9rcito Popular de Liberaci\u00f3n&#8217;, el medio de las fuerzas armadas chinas, public\u00f3 un art\u00edculo en el que aseguraba que \u00ab<strong>todo el pa\u00eds se convertir\u00eda en un campo de batalla<\/strong> si [Jap\u00f3n] interven\u00eda militarmente en el estrecho de Formosa\u00bb.<\/p>\n<p>\nOdio inculcado\n<\/p>\n<p class=\"voc-p\" style=\"\">Hay heridas hist\u00f3ricas que, por m\u00e1s tiempo que transcurra, intereses espurios insisten en mantener abierta. La propaganda estatal diseminada a trav\u00e9s del sistema educativo y medios oficiales generan un marcado clima antijapon\u00e9s \u2013este corresponsal, de nuevo, ha encontrado en m\u00faltiples guarder\u00edas crudos relatos de esta tem\u00e1tica\u2013.<\/p>\n<p class=\"voc-p\" style=\"\">El a\u00f1o pasado se produjeron al menos <strong>dos ataques a ciudadanos japoneses<\/strong> en suelo chino, uno de los cuales acab\u00f3 con la vida de un colegial, apu\u00f1alado a la entrada de su escuela en la ciudad de Shenzhen. A la luz de los acontecimientos, la Embajada japonesa en Pek\u00edn ha emitido una alerta, recomendando a la comunidad que extreme las medidas de precauci\u00f3n y eviten lugares concurridos.<\/p>\n<p class=\"voc-p\" style=\"\">En ese sentido, la llegada al poder de Takaichi a finales del pasado mes de octubre parec\u00eda encaminada a reavivar el conflicto latente. La primera mujer en ocupar la jefatura del Gobierno nip\u00f3n procede del ala m\u00e1s conservadora del conservador Partido Liberal Democr\u00e1tico (PLD) y mantiene un discurso de marcado tono nacionalista, como demuestran sus recurrentes visitas al templo sinto\u00edsta de Yasukuni, que honra a varios criminales de guerra entre otros soldados japoneses, un controvertido lugar que indigna a China y Corea del Sur.<\/p>\n<p class=\"voc-p\" style=\"\">Una de sus primeras instrucciones tras acceder al cargo consisti\u00f3 en acelerar el gasto en defensa para mejorar las capacidades militares del pa\u00eds. En abril de este a\u00f1o, adem\u00e1s, visit\u00f3 Taip\u00e9i, donde mantuvo un encuentro con el presidente taiwan\u00e9s <a href=\"https:\/\/www.abc.es\/internacional\/taiwan-anuncia-cupulat-sistema-defensa-aerea-china-20251011102555-nt.html\" target=\"_self\" data-voc-vtm-id=\"in-text-traffic\" title=\"William Lai Ching-te\" data-mrf-link=\"www.abc.es\" rel=\"nofollow noopener\">William Lai Ching-te<\/a> ante quien proclam\u00f3 la necesidad de formar una \u00abalianza cuasimilitar\u00bb con otros pa\u00edses democr\u00e1ticos de la regi\u00f3n. Por este motivo, la agresiva reacci\u00f3n china viene a reforzar su figura, como demuestran unos \u00edndices de aprobaci\u00f3n por encima del 80%. <\/p>\n<p class=\"voc-p\" style=\"\">La primera ministra nipona ya enviado a la capital china a<strong> Masaaki Kanai<\/strong>, director general de la Oficina de Asuntos de Asia y Ocean\u00eda del ministerio de Exteriores, con el mensaje de que sus palabras \u00abno representan un cambio en la pol\u00edtica de seguridad de Jap\u00f3n\u00bb y pidiendo a China \u00abevitar acciones que da\u00f1en m\u00e1s los lazos\u00bb. La pretensi\u00f3n de Takaichi es recuperar al tono protocolario <a href=\"https:\/\/www.abc.es\/internacional\/takaichi-mantienen-tono-diplomatico-primer-encuentro-personal-20251031121018-nt.html\" target=\"_self\" data-voc-vtm-id=\"in-text-traffic\" title=\"que mantuvo en su primer encuentro con Xi Jinping\" data-mrf-link=\"www.abc.es\" rel=\"nofollow noopener\">que mantuvo en su primer encuentro con Xi Jinping<\/a>, con motivo de su participaci\u00f3n mutua en el foro de Cooperaci\u00f3n Econ\u00f3mica Asia-Pac\u00edfico (APEC) celebrado en la ciudad surcoreana de Gyeongju hace menos de tres semanas, cuando la enemistad parec\u00eda mucho m\u00e1s remota.<\/p>\n","protected":false},"excerpt":{"rendered":"No quedan tan lejanos los d\u00edas en los que \u2013este corresponsal lo ha presenciado\u2013 los DJs animaban las&hellip;\n","protected":false},"author":2,"featured_media":242743,"comment_status":"","ping_status":"","sticky":false,"template":"","format":"standard","meta":{"footnotes":""},"categories":[42],"tags":[16360,17,18,1615,177,4170,42054,13,14,11,61,62,63,64,3564,19,20,9,10,15,16,5670,14135,12,5173,21,22,65,66,67],"class_list":{"0":"post-242742","1":"post","2":"type-post","3":"status-publish","4":"format-standard","5":"has-post-thumbnail","7":"category-internacional","8":"tag-arremete","9":"tag-breaking-news","10":"tag-breakingnews","11":"tag-china","12":"tag-cine","13":"tag-crisis","14":"tag-diplomatica","15":"tag-featured-news","16":"tag-featurednews","17":"tag-headlines","18":"tag-internacional","19":"tag-international","20":"tag-international-news","21":"tag-internationalnews","22":"tag-japon","23":"tag-latest-news","24":"tag-latestnews","25":"tag-news","26":"tag-noticias","27":"tag-noticias-destacadas","28":"tag-noticiasdestacadas","29":"tag-plena","30":"tag-propaganda","31":"tag-titulares","32":"tag-turistas","33":"tag-ultimas-noticias","34":"tag-ultimasnoticias","35":"tag-world","36":"tag-world-news","37":"tag-worldnews"},"share_on_mastodon":{"url":"https:\/\/pubeurope.com\/@es\/115570783435838611","error":""},"_links":{"self":[{"href":"https:\/\/www.europesays.com\/es\/wp-json\/wp\/v2\/posts\/242742","targetHints":{"allow":["GET"]}}],"collection":[{"href":"https:\/\/www.europesays.com\/es\/wp-json\/wp\/v2\/posts"}],"about":[{"href":"https:\/\/www.europesays.com\/es\/wp-json\/wp\/v2\/types\/post"}],"author":[{"embeddable":true,"href":"https:\/\/www.europesays.com\/es\/wp-json\/wp\/v2\/users\/2"}],"replies":[{"embeddable":true,"href":"https:\/\/www.europesays.com\/es\/wp-json\/wp\/v2\/comments?post=242742"}],"version-history":[{"count":0,"href":"https:\/\/www.europesays.com\/es\/wp-json\/wp\/v2\/posts\/242742\/revisions"}],"wp:featuredmedia":[{"embeddable":true,"href":"https:\/\/www.europesays.com\/es\/wp-json\/wp\/v2\/media\/242743"}],"wp:attachment":[{"href":"https:\/\/www.europesays.com\/es\/wp-json\/wp\/v2\/media?parent=242742"}],"wp:term":[{"taxonomy":"category","embeddable":true,"href":"https:\/\/www.europesays.com\/es\/wp-json\/wp\/v2\/categories?post=242742"},{"taxonomy":"post_tag","embeddable":true,"href":"https:\/\/www.europesays.com\/es\/wp-json\/wp\/v2\/tags?post=242742"}],"curies":[{"name":"wp","href":"https:\/\/api.w.org\/{rel}","templated":true}]}}