{"id":242756,"date":"2025-11-18T13:00:11","date_gmt":"2025-11-18T13:00:11","guid":{"rendered":"https:\/\/www.europesays.com\/es\/242756\/"},"modified":"2025-11-18T13:00:11","modified_gmt":"2025-11-18T13:00:11","slug":"me-monte-en-un-coche-con-el-e-iba-como-un-loco","status":"publish","type":"post","link":"https:\/\/www.europesays.com\/es\/242756\/","title":{"rendered":"Me mont\u00e9 en un coche con \u00e9l e iba como un loco"},"content":{"rendered":"<p class=\"c-paragraph\">El reciente accidente de tr\u00e1fico sufrido por <a href=\"https:\/\/www.20minutos.es\/tags\/personas\/cayetano-rivera.html\" title=\"Cayetano Rivera\" rel=\"nofollow noopener\" target=\"_blank\">Cayetano Rivera<\/a> ha puesto en el punto de mira su forma de conducir. Aunque el percance no tuvo consecuencias graves, <b>ha despertado inquietud entre quienes lo conocen de cerca<\/b>, especialmente por ciertos comportamientos que, seg\u00fan los que le rodean, no ser\u00edan nuevos.<\/p>\n<p class=\"c-paragraph\"><a href=\"https:\/\/www.20minutos.es\/tags\/temas\/y-ahora-sonsoles.html\" title=\"Y ahora Sonsoles\" rel=\"nofollow noopener\" target=\"_blank\">Y ahora Sonsoles<\/a> ha conseguido contactar con alguien del c\u00edrculo m\u00e1s pr\u00f3ximo del torero, que ha hablado abiertamente sobre su manera de manejar el volante.\u00a0<\/p>\n<p class=\"c-paragraph\">La persona, cuya identidad no se ha revelado, ha asegurado al programa de Antena 3 que Rivera <b>no presta la atenci\u00f3n debida a la seguridad<\/b> en la carretera.<\/p>\n<p class=\"c-paragraph\">\u00abMe mont\u00e9 en un coche con \u00e9l, me llev\u00f3 de un tentadero a otro, y <b>conduc\u00eda como un loco<\/b>. Iba a 180. Estaban las cuatro ruedas volando\u00bb, ha asegurado, en unas declaraciones reproducidas en voz en off.<\/p>\n<p class=\"c-paragraph\">El mismo testigo tambi\u00e9n ha se\u00f1alado que <b>esta actitud temeraria no ser\u00eda algo puntual<\/b>, sino parte de su personalidad: \u00abSiempre le ha gustado la adrenalina, la velocidad, y la sensaci\u00f3n de tener la muerte mir\u00e1ndolo a los ojos\u00bb.<\/p>\n","protected":false},"excerpt":{"rendered":"El reciente accidente de tr\u00e1fico sufrido por Cayetano Rivera ha puesto en el punto de mira su forma&hellip;\n","protected":false},"author":2,"featured_media":45162,"comment_status":"","ping_status":"","sticky":false,"template":"","format":"standard","meta":{"footnotes":""},"categories":[174],"tags":[62348,4812,255,146,147,25,24,256,10787,57,23,16743],"class_list":{"0":"post-242756","1":"post","2":"type-post","3":"status-publish","4":"format-standard","5":"has-post-thumbnail","7":"category-famosos","8":"tag-allegado","9":"tag-cayetano","10":"tag-celebrities","11":"tag-entertainment","12":"tag-entretenimiento","13":"tag-es","14":"tag-espana","15":"tag-famosos","16":"tag-rivera","17":"tag-sobre","18":"tag-spain","19":"tag-un"},"share_on_mastodon":{"url":"https:\/\/pubeurope.com\/@es\/115570830579844274","error":""},"_links":{"self":[{"href":"https:\/\/www.europesays.com\/es\/wp-json\/wp\/v2\/posts\/242756","targetHints":{"allow":["GET"]}}],"collection":[{"href":"https:\/\/www.europesays.com\/es\/wp-json\/wp\/v2\/posts"}],"about":[{"href":"https:\/\/www.europesays.com\/es\/wp-json\/wp\/v2\/types\/post"}],"author":[{"embeddable":true,"href":"https:\/\/www.europesays.com\/es\/wp-json\/wp\/v2\/users\/2"}],"replies":[{"embeddable":true,"href":"https:\/\/www.europesays.com\/es\/wp-json\/wp\/v2\/comments?post=242756"}],"version-history":[{"count":0,"href":"https:\/\/www.europesays.com\/es\/wp-json\/wp\/v2\/posts\/242756\/revisions"}],"wp:featuredmedia":[{"embeddable":true,"href":"https:\/\/www.europesays.com\/es\/wp-json\/wp\/v2\/media\/45162"}],"wp:attachment":[{"href":"https:\/\/www.europesays.com\/es\/wp-json\/wp\/v2\/media?parent=242756"}],"wp:term":[{"taxonomy":"category","embeddable":true,"href":"https:\/\/www.europesays.com\/es\/wp-json\/wp\/v2\/categories?post=242756"},{"taxonomy":"post_tag","embeddable":true,"href":"https:\/\/www.europesays.com\/es\/wp-json\/wp\/v2\/tags?post=242756"}],"curies":[{"name":"wp","href":"https:\/\/api.w.org\/{rel}","templated":true}]}}