{"id":242757,"date":"2025-11-18T13:01:15","date_gmt":"2025-11-18T13:01:15","guid":{"rendered":"https:\/\/www.europesays.com\/es\/242757\/"},"modified":"2025-11-18T13:01:15","modified_gmt":"2025-11-18T13:01:15","slug":"arquitectos-de-prestigio-y-las-primeras-ingenierias-del-mundo-optaran-a-transformar-la-fachada-maritima-de-a-coruna-la-voz-de-galicia","status":"publish","type":"post","link":"https:\/\/www.europesays.com\/es\/242757\/","title":{"rendered":"Arquitectos de prestigio y las primeras ingenier\u00edas del mundo optar\u00e1n a transformar la fachada mar\u00edtima de A Coru\u00f1a &#8211; La Voz de Galicia"},"content":{"rendered":"<ol>\n<li><a href=\"https:\/\/news.google.com\/rss\/articles\/CBMikAJBVV95cUxOLTJ3b0RRU085QlpmU0FBWFJEX3ZlUUVwVjVqWDlwQllYZXM4ZUdhdTlLZmQ2T0dVaURBTWh3eU5CMkQ2bWxOaWRSb0l3UVBaWkE1TV9mSU9QVE16ZGpqUTVkQTBpOGVRQzFsY0RJTHJXdk5kQkZQWGlFUTNKbkZsOEtsakNGWk94dzFvX1RhdmQ2ZkhWaDdodm5McGUwS014Q0pESVFvcll0dW9lVTEtQ2UyaHppSFUzNTl3MGhJejljX2RrSUszZ3pEQVhJZXgyNGdRck9OU1RXYnk4LUg3dHZkWjhEakRCdUkxY1NtMmJyRVJLSzBQaFotS3NmMFA2VVpiSjZBekdrLW1wS2RKbA?oc=5\" target=\"_blank\" rel=\"nofollow noopener\">Arquitectos de prestigio y las primeras ingenier\u00edas del mundo optar\u00e1n a transformar la fachada mar\u00edtima de A Coru\u00f1a<\/a>&nbsp;&nbsp;La Voz de Galicia<\/li>\n<li><a href=\"https:\/\/news.google.com\/rss\/articles\/CBMi3AFBVV95cUxOcm5QQUlvbFhXMDBORGZ0a1lkal9yVDdKVHQ3YW5oSjVkTU1JWm1SZTduSE43b0k3X3FkQUNwNGtIem9PYmh1Wng2cnhyV0RNOEg0MTBGdGlkaTVzemJ4Z3NEOXdpX2VRRDdWTFJqSlNtUEdmU1p5eGxqUFlaQjlUdkw1WnVpYmNMWFk1OFgxdWxTcTRMTXRiUTlYRkhRSTJTSlk2Wm9aYm1YYjFLWlFIQ0lpbE0tdW9zODlNelZwUjAtSFJCaWROVUhpM1VfTmdNOVUyWk9XSkhKeHJx0gHiAUFVX3lxTE80LXZqRl9IUUNnQ0JIQXVqaF9wVVJOUjZTbGhjV3lrcWdVUWxaZlpacVk2NzNMeXU1ekF6T21MVHBVSy05QmtsQk1JM05zRVV0RUM4SkF5R21ESGc1eUhzVXpVdTlWTWV4ODZlY1J5dlo4eFJhWFI3OE9VRHZOU2x6T0x4WF9jelBVeGdSdzlJSmRlMzhWQ2hrYk93LW5DWXV0Sk5mcl9wUHdxWlVZQzFrUTk5NGJpU1hXY0pBRW9WYzd6c3hWUnhZRTNmaXBoTHZXMFZmdWVaaUFOZFR1azRxbVE?oc=5\" target=\"_blank\" rel=\"nofollow noopener\">Coru\u00f1a Mar\u00edtima viaja a Nueva York como ejemplo de cooperaci\u00f3n puerto-ciudad<\/a>&nbsp;&nbsp;MUNDIARIO<\/li>\n<li><a href=\"https:\/\/news.google.com\/rss\/articles\/CBMiiwJBVV95cUxQaUl1aVdqb1pHaENkM1dqY2NnSkJ6T2VyWjRkZkl1bk9FNDR4UTJadU5KXzlONFJrZzBBWEx4Q1NwWHhVbWlkRzBHdE1aVm1jaXgtdkpjSXJRT19ycGFLRVd2MzQ1UmJ1bmtnYjVJUGhvZ0VaVUk5NEdPVklLUHp2djFJako2X0hnbEpRa09LMElGNnU4ZklMMmYtWVAyRDRLM2xFQlBOOFYxMjdOX29vdFhqZDZrV3kweXdIQnhSTjRqNzBwSWJJNlVncEN6cDVIQ29XWjY4V2ktY0ZBTjRJMFJIUERFR0ZnMFRfM09vSGx4THVKRVdhQ3VobmVGOXpHa2IzVWgyQmJSMm_SAacCQVVfeXFMTy1TOU1xZUdkUHlXQmIydDRfQnB6M3k0R1pQeDNYX1c0cFFiRlVXZjlvc2R0ZjVXLXUteGlNWXNoWjdYalFxU0hVTE9RcnVLOXVKeVIyaGx3YUFxOVhJeXlQRHVNbFp5bHBURXlVODlValZxbmo2b1EtSUdsdHoySi1KX2E2ZTEyRm8tT0E5Q2t3T1pYU0ttVm9uTkJlUXlBT1UzeDZlMXpZcDZTNDZRdTZGMFhqcTc5MG9MUmY3TmtRZ1NVclU1RFR4dEY4NllNa0FTcEFBLUpIc0xfZ1NSVl9ONElVSm9oMkVSVldNREluZy05UWo0b2R4OUMzS0tfSV9vQlR3VDMzS3Zmbzl3SGczZlpUY3VZNDNiemhFTmI4ektyX1dJdw?oc=5\" target=\"_blank\" rel=\"nofollow noopener\">La alcaldesa y el presidente de la Autoridad Portuaria presentar\u00e1n en Nueva York el proyecto Coru\u00f1a Mar\u00edtima<\/a>&nbsp;&nbsp;La Voz de Galicia<\/li>\n<\/ol>\n","protected":false},"excerpt":{"rendered":"Arquitectos de prestigio y las primeras ingenier\u00edas del mundo optar\u00e1n a transformar la fachada mar\u00edtima de A Coru\u00f1a&nbsp;&nbsp;La&hellip;\n","protected":false},"author":2,"featured_media":242758,"comment_status":"","ping_status":"","sticky":false,"template":"","format":"standard","meta":{"footnotes":""},"categories":[173],"tags":[39615,15389,229,233,231,230,232,234,146,147,25,24,13833,62349,13092,23],"class_list":{"0":"post-242757","1":"post","2":"type-post","3":"status-publish","4":"format-standard","5":"has-post-thumbnail","7":"category-arte-y-diseno","8":"tag-a-coruna-ciudad","9":"tag-adif","10":"tag-arte","11":"tag-arte-y-diseno","12":"tag-arts","13":"tag-arts-and-design","14":"tag-design","15":"tag-diseno","16":"tag-entertainment","17":"tag-entretenimiento","18":"tag-es","19":"tag-espana","20":"tag-puertos","21":"tag-puertos-del-estado","22":"tag-repsol","23":"tag-spain"},"share_on_mastodon":{"url":"https:\/\/pubeurope.com\/@es\/115570834354321810","error":""},"_links":{"self":[{"href":"https:\/\/www.europesays.com\/es\/wp-json\/wp\/v2\/posts\/242757","targetHints":{"allow":["GET"]}}],"collection":[{"href":"https:\/\/www.europesays.com\/es\/wp-json\/wp\/v2\/posts"}],"about":[{"href":"https:\/\/www.europesays.com\/es\/wp-json\/wp\/v2\/types\/post"}],"author":[{"embeddable":true,"href":"https:\/\/www.europesays.com\/es\/wp-json\/wp\/v2\/users\/2"}],"replies":[{"embeddable":true,"href":"https:\/\/www.europesays.com\/es\/wp-json\/wp\/v2\/comments?post=242757"}],"version-history":[{"count":0,"href":"https:\/\/www.europesays.com\/es\/wp-json\/wp\/v2\/posts\/242757\/revisions"}],"wp:featuredmedia":[{"embeddable":true,"href":"https:\/\/www.europesays.com\/es\/wp-json\/wp\/v2\/media\/242758"}],"wp:attachment":[{"href":"https:\/\/www.europesays.com\/es\/wp-json\/wp\/v2\/media?parent=242757"}],"wp:term":[{"taxonomy":"category","embeddable":true,"href":"https:\/\/www.europesays.com\/es\/wp-json\/wp\/v2\/categories?post=242757"},{"taxonomy":"post_tag","embeddable":true,"href":"https:\/\/www.europesays.com\/es\/wp-json\/wp\/v2\/tags?post=242757"}],"curies":[{"name":"wp","href":"https:\/\/api.w.org\/{rel}","templated":true}]}}