{"id":242759,"date":"2025-11-18T13:03:14","date_gmt":"2025-11-18T13:03:14","guid":{"rendered":"https:\/\/www.europesays.com\/es\/242759\/"},"modified":"2025-11-18T13:03:14","modified_gmt":"2025-11-18T13:03:14","slug":"se-me-van-los-ojos-lo-siento-eres-guapisima","status":"publish","type":"post","link":"https:\/\/www.europesays.com\/es\/242759\/","title":{"rendered":"Se me van los ojos, lo siento, eres guap\u00edsima"},"content":{"rendered":"<p class=\"c-paragraph\"><b>Pol\u00e9mica en <\/b><b>OT 2025<\/b> despu\u00e9s de la visita de dos oste\u00f3patas,\u00a0Jes\u00fas de Miguel y Samuel Cobo. En redes se est\u00e1 haciendo viral un extracto de la visita de los expertos por un <b>comentario del primero a Cristina<\/b>, la joven concursante de 18 a\u00f1os y una de las favoritas a la victoria final.<\/p>\n<p class=\"c-paragraph\">En medio de uno de los ejercicios que practicaban con los j\u00f3venes talentos, en este caso hablando de c\u00f3mo corregir la postura, el experto le dice a Cristina:<b> \u00abCris, es que se me van los ojos, lo siento, eres guap\u00edsima\u00bb<\/b>.<\/p>\n<p class=\"c-paragraph\">Unas palabras que est\u00e1n siendo muy <b>comentadas -y criticadas<\/b>&#8211; en redes sociales, que se\u00f1alan, adem\u00e1s, el saber estar de la aspirante andaluza.<\/p>\n<p class=\"c-paragraph\">Aunque muchos destacan que no fue con mala intenci\u00f3n, lo cierto es que la mayor\u00eda acuerda lo inc\u00f3modo que le resulta a Cristina el momento, que tildan de <b>\u00abhorrible\u00bb, \u00abverg\u00fcenza\u00bb o \u00abrepulsivo\u00bb<\/b>.<\/p>\n","protected":false},"excerpt":{"rendered":"Pol\u00e9mica en OT 2025 despu\u00e9s de la visita de dos oste\u00f3patas,\u00a0Jes\u00fas de Miguel y Samuel Cobo. En redes&hellip;\n","protected":false},"author":2,"featured_media":242760,"comment_status":"","ping_status":"","sticky":false,"template":"","format":"standard","meta":{"footnotes":""},"categories":[171],"tags":[45,146,147,25,24,221,1526,5043,23,214,16743],"class_list":{"0":"post-242759","1":"post","2":"type-post","3":"status-publish","4":"format-standard","5":"has-post-thumbnail","7":"category-tv","8":"tag-45","9":"tag-entertainment","10":"tag-entretenimiento","11":"tag-es","12":"tag-espana","13":"tag-ot","14":"tag-polemica","15":"tag-por","16":"tag-spain","17":"tag-tv","18":"tag-un"},"share_on_mastodon":{"url":"https:\/\/pubeurope.com\/@es\/115570842354830344","error":""},"_links":{"self":[{"href":"https:\/\/www.europesays.com\/es\/wp-json\/wp\/v2\/posts\/242759","targetHints":{"allow":["GET"]}}],"collection":[{"href":"https:\/\/www.europesays.com\/es\/wp-json\/wp\/v2\/posts"}],"about":[{"href":"https:\/\/www.europesays.com\/es\/wp-json\/wp\/v2\/types\/post"}],"author":[{"embeddable":true,"href":"https:\/\/www.europesays.com\/es\/wp-json\/wp\/v2\/users\/2"}],"replies":[{"embeddable":true,"href":"https:\/\/www.europesays.com\/es\/wp-json\/wp\/v2\/comments?post=242759"}],"version-history":[{"count":0,"href":"https:\/\/www.europesays.com\/es\/wp-json\/wp\/v2\/posts\/242759\/revisions"}],"wp:featuredmedia":[{"embeddable":true,"href":"https:\/\/www.europesays.com\/es\/wp-json\/wp\/v2\/media\/242760"}],"wp:attachment":[{"href":"https:\/\/www.europesays.com\/es\/wp-json\/wp\/v2\/media?parent=242759"}],"wp:term":[{"taxonomy":"category","embeddable":true,"href":"https:\/\/www.europesays.com\/es\/wp-json\/wp\/v2\/categories?post=242759"},{"taxonomy":"post_tag","embeddable":true,"href":"https:\/\/www.europesays.com\/es\/wp-json\/wp\/v2\/tags?post=242759"}],"curies":[{"name":"wp","href":"https:\/\/api.w.org\/{rel}","templated":true}]}}