{"id":242761,"date":"2025-11-18T13:04:18","date_gmt":"2025-11-18T13:04:18","guid":{"rendered":"https:\/\/www.europesays.com\/es\/242761\/"},"modified":"2025-11-18T13:04:18","modified_gmt":"2025-11-18T13:04:18","slug":"palida-tez-critica-de-un-extrano-estado-de-animo-2025","status":"publish","type":"post","link":"https:\/\/www.europesays.com\/es\/242761\/","title":{"rendered":"P\u00e1lida Tez, critica de Un extra\u00f1o estado de \u00e1nimo (2025)"},"content":{"rendered":"<p>Si tomamos como referencia el tono y tinte de algunos de los discos publicados por las bandas n\u00f3veles m\u00e1s destacadas, en calidad de term\u00f3metro emocional de nuestra juventud, descubrimos un veredicto claro: la pena nos domina. Pisos compartidos, domingos de resaca, pluriempleo esclavo y una esperanza que nunca llega son los pilares de esta suerte de \u201celige tu propia aventura\u201d depresiva y generacional que marca el nuevo indie. Podr\u00edamos ponernos pol\u00edticos y protestones para dar con la g\u00e9nesis de esta deriva, pero el esperado debut de <strong>P\u00e1lida Tez<\/strong>,<strong> \u201cUn extra\u00f1o estado de \u00e1nimo\u201d<\/strong> (25), nos conmina, m\u00e1s bien, a dar con esas respuestas en nuestro propio fuero interno y a explorar los porqu\u00e9s de esta realidad entre nociones m\u00e1s profanas.<\/p>\n<p>El cuarteto albacete\u00f1o afronta su aterrizaje oficial como si de un tr\u00e1nsito sonoro se tratara, con el curso acad\u00e9mico en los albores y comprendiendo a paso lento lo que supone crecer. Nadie nos facilita un manual de instrucciones para ello y aprendemos a base de ensayo-error, de ah\u00ed que, al igual que ellos, tambi\u00e9n tengamos la constante sensaci\u00f3n de que \u201cSer adulta es un disfraz\u201d. Y adem\u00e1s, uno de lo que nos va grande.<\/p>\n<p>Adolecen de una vulnerabilidad pareja los versos de \u201c\u00daltimo partido\u201d, oda al indeterminado d\u00eda en el que dejamos la infancia atr\u00e1s para ser ni\u00f1os que comen en la mesa de los mayores. Otro testimonio m\u00e1s de la inteligencia con la que la banda traza analog\u00edas dolorosas en sus letras y exalta esa juventud que se evapora entre responsabilidades y desencanto. \u201cMejor al rev\u00e9s\u201d y \u201cLa dispersi\u00f3n\u201d, por el contrario, nos sumergen en la parte m\u00e1s atmosf\u00e9rica del \u00e1lbum, donde las seis cuerdas se disuelven y la distorsi\u00f3n lenta y lis\u00e9rgica se convierte en un b\u00e1lsamo (\u201c\u00a1Que viva la dispersi\u00f3n!\u201d).<\/p>\n<p>Efectivamente, hablamos de lugares comunes que ya hemos visto anteriormente en otras escenas independientes, como la donostiarra, y a las que innegablemente este cuarteto les debe su lacerante languidez y sello identitario. Los gui\u00f1os a Le Mans, La Buena Vida o Pauline en la Playa son abrazados sin pudor, asentando con ello un credo en el que las guitarras rugen sin rabia, los bajos se contonean con melancol\u00eda, la bater\u00eda permanece contenida y las voces conviven con el ruido. Mar\u00eda y Samuel alternan l\u00edneas vocales que, en su fragilidad, terminan resultando demoledoras y encontrando su particular sitio entre la iron\u00eda noise (\u201cDibujo animado\u201d) y la luminosidad on\u00edrica (\u201cWong Kar-Wai\u201d). Lo que la banda parece querer decirnos con este, su primer larga duraci\u00f3n, es que, en medio del desconcierto y el agotamiento cotidiano, todav\u00eda hay sitio para la belleza (\u201cMejor al rev\u00e9s\u201d). En sus manos, la tristeza se convierte en un estado f\u00e9rtil del que brotan acordes contra el silencio y la resignaci\u00f3n. Un refugio de ruido amable que absuelve nuestras culpas y nos recuerda que ya bastante hacemos con lo que tenemos encima.<\/p>\n<p>Si no vemos aqu\u00ed grandes met\u00e1foras ni paralelismos enrevesados es precisamente porque el disco busca describir el servilismo precario de nuestro tiempo con total literalidad (\u201cY pagar el alquiler, que hay que ver c\u00f3mo se pasan\u201d). Por ello, tampoco tendremos la sensaci\u00f3n de que inventen nada nuevo, pero s\u00ed de que tengan m\u00e9ritos de sobra para recordarnos, con tanta ternura como acidez, las pu\u00f1aladas que nos pega la vida.<\/p>\n<p><a href=\"https:\/\/palidatez.bandcamp.com\/album\/un-extra-o-estado-de-nimo\" rel=\"nofollow noopener\" target=\"_blank\">Un extra\u00f1o estado de \u00e1nimo de P\u00e1lida Tez<\/a><\/p>\n","protected":false},"excerpt":{"rendered":"Si tomamos como referencia el tono y tinte de algunos de los discos publicados por las bandas n\u00f3veles&hellip;\n","protected":false},"author":2,"featured_media":242762,"comment_status":"","ping_status":"","sticky":false,"template":"","format":"standard","meta":{"footnotes":""},"categories":[170],"tags":[146,147,25,24,184,185,23],"class_list":{"0":"post-242761","1":"post","2":"type-post","3":"status-publish","4":"format-standard","5":"has-post-thumbnail","7":"category-musica","8":"tag-entertainment","9":"tag-entretenimiento","10":"tag-es","11":"tag-espana","12":"tag-music","13":"tag-musica","14":"tag-spain"},"share_on_mastodon":{"url":"https:\/\/pubeurope.com\/@es\/115570846411218434","error":""},"_links":{"self":[{"href":"https:\/\/www.europesays.com\/es\/wp-json\/wp\/v2\/posts\/242761","targetHints":{"allow":["GET"]}}],"collection":[{"href":"https:\/\/www.europesays.com\/es\/wp-json\/wp\/v2\/posts"}],"about":[{"href":"https:\/\/www.europesays.com\/es\/wp-json\/wp\/v2\/types\/post"}],"author":[{"embeddable":true,"href":"https:\/\/www.europesays.com\/es\/wp-json\/wp\/v2\/users\/2"}],"replies":[{"embeddable":true,"href":"https:\/\/www.europesays.com\/es\/wp-json\/wp\/v2\/comments?post=242761"}],"version-history":[{"count":0,"href":"https:\/\/www.europesays.com\/es\/wp-json\/wp\/v2\/posts\/242761\/revisions"}],"wp:featuredmedia":[{"embeddable":true,"href":"https:\/\/www.europesays.com\/es\/wp-json\/wp\/v2\/media\/242762"}],"wp:attachment":[{"href":"https:\/\/www.europesays.com\/es\/wp-json\/wp\/v2\/media?parent=242761"}],"wp:term":[{"taxonomy":"category","embeddable":true,"href":"https:\/\/www.europesays.com\/es\/wp-json\/wp\/v2\/categories?post=242761"},{"taxonomy":"post_tag","embeddable":true,"href":"https:\/\/www.europesays.com\/es\/wp-json\/wp\/v2\/tags?post=242761"}],"curies":[{"name":"wp","href":"https:\/\/api.w.org\/{rel}","templated":true}]}}