{"id":242775,"date":"2025-11-18T13:11:08","date_gmt":"2025-11-18T13:11:08","guid":{"rendered":"https:\/\/www.europesays.com\/es\/242775\/"},"modified":"2025-11-18T13:11:08","modified_gmt":"2025-11-18T13:11:08","slug":"bruselas-avisa-a-interior-de-que-el-contrato-de-huawei-aumenta-el-riesgo-de-injerencia-extranjera","status":"publish","type":"post","link":"https:\/\/www.europesays.com\/es\/242775\/","title":{"rendered":"Bruselas avisa a Interior de que el contrato de Huawei aumenta \u00abel riesgo de injerencia extranjera\u00bb"},"content":{"rendered":"<p style=\"\">La Comisi\u00f3n Europea considera que el contrato adjudicado por el Ministerio del Interior a <a href=\"https:\/\/www.abc.es\/noticias\/huawei\/\" title=\"www.abc.es\" data-voc-vtm-id=\"in-text-traffic\" data-mrf-link=\"www.abc.es\" rel=\"nofollow noopener\" target=\"_blank\">Huawei <\/a>para suministrar infraestructura de almacenamiento del sistema Sitel \u2013que gestiona interceptaciones telef\u00f3nicas judiciales y cooperaciones policiales internacionales\u2013 \u00abtiene el potencial de generar una <strong>dependencia de un proveedor de alto riesgo <\/strong> &#8230; <strong>en un sector cr\u00edtico <\/strong>y sensible que aumentar\u00eda el riesgo de injerencia extranjera\u00bb.<\/p>\n<p class=\"voc-p\" style=\"\">As\u00ed se recoge en una respuesta por escrito de la vicepresidenta ejecutiva de la Comisi\u00f3n Europea para la Soberan\u00eda Tecnol\u00f3gica, la Seguridad y la Democracia. Henna Virkkunen, <strong>a una pregunta formulada por la portavoz del PP en el Parlamento Europeo, Dolors Montserrat,<\/strong> en la que avanza que \u00abexaminar\u00e1 de manera m\u00e1s general la seguridad y la resiliencia de las cadenas de suministro de tecnolog\u00edas de la informaci\u00f3n y la comunicaci\u00f3n (TIC) y sus infraestructuras en la pr\u00f3xima revisi\u00f3n del Reglamento sobre la Ciberseguridad\u00bb.<\/p>\n<p class=\"voc-p\" style=\"\">El objetivo, se\u00f1ala Bruselas, es \u00abevitar dependencias cr\u00edticas de proveedores de alto riesgo y reducir el riesgo en nuestras cadenas de suministro de TIC\u00bb.<\/p>\n<p class=\"voc-p\" style=\"\">La Comisi\u00f3n Europea considera que Huawei y ZTE presentan \u00ab<strong>riesgos sustancialmente m\u00e1s altos que otros proveedores <\/strong>de 5G\u00bb y ya se comprometi\u00f3 en 2023 a evitar la exposici\u00f3n de sus comunicaciones corporativas a las redes m\u00f3viles de los proveedores chinos.<\/p>\n<p class=\"voc-p\" style=\"\">La Comisi\u00f3n defiende que las decisiones adoptadas por los Estados miembros para restringir o excluir Huawei y ZTE est\u00e1n \u00abjustificadas y son conformes con el conjunto de instrumentos para la seguridad de las redes 5G\u00bb.<\/p>\n<p class=\"voc-p\" style=\"\">De hecho, inst\u00f3 a todos los Estados miembros a aplicar dicho conjunto de instrumentos y a adoptar medidas para mitigar los riesgos asociados a estos proveedores. Por ello, considera hora que \u00abel contrato celebrado por el Ministerio del Interior espa\u00f1ol con Huawei tiene el potencial de generar una dependencia de un proveedor de alto riesgo en un sector cr\u00edtico y sensible que aumentar\u00eda el riesgo de injerencia extranjera\u00bb.<\/p>\n<p>\n\u00abNing\u00fan contrato con proveedores de alto riesgo\u00bb\n<\/p>\n<p class=\"voc-p\" style=\"\">Dolors Montserrat, la portavoz popular de la que parti\u00f3 la pregunta, considera necesario \u00abgarantizar que ning\u00fan contrato con proveedores de alto riesgo <strong>comprometa la fiabilidad de Espa\u00f1a como socio<\/strong> en la cooperaci\u00f3n europea e internacional\u00bb, por lo que la revisi\u00f3n anunciada por la CE es \u00abuna medida imprescindible para proteger la soberan\u00eda tecnol\u00f3gica y la seguridad de los ciudadanos europeos\u00bb.<\/p>\n<p class=\"voc-p\" style=\"\">La eurodiputada record\u00f3 que este tipo de contratos \u00abno solo afectan a la seguridad nacional, sino tambi\u00e9n a la confianza de los socios europeos en la integridad de nuestras comunicaciones e infraestructuras cr\u00edticas\u00bb y urgi\u00f3 a que se establezcan criterios vinculantes para la extensi\u00f3n de los principios de seguridad de 5G a otros sectores cr\u00edticos de TIC.<\/p>\n<p class=\"voc-p\" style=\"\">Para los populares, el Gobierno de S\u00e1nchez mantiene una <strong>\u00abpol\u00edtica err\u00e1tica sobre su relaci\u00f3n con Huawei <\/strong>a pesar de las advertencias de la Comisi\u00f3n\u00bb sobre el riesgo que supone utilizar esta compa\u00f1\u00eda, pues adem\u00e1s del contrato del Ministerio del Interior para servidores que almacenan escuchas judiciales, tambi\u00e9n firm\u00f3 otro para suministrar e instalar equipos en la red acad\u00e9mica RedIRIS, que fue posteriormente cancelado, y un tercero para proveer cabinas de almacenamiento utilizadas por la Seguridad Social. <\/p>\n","protected":false},"excerpt":{"rendered":"La Comisi\u00f3n Europea considera que el contrato adjudicado por el Ministerio del Interior a Huawei para suministrar infraestructura&hellip;\n","protected":false},"author":2,"featured_media":242776,"comment_status":"","ping_status":"","sticky":false,"template":"","format":"standard","meta":{"footnotes":""},"categories":[42],"tags":[1287,7994,17,18,2317,106,58900,13,14,11,1658,62353,584,61,62,63,64,19,20,9,10,15,16,1288,12,21,22,65,66,67],"class_list":{"0":"post-242775","1":"post","2":"type-post","3":"status-publish","4":"format-standard","5":"has-post-thumbnail","7":"category-internacional","8":"tag-aumenta","9":"tag-avisa","10":"tag-breaking-news","11":"tag-breakingnews","12":"tag-bruselas","13":"tag-contrato","14":"tag-extranjera","15":"tag-featured-news","16":"tag-featurednews","17":"tag-headlines","18":"tag-huawei","19":"tag-injerencia","20":"tag-interior","21":"tag-internacional","22":"tag-international","23":"tag-international-news","24":"tag-internationalnews","25":"tag-latest-news","26":"tag-latestnews","27":"tag-news","28":"tag-noticias","29":"tag-noticias-destacadas","30":"tag-noticiasdestacadas","31":"tag-riesgo","32":"tag-titulares","33":"tag-ultimas-noticias","34":"tag-ultimasnoticias","35":"tag-world","36":"tag-world-news","37":"tag-worldnews"},"share_on_mastodon":{"url":"https:\/\/pubeurope.com\/@es\/115570873900819317","error":""},"_links":{"self":[{"href":"https:\/\/www.europesays.com\/es\/wp-json\/wp\/v2\/posts\/242775","targetHints":{"allow":["GET"]}}],"collection":[{"href":"https:\/\/www.europesays.com\/es\/wp-json\/wp\/v2\/posts"}],"about":[{"href":"https:\/\/www.europesays.com\/es\/wp-json\/wp\/v2\/types\/post"}],"author":[{"embeddable":true,"href":"https:\/\/www.europesays.com\/es\/wp-json\/wp\/v2\/users\/2"}],"replies":[{"embeddable":true,"href":"https:\/\/www.europesays.com\/es\/wp-json\/wp\/v2\/comments?post=242775"}],"version-history":[{"count":0,"href":"https:\/\/www.europesays.com\/es\/wp-json\/wp\/v2\/posts\/242775\/revisions"}],"wp:featuredmedia":[{"embeddable":true,"href":"https:\/\/www.europesays.com\/es\/wp-json\/wp\/v2\/media\/242776"}],"wp:attachment":[{"href":"https:\/\/www.europesays.com\/es\/wp-json\/wp\/v2\/media?parent=242775"}],"wp:term":[{"taxonomy":"category","embeddable":true,"href":"https:\/\/www.europesays.com\/es\/wp-json\/wp\/v2\/categories?post=242775"},{"taxonomy":"post_tag","embeddable":true,"href":"https:\/\/www.europesays.com\/es\/wp-json\/wp\/v2\/tags?post=242775"}],"curies":[{"name":"wp","href":"https:\/\/api.w.org\/{rel}","templated":true}]}}