{"id":242777,"date":"2025-11-18T13:12:10","date_gmt":"2025-11-18T13:12:10","guid":{"rendered":"https:\/\/www.europesays.com\/es\/242777\/"},"modified":"2025-11-18T13:12:10","modified_gmt":"2025-11-18T13:12:10","slug":"lo-de-alpedrete-no-es-una-excepcion-asi-han-negado-cargos-del-pp-la-violencia-machista-el-salto","status":"publish","type":"post","link":"https:\/\/www.europesays.com\/es\/242777\/","title":{"rendered":"Lo de Alpedrete no es una excepci\u00f3n: as\u00ed han negado cargos del PP la violencia machista &#8211; El Salto"},"content":{"rendered":"<p>El alcalde de Alpedrete, Juan Rodr\u00edguez, ha asegurado que el presunto autor del asesinato de una mujer el s\u00e1bado en esta localidad madrile\u00f1a, sospechoso de haberle asestado\u00a050 pu\u00f1aladas antes de suicidarse, \u201cquer\u00eda mucho a su mujer\u201d. La Delegaci\u00f3n del Gobierno contra la Violencia de G\u00e9nero lo ha confirmado como un caso de <a href=\"https:\/\/www.elsaltodiario.com\/violencia-machista\" target=\"_blank\" rel=\"nofollow noopener\">violencia de g\u00e9nero<\/a>.El edil afirm\u00f3 que el asesinato \u201cno fue fruto del odio\u201d y que el autor \u201cla quer\u00eda\u201d y era \u201cbuen padre\u201d.\u00a0<\/p>\n<p>Sus palabras provocaron la reacci\u00f3n de la ministra de Igualdad, Ana Redondo, que exigi\u00f3 la\u00a0 rectificaci\u00f3n o dimisi\u00f3n del alcalde por considerar sus palabras \u201cintolerables\u201d y negacionistas\u201d. La ministra de Juventud e Infancia, <a href=\"https:\/\/www.elsaltodiario.com\/infancia\/entrevista-sira-rego-juventud-infancia\" target=\"_blank\" rel=\"nofollow noopener\">Sira Rego<\/a>, ha expresado tambi\u00e9n que el regidor \u201cdebe dimitir\u201d tras decir que el presunto autor del asesinato machista era \u201ccari\u00f1oso\u201d y \u201cmostraba respeto\u201d por su mujer. Tambi\u00e9n el presidente, Pedro S\u00e1nchez, se pronunci\u00f3 sobre el asunto: \u201cFrente a la violencia machista no hay medias tintas\u201d. Rodr\u00edguez ha pedido disculpas.<\/p>\n<blockquote><p>En febrero de 2025, el alcalde de Oviedo conden\u00f3 el asesinato de una mujer, pero reclam\u00f3 acto seguido la convocatoria de un minuto de silencio \u201ctambi\u00e9n cuando fallece un hombre\u201d<\/p><\/blockquote>\n<p>Pero no es la primera vez que cargos del PP minimizan, niegan o bromean con la violencia de g\u00e9nero. Ocurri\u00f3, por ejemplo, en febrero de este mismo a\u00f1o en Oviedo. Entonces, Alfredo Canteli, alcalde del PP, riz\u00f3 el rizo al condenar y negar la violencia machista al mismo tiempo. Canteli expres\u00f3 su \u201ccondena enorme\u201d por el asesinato de una mujer en la localidad asturiana de Sama de Langreo, pero reclam\u00f3 acto seguido que se haga un minuto de silencio \u201ctambi\u00e9n cuando fallece un hombre\u201d. \u201cHay que estar aqu\u00ed hoy, s\u00ed, pero hay que estar tambi\u00e9n cuando fallece un hombre\u201d. Adem\u00e1s aprovech\u00f3 para aderezar su declaraci\u00f3n con un poco de racismo: \u201c\u00bfQui\u00e9n la mat\u00f3? Un inmigrante\u201d. El presunto autor del crimen, por cierto, era un ciudadano nacido en Langreo.\u00a0<\/p>\n<p>Lamentablemente conocido fue tambi\u00e9n el show del alcalde del municipio de Vita (\u00c1vila), Antonio Mart\u00edn Hern\u00e1ndez, en el verano de 2023, que cantaba: \u201cMe encontr\u00e9 una ni\u00f1a sola en el bosque, la cog\u00ed de la manita y me la llev\u00e9 a mi camita. Le sub\u00ed la faldita y le baj\u00e9 la braguita\u201d. Es terrible hasta copiarlo, pero hay que hacerlo: son las palabras textuales que este hombre pronunci\u00f3 durante las fiestas en agosto de 2023, cuando hablaba sin tapujos de violar a una ni\u00f1a. A nadie\u00a0le extra\u00f1\u00f3 hasta que el v\u00eddeo empez\u00f3 a circular. El Partido Socialista y Podemos se\u00f1alaron esta actitud. El PP tuvo que actuar y expulsarlo. Tambi\u00e9n hubo excusas: el presidente de la Junta y del PP de Castilla y Le\u00f3n, Alfonso Fern\u00e1ndez Ma\u00f1ueco, dijo\u00a0que el alcalde, aunque estuviera en el Grupo Municipal del PP, no era afiliado.<\/p>\n<blockquote><p>El alcalde del municipio de Vita (\u00c1vila), enton\u00f3 en las fiestas \u00a0una cancioncilla sobre violar a una ni\u00f1a. Ma\u00f1ueco se disculp\u00f3 diciendo que era del Grupo municipal, pero no afiliado<\/p><\/blockquote>\n<p>En 2022, el alcalde de Estepona (M\u00e1laga), Jos\u00e9 Mar\u00eda Garc\u00eda Urbano (PP), tuvo que disculparse por hacer chistecitos con la violencia machista en un mitin. Desde el atril en una acto de partido en M\u00e1laga que clausur\u00f3 el l\u00edder del PP, Alberto N\u00fa\u00f1ez Feij\u00f3o, brome\u00f3 con el vendaje que llevaba en la mano: \u201cNi he metido la mano donde no debiera, ha sido un simple accidente dom\u00e9stico. Tampoco tiene que ver con la violencia de g\u00e9nero y tampoco me he abofeteado con nadie, que no lo he hecho en mi vida ni lo voy a hacer, y menos con los rivales pol\u00edticos\u201d. Ja.<\/p>\n<p>Luego en 2023, las elecciones municipales dejaron algunos titulares sobre condenados por violencia de g\u00e9nero en lista del PP.\u00a0En mayos de 2023, el PP de la localidad pontevedresa de A Illa cerr\u00f3 filas con su cabeza de cartel, Mat\u00edas Gonz\u00e1lez Ca\u00f1\u00f3n, despu\u00e9s de conocerse que fue condenado por pegarle pu\u00f1etazos\u00a0a su expareja en el a\u00f1o 2011. En Extremadura\u00a0dos cargos del PP extreme\u00f1o aparecieron en las elecciones municipales de 2023 en las listas de\u00a0un partido independiente que ten\u00eda como cabeza de lista a un condenado por violencia de g\u00e9nero, Alfredo Aguilera, quien cre\u00f3 una plataforma vecinal tras abandonar el PP en 2020\u00a0a ra\u00edz de la condena por malos tratos a su exesposa.\u00a0En Os Blancos (Ourense), el PSOE se\u00f1al\u00f3 la presencia de Jos\u00e9 Manuel Barreiro Jard\u00f3n en las listas: Berreiro hab\u00eda sido condenado a 20 meses de prisi\u00f3n y tres a\u00f1os de imposibilidad de acercarse a menos de 200 metros de su v\u00edctima, as\u00ed como no poder dirigirse a esa persona por ning\u00fan medio, en 2019, y la orden de alejamiento incluso segu\u00eda en vigor.<\/p>\n<p>En Granada, un\u00a0juzgado abri\u00f3 un <a href=\"https:\/\/www.elsaltodiario.com\/violencia-machista\/un-alcalde-del-pp-granada-procesado-violencia-sexual-una-concejala-mismo-partido\" target=\"_blank\" rel=\"nofollow noopener\">proceso judicial contra el exalcalde del PP de El Pinar<\/a>, Francisco Tito, por \u201cla posible comisi\u00f3n de un delito de acoso sexual y varios delitos de agresi\u00f3n sexual\u201d a la concejala de Igualdad, de su mismo partido durante su mandato. La edil denunci\u00f3 los actos en noviembre del pasado 2023, tras lo cual el alcalde present\u00f3 su dimisi\u00f3n.<\/p>\n<blockquote><p>Tras la conformaci\u00f3n de los gobiernos municipales, las alianzas entre PP y Vox se dejaron ver en la pol\u00edtica local, en concreto, en las convocatorias de minutos de silencio por las v\u00edctimas de violencia de g\u00e9nero que son habituales<\/p><\/blockquote>\n<p>Tras la conformaci\u00f3n de los gobiernos municipales, las alianzas entre PP y Vox se dejaron ver en la pol\u00edtica local, en concreto, en las convocatorias de minutos de silencio por las v\u00edctimas de violencia de g\u00e9nero que son habituales. As\u00ed, por ejemplo, en Talavera de la Reina (Toledo) el Gobierno local de PP y Vox cambiaron el t\u00e9rmino de \u201cviolencia machista\u201d por \u201cviolencia insana\u201d durante la celebraci\u00f3n del primer minuto de silencio\u00a0de estas caracter\u00edsticas, mientras que en Burgos el minuto de silencio por las v\u00edctimas de violencia de g\u00e9nero con el que comenzaban los plenos fue sustituido por un minuto de silencio por las v\u00edctimas de \u201cviolencia familiar\u201d.<\/p>\n<p>Claro que el PP no necesita a Vox para ser machista: en febrero de 2024, el alcalde del PP en Villar de Ca\u00f1as (Cuenca), Jos\u00e9 Mar\u00eda Saiz, asegur\u00f3 que la ministra de Igualdad, <a href=\"https:\/\/www.elsaltodiario.com\/irene-montero\" target=\"_blank\" rel=\"nofollow noopener\">Irene Montero<\/a>, \u201ctiene la boca llena de llagas de chup\u00e1rsela al coletas\u201d.\u00a0Feij\u00f3o denunci\u00f3 estas palabras y el PP\u00a0abri\u00f3 un expediente contra este se\u00f1or. \u00bfVa a hacer algo ahora con el alcalde de Alpedrete?<\/p>\n","protected":false},"excerpt":{"rendered":"El alcalde de Alpedrete, Juan Rodr\u00edguez, ha asegurado que el presunto autor del asesinato de una mujer el&hellip;\n","protected":false},"author":2,"featured_media":242778,"comment_status":"","ping_status":"","sticky":false,"template":"","format":"standard","meta":{"footnotes":""},"categories":[8],"tags":[517,17,18,25,24,13,14,11,19,20,9,10,15,16,7499,23,12,21,22],"class_list":{"0":"post-242777","1":"post","2":"type-post","3":"status-publish","4":"format-standard","5":"has-post-thumbnail","7":"category-espana","8":"tag-actualidad","9":"tag-breaking-news","10":"tag-breakingnews","11":"tag-es","12":"tag-espana","13":"tag-featured-news","14":"tag-featurednews","15":"tag-headlines","16":"tag-latest-news","17":"tag-latestnews","18":"tag-news","19":"tag-noticias","20":"tag-noticias-destacadas","21":"tag-noticiasdestacadas","22":"tag-partido-popular","23":"tag-spain","24":"tag-titulares","25":"tag-ultimas-noticias","26":"tag-ultimasnoticias"},"share_on_mastodon":{"url":"https:\/\/pubeurope.com\/@es\/115570877777731500","error":""},"_links":{"self":[{"href":"https:\/\/www.europesays.com\/es\/wp-json\/wp\/v2\/posts\/242777","targetHints":{"allow":["GET"]}}],"collection":[{"href":"https:\/\/www.europesays.com\/es\/wp-json\/wp\/v2\/posts"}],"about":[{"href":"https:\/\/www.europesays.com\/es\/wp-json\/wp\/v2\/types\/post"}],"author":[{"embeddable":true,"href":"https:\/\/www.europesays.com\/es\/wp-json\/wp\/v2\/users\/2"}],"replies":[{"embeddable":true,"href":"https:\/\/www.europesays.com\/es\/wp-json\/wp\/v2\/comments?post=242777"}],"version-history":[{"count":0,"href":"https:\/\/www.europesays.com\/es\/wp-json\/wp\/v2\/posts\/242777\/revisions"}],"wp:featuredmedia":[{"embeddable":true,"href":"https:\/\/www.europesays.com\/es\/wp-json\/wp\/v2\/media\/242778"}],"wp:attachment":[{"href":"https:\/\/www.europesays.com\/es\/wp-json\/wp\/v2\/media?parent=242777"}],"wp:term":[{"taxonomy":"category","embeddable":true,"href":"https:\/\/www.europesays.com\/es\/wp-json\/wp\/v2\/categories?post=242777"},{"taxonomy":"post_tag","embeddable":true,"href":"https:\/\/www.europesays.com\/es\/wp-json\/wp\/v2\/tags?post=242777"}],"curies":[{"name":"wp","href":"https:\/\/api.w.org\/{rel}","templated":true}]}}