{"id":242781,"date":"2025-11-18T13:18:08","date_gmt":"2025-11-18T13:18:08","guid":{"rendered":"https:\/\/www.europesays.com\/es\/242781\/"},"modified":"2025-11-18T13:18:08","modified_gmt":"2025-11-18T13:18:08","slug":"alcaraz-se-apunta-a-la-laver-cup-2026","status":"publish","type":"post","link":"https:\/\/www.europesays.com\/es\/242781\/","title":{"rendered":"Alcaraz se apunta a la Laver Cup 2026"},"content":{"rendered":"<p class=\"\"><a href=\"https:\/\/as.com\/tenis\/alcaraz-anuncia-que-no-jugara-la-copa-davis-f202511-n\/\" target=\"_self\" rel=\"nofollow noopener\" title=\"https:\/\/as.com\/tenis\/alcaraz-anuncia-que-no-jugara-la-copa-davis-f202511-n\/\">Una hora despu\u00e9s de que Carlos Alcaraz anunciase que no disputar\u00eda las Finales de la Copa Davis<\/a>, <b>la Laver Cup anunci\u00f3 que el tenista espa\u00f1ol y el estadounidense Taylor Fritz son los primeros tenistas confirmados para la Laver Cup 2026,<\/b> que se celebrar\u00e1 del 25 al 27 de septiembre en Londres.<\/p>\n<blockquote class=\"twitter-tweet\">\n<p lang=\"en\" dir=\"ltr\">The next chapter awaits.<\/p>\n<p>Carlos Alcaraz and Taylor Fritz are back and ready to reignite the rivalry between Europe and The World at Laver Cup London 2026.<\/p>\n<p>For more info on how fans can attend the ninth edition of the Laver Cup, read more here \u27a1\ufe0f <a href=\"https:\/\/t.co\/taU544EPL8\" rel=\"nofollow\">https:\/\/t.co\/taU544EPL8<\/a>\u2026 <a href=\"https:\/\/t.co\/mzOZgPPQbO\" rel=\"nofollow\">pic.twitter.com\/mzOZgPPQbO<\/a><\/p>\n<p>\u2014 Laver Cup (@LaverCup) <a href=\"https:\/\/twitter.com\/LaverCup\/status\/1990722500557230285?ref_src=twsrc%5Etfw\" rel=\"nofollow noopener\" target=\"_blank\">November 18, 2025<\/a><\/p><\/blockquote>\n<p class=\"\">De esta forma Alcaraz y Fritz volver\u00e1n a verse las caras de nuevo en esta competici\u00f3n despu\u00e9s de <b>enfrentarse en la edici\u00f3n de 2024 en Berl\u00edn,<\/b> con victoria del espa\u00f1ol por 6-2 y 7-5, con t\u00edtulo para Europa; y <b>en la edici\u00f3n de 2025 en San Francisco con victoria para Fritz por 6-3 y 6-2<\/b>, en un torneo en el que el equipo del Mundo acabar\u00eda conquistando el t\u00edtulo.<\/p>\n<p>Noticias relacionadas<\/p>\n<p class=\"\">En declaraciones recogidas por la organizaci\u00f3n del torneo, el propio Alcaraz mostraba su ilusi\u00f3n por competir en el torneo el a\u00f1o que viene. <b>\u201cJugar en el O2 de Londres ser\u00e1 incre\u00edble. Tener la oportunidad de estar en un equipo con jugadores a los que normalmente te enfrentas el resto del a\u00f1o es algo \u00fanico <\/b>y es lo que hace que quiera jugar la Laver Cup cada a\u00f1o. Espero que los aficionados nos apoyen y estoy muy motivado para ayudar a Europa a ganar la Laver Cup de nuevo\u201d.<\/p>\n<p class=\"\"><b>\u00a1Tus opiniones importan!<\/b> Comenta en los art\u00edculos y suscr\u00edbete gratis a nuestra <a href=\"https:\/\/asfan.as.com\/newsletters\/\" target=\"_blank\" rel=\"nofollow noopener\" title=\"https:\/\/asfan.as.com\/newsletters\/\">newsletter<\/a> y a las alertas informativas en la <a href=\"https:\/\/as.com\/aplicacion-de-as-n\/\" target=\"_blank\" rel=\"nofollow noopener\" title=\"https:\/\/as.com\/aplicacion-de-as-n\/\">App<\/a> o el canal de <a href=\"https:\/\/www.whatsapp.com\/channel\/0029VaAasdA7j6g745nz9M10\" target=\"_blank\" rel=\"nofollow noopener\" title=\"https:\/\/www.whatsapp.com\/channel\/0029VaAasdA7j6g745nz9M10\">WhatsApp<\/a>. \u00bfBuscas licenciar contenido? Haz clic <a href=\"https:\/\/profesional.elpais.com\/soluciones-sindicacion?utm_medium=interno&amp;utm_source=crosslinking&amp;utm_campaign=sindicacion_as_pie_articulos\" target=\"_blank\" rel=\"nofollow noopener\" title=\"https:\/\/profesional.elpais.com\/soluciones-sindicacion?utm_medium=interno&amp;utm_source=crosslinking&amp;utm_campaign=sindicacion_as_pie_articulos\">aqu\u00ed<\/a><\/p>\n<p><script async src=\"https:\/\/platform.twitter.com\/widgets.js\" charset=\"utf-8\"><\/script><\/p>\n","protected":false},"excerpt":{"rendered":"Una hora despu\u00e9s de que Carlos Alcaraz anunciase que no disputar\u00eda las Finales de la Copa Davis, la&hellip;\n","protected":false},"author":2,"featured_media":242782,"comment_status":"","ping_status":"","sticky":false,"template":"","format":"standard","meta":{"footnotes":""},"categories":[274],"tags":[168,25,24,23,167,327,326],"class_list":{"0":"post-242781","1":"post","2":"type-post","3":"status-publish","4":"format-standard","5":"has-post-thumbnail","7":"category-tenis","8":"tag-deportes","9":"tag-es","10":"tag-espana","11":"tag-spain","12":"tag-sports","13":"tag-tenis","14":"tag-tennis"},"share_on_mastodon":{"url":"https:\/\/pubeurope.com\/@es\/115570901432125613","error":""},"_links":{"self":[{"href":"https:\/\/www.europesays.com\/es\/wp-json\/wp\/v2\/posts\/242781","targetHints":{"allow":["GET"]}}],"collection":[{"href":"https:\/\/www.europesays.com\/es\/wp-json\/wp\/v2\/posts"}],"about":[{"href":"https:\/\/www.europesays.com\/es\/wp-json\/wp\/v2\/types\/post"}],"author":[{"embeddable":true,"href":"https:\/\/www.europesays.com\/es\/wp-json\/wp\/v2\/users\/2"}],"replies":[{"embeddable":true,"href":"https:\/\/www.europesays.com\/es\/wp-json\/wp\/v2\/comments?post=242781"}],"version-history":[{"count":0,"href":"https:\/\/www.europesays.com\/es\/wp-json\/wp\/v2\/posts\/242781\/revisions"}],"wp:featuredmedia":[{"embeddable":true,"href":"https:\/\/www.europesays.com\/es\/wp-json\/wp\/v2\/media\/242782"}],"wp:attachment":[{"href":"https:\/\/www.europesays.com\/es\/wp-json\/wp\/v2\/media?parent=242781"}],"wp:term":[{"taxonomy":"category","embeddable":true,"href":"https:\/\/www.europesays.com\/es\/wp-json\/wp\/v2\/categories?post=242781"},{"taxonomy":"post_tag","embeddable":true,"href":"https:\/\/www.europesays.com\/es\/wp-json\/wp\/v2\/tags?post=242781"}],"curies":[{"name":"wp","href":"https:\/\/api.w.org\/{rel}","templated":true}]}}