{"id":242795,"date":"2025-11-18T13:27:13","date_gmt":"2025-11-18T13:27:13","guid":{"rendered":"https:\/\/www.europesays.com\/es\/242795\/"},"modified":"2025-11-18T13:27:13","modified_gmt":"2025-11-18T13:27:13","slug":"the-spitfires-critica-de-mkii-en-mondo-sonoro-2025","status":"publish","type":"post","link":"https:\/\/www.europesays.com\/es\/242795\/","title":{"rendered":"The Spitfires, cr\u00edtica de MKII en Mondo Sonoro (2025)"},"content":{"rendered":"<p>Qu\u00e9 placentero y satisfactorio resulta siempre, y temporada tras temporada, recibir discos tan encantadoramente evidentes y sin trampa ni cart\u00f3n como viene siendo el presente <strong>\u201cMKII\u201d<\/strong> firmado por los brit\u00e1nicos <strong><a href=\"https:\/\/www.mondosonoro.com\/artistas-musica\/the-spitfires\/\" rel=\"nofollow noopener\" target=\"_blank\">The Spitfires<\/a><\/strong>. La \u00faltima entrega de la banda liderada por Billy Sullivan vuelve a rezumar aroma cl\u00e1sico por los cuatro costados, empapado a conciencia en oleadas de ska, influencias mod, actitudes punk, algo de britpop y un indie-pop-rock de guitarras ejerciendo como pegamento a lo largo y ancho de toda la referencia.<\/p>\n<p>Ingredientes todos ellos con generosa cabida entre los m\u00e1rgenes de esos treinta y cinco minutos que conforman un elep\u00e9 que cabe aprovechar hasta el borde. Quiz\u00e1 impulsado por ese aire fresco insuflado por la nueva formaci\u00f3n de la que se hace acompa\u00f1ar, Sullivan firma el que ser\u00eda el \u00e1lbum m\u00e1s evidentemente redondo y ambicioso hasta la fecha de<strong> The Spitfires<\/strong>. Los de Hertfordshire saquean, con olfato y materializando la maniobra en canciones afiladas y funcionales, a The Specials, The Clash, The Style Council, Madness, David Bowie o The Jam. Una base gen\u00e9rica que, si bien carece de originalidad, evidencia a cambio una especial habilidad por parte de sus autores a la hora de reciclar influencias en beneficio propio.<\/p>\n<p>El combo presenta dianas como los singles \u201cI&#8217;ll Never\u201d y \u201cBetter The Devil You Know\u201d, la juguetona \u201cA Man Out Of Time\u201d o \u201cThe Great Divide\u201d, adem\u00e1s de \u201cI Can&#8217;t Keep This Up\u201d, \u201cLet Me Tell Ya\u201d, \u201cWhere Did We Go Wrong\u201d y \u201cLike They Used To\u201d, que apuntan a <a href=\"https:\/\/www.mondosonoro.com\/artistas-musica\/morrissey\/\" rel=\"nofollow noopener\" target=\"_blank\">Morrissey<\/a>, <a href=\"https:\/\/www.mondosonoro.com\/artistas-musica\/happy-mondays\/\" rel=\"nofollow noopener\" target=\"_blank\">Happy Mondays<\/a>, The Housemartins y <a href=\"https:\/\/www.mondosonoro.com\/artistas-musica\/edwyn-collins\/\" rel=\"nofollow noopener\" target=\"_blank\">Edwyn Collins<\/a> respectivamente.<strong> \u201cMKII\u201d<\/strong> es un \u00e1lbum m\u00e1s que notable e incuestionable para los amantes de los g\u00e9neros y artistas mencionados. Una gominola de ritmo \u00e1gil y despreocupado, que contrasta con lo perfiladas que lucen las mismas canciones, conformando una colecci\u00f3n que se antoja tan excitante como elegante.<\/p>\n","protected":false},"excerpt":{"rendered":"Qu\u00e9 placentero y satisfactorio resulta siempre, y temporada tras temporada, recibir discos tan encantadoramente evidentes y sin trampa&hellip;\n","protected":false},"author":2,"featured_media":242796,"comment_status":"","ping_status":"","sticky":false,"template":"","format":"standard","meta":{"footnotes":""},"categories":[170],"tags":[146,147,25,24,184,185,23],"class_list":{"0":"post-242795","1":"post","2":"type-post","3":"status-publish","4":"format-standard","5":"has-post-thumbnail","7":"category-musica","8":"tag-entertainment","9":"tag-entretenimiento","10":"tag-es","11":"tag-espana","12":"tag-music","13":"tag-musica","14":"tag-spain"},"share_on_mastodon":{"url":"https:\/\/pubeurope.com\/@es\/115570936907628240","error":""},"_links":{"self":[{"href":"https:\/\/www.europesays.com\/es\/wp-json\/wp\/v2\/posts\/242795","targetHints":{"allow":["GET"]}}],"collection":[{"href":"https:\/\/www.europesays.com\/es\/wp-json\/wp\/v2\/posts"}],"about":[{"href":"https:\/\/www.europesays.com\/es\/wp-json\/wp\/v2\/types\/post"}],"author":[{"embeddable":true,"href":"https:\/\/www.europesays.com\/es\/wp-json\/wp\/v2\/users\/2"}],"replies":[{"embeddable":true,"href":"https:\/\/www.europesays.com\/es\/wp-json\/wp\/v2\/comments?post=242795"}],"version-history":[{"count":0,"href":"https:\/\/www.europesays.com\/es\/wp-json\/wp\/v2\/posts\/242795\/revisions"}],"wp:featuredmedia":[{"embeddable":true,"href":"https:\/\/www.europesays.com\/es\/wp-json\/wp\/v2\/media\/242796"}],"wp:attachment":[{"href":"https:\/\/www.europesays.com\/es\/wp-json\/wp\/v2\/media?parent=242795"}],"wp:term":[{"taxonomy":"category","embeddable":true,"href":"https:\/\/www.europesays.com\/es\/wp-json\/wp\/v2\/categories?post=242795"},{"taxonomy":"post_tag","embeddable":true,"href":"https:\/\/www.europesays.com\/es\/wp-json\/wp\/v2\/tags?post=242795"}],"curies":[{"name":"wp","href":"https:\/\/api.w.org\/{rel}","templated":true}]}}