{"id":242822,"date":"2025-11-18T13:47:19","date_gmt":"2025-11-18T13:47:19","guid":{"rendered":"https:\/\/www.europesays.com\/es\/242822\/"},"modified":"2025-11-18T13:47:19","modified_gmt":"2025-11-18T13:47:19","slug":"el-desconocido-pasado-en-comun-de-mario-vaquerizo-y-elsa-pataky","status":"publish","type":"post","link":"https:\/\/www.europesays.com\/es\/242822\/","title":{"rendered":"El desconocido pasado en com\u00fan de Mario Vaquerizo y Elsa Pataky"},"content":{"rendered":"<p><a href=\"https:\/\/okdiario.com\/look\/actualidad\/mario-vaquerizo-pronuncia-polemico-pregon-elche-que-tiene-boca-equivoca-2356097\" rel=\"nofollow noopener\" target=\"_blank\"><strong>Mario Vaquerizo<\/strong><\/a> ha gestionado durante muchos a\u00f1os la carrera profesional de numerosos famosos, entre los que se encuentra <strong>Elsa Pataky<\/strong>. Sin embargo, su relaci\u00f3n profesional se romp\u00eda de manera inesperada despu\u00e9s de varios a\u00f1os. Concretamente, fue la actriz la que decid\u00eda prescindir de sus servicios, y Vaquerizo no dudaba en explicar el motivo de esa decisi\u00f3n:<\/p>\n<p><strong>\u00abElsa decidi\u00f3 prescindir de m\u00ed porque\u00a0se iba a Los \u00c1ngeles y yo pues no pod\u00eda con la situaci\u00f3n, el ingl\u00e9s\u2026\u00bb<\/strong>, ha detallado sobre las razones que hay tras esa decisi\u00f3n. Sin embargo, las cosas entre ellos parecen haber terminado en buenos t\u00e9rminos: \u00abLo importante es decir las cosas claras, hablar claro, y no cometer ninguna infidelidad, igual que en una relaci\u00f3n amorosa\u00bb, asegura.<\/p>\n<p>\n<img decoding=\"async\" loading=\"lazy\" class=\"size-medium wp-image-2427865\" alt=\"Mario Vaquerizo en un concierto. (Foto: Gtres)\" width=\"620\" height=\"349\"  src=\"https:\/\/www.europesays.com\/es\/wp-content\/uploads\/2025\/10\/placeholder.jpg\"  bad-src=\"https:\/\/www.europesays.com\/es\/wp-content\/uploads\/2025\/10\/placeholder.jpg\"\/><\/p>\n<p><img decoding=\"async\" loading=\"lazy\" class=\"size-medium wp-image-2427865\" src=\"https:\/\/www.europesays.com\/es\/wp-content\/uploads\/2025\/11\/mario-vaquerizo-en-un-concierto-620x349.jpg\" alt=\"Mario Vaquerizo en un concierto. (Foto: Gtres)\" width=\"620\" height=\"349\"  \/><\/p>\n<p> Mario Vaquerizo en un concierto. (Foto: Gtres)\n<\/p>\n<p>La amistad entre Mario Vaquerizo y Elsa Pataky<\/p>\n<p>De hecho, ambos han protagonizado numerosos reencuentros a lo largo de los a\u00f1os. <strong>\u00abElsita, una vez m\u00e1s nuestros encuentros demuestran lo conectados que estamos entre nosotros, lo que nos re\u00edmos juntos\u00bb<\/strong>, presum\u00eda orgulloso en redes sociales durante una de las \u00faltimas veces. \u00abY lo felices que somos estando juntos. Siempre fue as\u00ed, y siempre lo ser\u00e1\u00bb.<\/p>\n<blockquote class=\"instagram-media\" style=\"background: #FFF; border: 0; border-radius: 3px; box-shadow: 0 0 1px 0 rgba(0,0,0,0.5),0 1px 10px 0 rgba(0,0,0,0.15); margin: 1px; max-width: 540px; min-width: 326px; padding: 0; width: calc(100% - 2px);\" data-instgrm-captioned=\"\" data-instgrm-permalink=\"https:\/\/www.instagram.com\/p\/DKPEFpeIm-x\/?utm_source=ig_embed&amp;utm_campaign=loading\" data-instgrm-version=\"14\">\n<\/blockquote>\n<p>Del mismo modo, el marido de Alaska deja muy claro que <a href=\"https:\/\/okdiario.com\/look\/actualidad\/plan-sabor-espanol-mario-vaquerizo-elsa-pataky-cena-chicas-2349091\" rel=\"nofollow noopener\" target=\"_blank\">\u00abun buen manager no es nada sin un buen artista\u00bb<\/a>. Pero, ante todo, tiene que \u00abestar preparado para cuando se ha prescindido de \u00e9l y afrontar una nueva etapa\u00bb. Y es que esa ruptura en el \u00e1mbito laboral no ha afectado en absoluto a la relaci\u00f3n personal que mantiene con la actriz. De hecho, siempre se ha alegrado por los \u00e9xitos de su amiga, que actualmente vive en Australia junto a Chris Hemsworth y sus tres hijos. <strong>\u00abEres un amor! Que bonito verte de nuevo y re\u00edrnos juntos otra vez\u00bb, <\/strong>le respond\u00eda ella.<\/p>\n<p>\n<img decoding=\"async\" loading=\"lazy\" class=\"size-medium wp-image-2427875\" alt=\"Elsa Pataky y Mario Vaquerizo. (Foto: Gtres)\" width=\"413\" height=\"620\"  src=\"https:\/\/www.europesays.com\/es\/wp-content\/uploads\/2025\/10\/placeholder.jpg\"  bad-src=\"https:\/\/www.europesays.com\/es\/wp-content\/uploads\/2025\/10\/placeholder.jpg\"\/><\/p>\n<p><img decoding=\"async\" loading=\"lazy\" class=\"size-medium wp-image-2427875\" src=\"https:\/\/www.europesays.com\/es\/wp-content\/uploads\/2025\/11\/elsa-pataky-y-mario-vaquerizo-en-un-evento-413x620.jpg\" alt=\"Elsa Pataky y Mario Vaquerizo. (Foto: Gtres)\" width=\"413\" height=\"620\"  \/><\/p>\n<p> Elsa Pataky y Mario Vaquerizo. (Foto: Gtres)\n<\/p>\n<p>Por su parte, Pataky siempre aprovecha sus visitas a Espa\u00f1a para reunirse con sus grandes amigos, a los que tiene en cuenta en cada ocasi\u00f3n. Por ejemplo, en julio pudimos verles protagonizando una divertida cena en Casa Salvador, -lugar de tradici\u00f3n en la capital madrile\u00f1a-, junto a la estilista <strong>Beatriz Matallana.<\/strong><\/p>\n<p>Una historia de amor de m\u00e1s de dos d\u00e9cadas<\/p>\n<p>M\u00e1s all\u00e1 de su \u00e9xito sobre los escenarios, Vaquerizo tambi\u00e9n se ha encargado de representar a su mujer, Alaska. Una cuesti\u00f3n que ha sido de lo m\u00e1s comentada, ya que tambi\u00e9n son pareja. <strong>\u00abUna cosa es lo personal y otro lo profesional. El problema es c\u00f3mo afrontas eso, si sabes hacerlo\u00bb<\/strong>, sostiene.<\/p>\n<p>\n<img decoding=\"async\" loading=\"lazy\" class=\"size-medium wp-image-2427896\" alt=\"Mario Vaquerizo y Alaska. (Foto: Gtres)\" width=\"620\" height=\"349\"  src=\"https:\/\/www.europesays.com\/es\/wp-content\/uploads\/2025\/10\/placeholder.jpg\"  bad-src=\"https:\/\/www.europesays.com\/es\/wp-content\/uploads\/2025\/10\/placeholder.jpg\"\/><\/p>\n<p><img decoding=\"async\" loading=\"lazy\" class=\"size-medium wp-image-2427896\" src=\"https:\/\/www.europesays.com\/es\/wp-content\/uploads\/2025\/11\/mario-vaquerizo-y-alaska-620x349.jpg\" alt=\"Mario Vaquerizo y Alaska. (Foto: Gtres)\" width=\"620\" height=\"349\"  \/><\/p>\n<p> Mario Vaquerizo y Alaska. (Foto: Gtres)\n<\/p>\n<p>Tras m\u00e1s de dos d\u00e9cadas juntos, Mario y su mujer siguen tan unidos como el primer d\u00eda. Lo que queda bastante patente en las constantes declaraciones de amor que dejan en redes sociales. \u00abLo mejor que me ha pasado en la vida es mi ni\u00f1a. <strong>Alaska, perd\u00f3name pero cada d\u00eda soy m\u00e1s desastre con las fechas importantes<\/strong>. \u00bfSabes por qu\u00e9? \u00a1Porque hay tantas! Y que sigan llegando m\u00e1s.\u00a0Te quiero, mu\u00f1eca\u00bb.<\/p>\n<p>\t\t\t\t\t\t\t<script async src=\"\/\/www.instagram.com\/embed.js\"><\/script><\/p>\n","protected":false},"excerpt":{"rendered":"Mario Vaquerizo ha gestionado durante muchos a\u00f1os la carrera profesional de numerosos famosos, entre los que se encuentra&hellip;\n","protected":false},"author":2,"featured_media":242823,"comment_status":"","ping_status":"","sticky":false,"template":"","format":"standard","meta":{"footnotes":""},"categories":[174],"tags":[255,62357,146,147,25,24,256,23],"class_list":{"0":"post-242822","1":"post","2":"type-post","3":"status-publish","4":"format-standard","5":"has-post-thumbnail","7":"category-famosos","8":"tag-celebrities","9":"tag-elsa-pataky-pasado-comun-mario-vaquerizo","10":"tag-entertainment","11":"tag-entretenimiento","12":"tag-es","13":"tag-espana","14":"tag-famosos","15":"tag-spain"},"share_on_mastodon":{"url":"https:\/\/pubeurope.com\/@es\/115571015601155705","error":""},"_links":{"self":[{"href":"https:\/\/www.europesays.com\/es\/wp-json\/wp\/v2\/posts\/242822","targetHints":{"allow":["GET"]}}],"collection":[{"href":"https:\/\/www.europesays.com\/es\/wp-json\/wp\/v2\/posts"}],"about":[{"href":"https:\/\/www.europesays.com\/es\/wp-json\/wp\/v2\/types\/post"}],"author":[{"embeddable":true,"href":"https:\/\/www.europesays.com\/es\/wp-json\/wp\/v2\/users\/2"}],"replies":[{"embeddable":true,"href":"https:\/\/www.europesays.com\/es\/wp-json\/wp\/v2\/comments?post=242822"}],"version-history":[{"count":0,"href":"https:\/\/www.europesays.com\/es\/wp-json\/wp\/v2\/posts\/242822\/revisions"}],"wp:featuredmedia":[{"embeddable":true,"href":"https:\/\/www.europesays.com\/es\/wp-json\/wp\/v2\/media\/242823"}],"wp:attachment":[{"href":"https:\/\/www.europesays.com\/es\/wp-json\/wp\/v2\/media?parent=242822"}],"wp:term":[{"taxonomy":"category","embeddable":true,"href":"https:\/\/www.europesays.com\/es\/wp-json\/wp\/v2\/categories?post=242822"},{"taxonomy":"post_tag","embeddable":true,"href":"https:\/\/www.europesays.com\/es\/wp-json\/wp\/v2\/tags?post=242822"}],"curies":[{"name":"wp","href":"https:\/\/api.w.org\/{rel}","templated":true}]}}