{"id":242826,"date":"2025-11-18T13:51:09","date_gmt":"2025-11-18T13:51:09","guid":{"rendered":"https:\/\/www.europesays.com\/es\/242826\/"},"modified":"2025-11-18T13:51:09","modified_gmt":"2025-11-18T13:51:09","slug":"tenia-un-contrato-de-confidencialidad-y-tuve-que-guardar-el-secreto-un-mes","status":"publish","type":"post","link":"https:\/\/www.europesays.com\/es\/242826\/","title":{"rendered":"Ten\u00eda un contrato de confidencialidad y tuve que guardar el secreto un mes"},"content":{"rendered":"<p>El pasado 7 de noviembre, el Roig Arena de Valencia fue testigo de una noche inolvidable con la celebraci\u00f3n de Los 40 Music Awards, evento donde Rosal\u00eda present\u00f3 en directo su tema \u00abReliquia\u00bb, incluido en su <a data-external=\"0\" data-intl-links-es=\"https:\/\/www.infobierzo.com\/tendencias\/musica\/rosalia-presenta-lux-innovador-album-13-idiomas_1029665_102.html\" href=\"https:\/\/www.infobierzo.com\/tendencias\/musica\/rosalia-presenta-lux-innovador-album-13-idiomas_1029665_102.html\" rel=\"follow nofollow noopener\" target=\"_blank\" title=\"Rosal\u00eda presenta &#039;Lux&#039;, su innovador \u00e1lbum en 13 idiomas que redefine su carrera musical\">\u00faltimo \u00e1lbum Lux<\/a>. La cantante catalana deleit\u00f3 a un p\u00fablico aproximado de 18.000 personas con una actuaci\u00f3n cuidadosamente orquestada que combin\u00f3 sonidos cl\u00e1sicos y modernos.<\/p>\n<p>Entrevista a Laura Ca\u00f1as\u00a0<\/p>\n<p>\u00a0<\/p>\n<p>La interpretaci\u00f3n comenz\u00f3 con una orquesta que ejecut\u00f3 las cuerdas emblem\u00e1ticas del tema. Poco despu\u00e9s, Rosal\u00eda apareci\u00f3 rodeada por cruces luminosas que proyectaban fragmentos del texto, creando una atm\u00f3sfera visual impactante. Entre los m\u00fasicos destac\u00f3 Laura Ca\u00f1as Huerga, una talentosa flautista originaria de Ponferrada y nacida en 2006, quien fue seleccionada para formar parte del conjunto instrumental.<\/p>\n<p>No obstante, cuando a Laura le ofrecieron la oportunidad de tocar en Los 40 Music Awards, ella no sab\u00eda qui\u00e9n era el artista a quien\u00a0iba a acompa\u00f1ar: <strong>\u00abNo me pod\u00edan decir con qui\u00e9n iba a tocar. Solo me dec\u00edan fechas, la informaci\u00f3n del evento, pero no me pod\u00edan decir qui\u00e9n iba a ser el artista\u00bb. \u00abCuando me enter\u00e9 de que iba a ser Rosal\u00eda, no me lo pod\u00eda creer. Y como ten\u00edamos contrato de confidencialidad, tuve que guardar el secreto durante un mes\u00bb.<\/strong><\/p>\n<p>Sin embargo, esto no asust\u00f3 Laura: \u00abMe lo pens\u00e9 mucho porque yo ten\u00eda clase y no me ve\u00eda muy bien del todo. Pero como me dijeron que s\u00ed, que fuera y acept\u00e9. <strong>Me apunt\u00e9 a la aventura y no me esperaba para nada que fuera Rosal\u00eda<\/strong>\u00ab.<\/p>\n<p>Entrevista a Laura Ca\u00f1as\u00a0<\/p>\n<p>\u00a0<\/p>\n<p>Una aventura que no olvidar\u00e1 nunca, pese a los nervios de los d\u00edas anteriores:<strong> \u00abEn los momentos de antes, estaba muy nerviosa porque todo era muy exigente. Todo ten\u00eda que salir muy, muy perfecto. Tuvimos ensayo la noche de antes de la gala, que fue nocturno y todo ten\u00eda que estar perfecto\u00bb.<\/strong><\/p>\n<p>A pesar de su juventud, Laura ha demostrado un notable dominio musical desde temprana edad. Inici\u00f3 sus estudios a los seis a\u00f1os y ha participado en diversas orquestas y agrupaciones tanto nacionales como europeas, acumulando reconocimientos que respaldan su habilidad art\u00edstica. Su participaci\u00f3n en la gala se mantuvo confidencial hasta el \u00faltimo momento debido a restricciones contractuales.<\/p>\n<p>\u00ab<strong>La flauta y yo nos conocimos a los seis a\u00f1os. <\/strong>Yo recuerdo que hab\u00eda estado desde muy peque\u00f1a en M\u00fasica y Movimiento y, cuando llegabas a cierta edad, ten\u00edas que elegir un instrumento. Solo recuerdo ver la flauta, que la profesora preguntara qui\u00e9n quer\u00eda probar y yo levant\u00e9 la mano. <strong>Cuando me dieron la cabeza de la flauta, la hice sonar y me pareci\u00f3 una locura. Ah\u00ed fue cuando dije que yo quer\u00eda tocar la flauta<\/strong>\u00ab.<\/p>\n<p>En cuanto a sus planes de futuro, Laura lo tiene claro: \u00abMi sue\u00f1o es conseguir una plaza en una orquesta, pero tambi\u00e9n\u00a0me gusta dar clase, me divierto mucho y me parece muy interesante. Me gustar\u00eda poder compaginar ambas cosas\u00bb.<\/p>\n<p>Entrevista a Laura Ca\u00f1as\u00a0<\/p>\n<p>\u00a0<\/p>\n<p>Actuaci\u00f3n de Rosal\u00eda en Los 40 Music Awards<\/p>\n<p>\u00abReliquia\u00bb destaca por su fusi\u00f3n entre sonidos cl\u00e1sicos y elementos electr\u00f3nicos como el drum and bass noventero y palmas flamencas, reflejando adem\u00e1s experiencias personales vividas por Rosal\u00eda en ciudades como Par\u00eds, Los \u00c1ngeles o Granada. Curiosamente, este sencillo se filtr\u00f3 accidentalmente en Spotify antes del lanzamiento oficial.<\/p>\n<p>Antes del espect\u00e1culo, Rosal\u00eda desfil\u00f3 por la alfombra roja vestida completamente de negro \u2014en contraste con la imagen monacal presente en la portada del disco\u2014 mientras saludaba a medios y firmaba aut\u00f3grafos. Por su parte, Laura Ca\u00f1as comparti\u00f3 tras la experiencia que Rosal\u00eda es muy cercana y accesible, desmintiendo as\u00ed cualquier percepci\u00f3n distante o diva. Aunque inicialmente no era seguidora habitual de la cantante, ahora escucha sus canciones con mayor inter\u00e9s.<\/p>\n<p>Adem\u00e1s de Rosal\u00eda, esta edici\u00f3n inaugural celebrada en Valencia cont\u00f3 con nominaciones para artistas destacados como Aitana, Ed Sheeran, Dani Mart\u00edn, Quevedo, Bad Bunny y Karol G.<\/p>\n<p>M\u00fasicos que acompa\u00f1aron a Rosal\u00eda en la actuaci\u00f3n de LOS40.<\/p>\n<p>\u00a0<\/p>\n<p>Ent\u00e9rate de las \u00faltimas noticias y avisos importantes haci\u00e9ndote seguidor de nuestro\u00a0<a data-external=\"1\" href=\"https:\/\/whatsapp.com\/channel\/0029VaD5vjLHrDZi3y6H6Q3v\" rel=\"nofollow noopener\" target=\"_blank\" title=\"canal en WhatsApp. Entra en este enlace\">canal en WhatsApp. Entra en este enlace<\/a>\u00a0y activa las notificaciones del Canal<\/p>\n<p>\u00bfHas sido testigo de alg\u00fan suceso o accidente? Tu foto o video tienen valor para nosotros (\u20ac).\u00a0<a data-external=\"1\" href=\"https:\/\/www.infobierzo.com\/foto-suceso.html\" rel=\"follow nofollow noopener\" target=\"_blank\" title=\"Accede al Cuestionario de env\u00edo (s\u00f3lo para cuando ocurre) y Condiciones\">Accede al Cuestionario de env\u00edo (s\u00f3lo para cuando ocurre) y Condiciones<\/a><\/p>\n<p>\u00a0<\/p>\n<p>Entrevista a Laura Ca\u00f1as (3)<\/p>\n<p>\u00a0<\/p>\n","protected":false},"excerpt":{"rendered":"El pasado 7 de noviembre, el Roig Arena de Valencia fue testigo de una noche inolvidable con la&hellip;\n","protected":false},"author":2,"featured_media":242827,"comment_status":"","ping_status":"","sticky":false,"template":"","format":"standard","meta":{"footnotes":""},"categories":[170],"tags":[146,147,25,24,184,185,23],"class_list":{"0":"post-242826","1":"post","2":"type-post","3":"status-publish","4":"format-standard","5":"has-post-thumbnail","7":"category-musica","8":"tag-entertainment","9":"tag-entretenimiento","10":"tag-es","11":"tag-espana","12":"tag-music","13":"tag-musica","14":"tag-spain"},"share_on_mastodon":{"url":"https:\/\/pubeurope.com\/@es\/115571031010532626","error":""},"_links":{"self":[{"href":"https:\/\/www.europesays.com\/es\/wp-json\/wp\/v2\/posts\/242826","targetHints":{"allow":["GET"]}}],"collection":[{"href":"https:\/\/www.europesays.com\/es\/wp-json\/wp\/v2\/posts"}],"about":[{"href":"https:\/\/www.europesays.com\/es\/wp-json\/wp\/v2\/types\/post"}],"author":[{"embeddable":true,"href":"https:\/\/www.europesays.com\/es\/wp-json\/wp\/v2\/users\/2"}],"replies":[{"embeddable":true,"href":"https:\/\/www.europesays.com\/es\/wp-json\/wp\/v2\/comments?post=242826"}],"version-history":[{"count":0,"href":"https:\/\/www.europesays.com\/es\/wp-json\/wp\/v2\/posts\/242826\/revisions"}],"wp:featuredmedia":[{"embeddable":true,"href":"https:\/\/www.europesays.com\/es\/wp-json\/wp\/v2\/media\/242827"}],"wp:attachment":[{"href":"https:\/\/www.europesays.com\/es\/wp-json\/wp\/v2\/media?parent=242826"}],"wp:term":[{"taxonomy":"category","embeddable":true,"href":"https:\/\/www.europesays.com\/es\/wp-json\/wp\/v2\/categories?post=242826"},{"taxonomy":"post_tag","embeddable":true,"href":"https:\/\/www.europesays.com\/es\/wp-json\/wp\/v2\/tags?post=242826"}],"curies":[{"name":"wp","href":"https:\/\/api.w.org\/{rel}","templated":true}]}}