{"id":242832,"date":"2025-11-18T13:54:12","date_gmt":"2025-11-18T13:54:12","guid":{"rendered":"https:\/\/www.europesays.com\/es\/242832\/"},"modified":"2025-11-18T13:54:12","modified_gmt":"2025-11-18T13:54:12","slug":"salud-cerebral-para-conseguir-salud-mental","status":"publish","type":"post","link":"https:\/\/www.europesays.com\/es\/242832\/","title":{"rendered":"Salud cerebral para conseguir salud mental"},"content":{"rendered":"<p>            <a href=\"https:\/\/gacetamedica.com\/wp-content\/uploads\/2025\/11\/Neurologia-scaled-e1763455301980.jpg\" data-caption=\"FOTOS: A. P\u00e9rez Meca y Daniel V\u00e1zquez.\" rel=\"nofollow noopener\" target=\"_blank\"><img loading=\"lazy\" decoding=\"async\" width=\"696\" height=\"464\" class=\"entry-thumb td-modal-image\" src=\"https:\/\/www.europesays.com\/es\/wp-content\/uploads\/2025\/11\/Neurologia-696x464.jpg\"   alt=\"\" title=\"\"\/><\/a>FOTOS: A. P\u00e9rez Meca y Daniel V\u00e1zquez.<\/p>\n<p class=\"has-black-color has-text-color has-link-color wp-elements-05913a10459e445e983e878fd3872337\">El <strong>Hospital Universitario La Paz, de Madrid, gan\u00f3, en la categor\u00eda de Mejor Servicio de Neurolog\u00eda, en la vig\u00e9sima edici\u00f3n de los Premios Best in Class (BiC)<\/strong>. <a>Las encargadas de recoger la distinci\u00f3n en el acto que se celebr\u00f3 el 17 de noviembre en Madrid fueron <strong>Ana Frank Garc\u00eda<\/strong>, jefa del Servicio de Neurolog\u00eda,<strong> <\/strong>y<strong> Mar\u00eda Alonso de Leci\u00f1ana Cases<\/strong>, coordinadora de calidad del Servicio, de la mano de Almudena Quintana, Directora General Asistencial de la Comunidad de Madrid.<\/a><\/p>\n<p><img fetchpriority=\"high\" decoding=\"async\" width=\"1440\" height=\"2560\" src=\"https:\/\/www.europesays.com\/es\/wp-content\/uploads\/2025\/11\/image00003-edited-scaled.jpeg\" alt=\"\" class=\"wp-image-220812\" style=\"width:209px;height:auto\"  \/>Ana Frank, jefa del Servicio de Neurolog\u00eda.<\/p>\n<p>Para esta experta, el BiC supone la confirmaci\u00f3n de que<strong> el servicio se mantiene en una continuidad, sostenida durante a\u00f1os, ya que lleg\u00f3 a ganar el BiC 5 estrellas<\/strong>. El galard\u00f3n es una \u201csatisfacci\u00f3n\u201d por \u201cmantenernos a la vanguardia de los servicios de neurolog\u00eda espa\u00f1oles\u201d.<\/p>\n<p>De entre todos los proyectos que llevan a cabo en la unidad, Frank destac\u00f3, en primer lugar, <strong>disponer de la primera Unidad de Ictus de toda Espa\u00f1a<\/strong>, \u201cla nuestra fue la pionera, y a partir de ah\u00ed se fue extendiendo el modelo que nosotros recomendamos. Un punto muy fuerte de nuestro servicio es la organizaci\u00f3n que tenemos de todas las enfermedades cerebrovasculares, porque bueno, adem\u00e1s de la unidad, somos algo m\u00e1s, somos un centro integral de ictus, acreditado por la Organizaci\u00f3n Europea de Ictus\u201d.<\/p>\n<p>Tambi\u00e9n resalta el desarrollo del <strong>C\u00f3digo Ictus, que se ha implantado en toda la Comunidad de Madrid, \u201cpero nosotros tambi\u00e9n hemos sido pioneros en el C\u00f3digo Ictus pedi\u00e1trico y en el C\u00f3digo Retina<\/strong>, que son los impactos de la retina que al fin y al cabo son tambi\u00e9n otro tipo de ictus\u201d. Desde La Paz forman parte de la Red de Neurointervencionismo de la Comunidad de Madrid.<\/p>\n<p>Y, adem\u00e1s, desarrollaron consultas monogr\u00e1ficas, se\u00f1al\u00f3 Frank, de <strong>enfermedad cerebrovascular, una cl\u00ednica de ataque isqu\u00e9mico transitorio de alta resoluci\u00f3n, la cl\u00ednica de estenosis arteriales c\u00e9rvico-cef\u00e1licas, que tambi\u00e9n es una consulta de alta resoluci\u00f3n.<\/strong><\/p>\n<p><strong>Neurolog\u00eda y salud cerebral<\/strong><\/p>\n<p>Con todo, uno de los elementos en los que hizo hincapi\u00e9 Frank es que el servicio va a adoptar el nombre de <strong>Neurolog\u00eda y Salud Cerebral<\/strong>, \u201cporque creemos que hay que hacer esa gran apuesta, ya que el t\u00e9rmino salud mental est\u00e1 difundido y aceptado por todo el mundo. No tenemos que olvidar que lo mental, lo que va m\u00e1s all\u00e1 de la cognici\u00f3n, los sentimientos, es una funci\u00f3n cerebral\u201d. Y ampli\u00f3: \u201cSi no hay salud cerebral, dif\u00edcilmente vamos a poder conseguir una salud mental adecuada\u201d.<\/p>\n<p>En este sentido, la experta apunt\u00f3 que en su servicio hay m\u00faltiples titulados superiores y especialistas: <strong>neur\u00f3logos, neurofisi\u00f3logos cl\u00ednicos, titulados en neuropsicolog\u00eda, ingenieros biom\u00e9dicos, enfermeras <\/strong>especialmente capacitadas para coordinar los casos de ELA.<\/p>\n<p>Y esto en cuanto a asistencia, \u201cpero tambi\u00e9n nos gustar\u00eda destacar que somos un servicio que tiene unos <strong>objetivos m\u00e1s all\u00e1 del \u00e1mbito asistencial<\/strong>: la persona debe ser el eje, bien por ser paciente y su familiar, o bien por ser nosotros los profesionales que ofrecemos nuestro servicio. Siempre centrados en la persona, pero hacemos una apuesta muy fuerte por combinar la calidad asistencial con la docencia y con la investigaci\u00f3n y con la innovaci\u00f3n tecnol\u00f3gica para terminar devolviendo a la sociedad una transferencia de los resultados de esa investigaci\u00f3n\u201d, concluy\u00f3.<\/p>\n<p><img loading=\"lazy\" decoding=\"async\" width=\"1024\" height=\"768\" src=\"https:\/\/www.europesays.com\/es\/wp-content\/uploads\/2025\/11\/02_Foto-de-grupo-Neurologia-5-1024x768.jpg\" alt=\"\" class=\"wp-image-221133\"\/>Servicio de Neurolog\u00eda.<\/p>\n<p><strong>Tambi\u00e9n te puede interesar\u2026<\/strong><\/p>\n","protected":false},"excerpt":{"rendered":"FOTOS: A. P\u00e9rez Meca y Daniel V\u00e1zquez. El Hospital Universitario La Paz, de Madrid, gan\u00f3, en la categor\u00eda&hellip;\n","protected":false},"author":2,"featured_media":242833,"comment_status":"","ping_status":"","sticky":false,"template":"","format":"standard","meta":{"footnotes":""},"categories":[92],"tags":[25,24,165,166,23],"class_list":{"0":"post-242832","1":"post","2":"type-post","3":"status-publish","4":"format-standard","5":"has-post-thumbnail","7":"category-salud","8":"tag-es","9":"tag-espana","10":"tag-health","11":"tag-salud","12":"tag-spain"},"share_on_mastodon":{"url":"https:\/\/pubeurope.com\/@es\/115571043490812175","error":""},"_links":{"self":[{"href":"https:\/\/www.europesays.com\/es\/wp-json\/wp\/v2\/posts\/242832","targetHints":{"allow":["GET"]}}],"collection":[{"href":"https:\/\/www.europesays.com\/es\/wp-json\/wp\/v2\/posts"}],"about":[{"href":"https:\/\/www.europesays.com\/es\/wp-json\/wp\/v2\/types\/post"}],"author":[{"embeddable":true,"href":"https:\/\/www.europesays.com\/es\/wp-json\/wp\/v2\/users\/2"}],"replies":[{"embeddable":true,"href":"https:\/\/www.europesays.com\/es\/wp-json\/wp\/v2\/comments?post=242832"}],"version-history":[{"count":0,"href":"https:\/\/www.europesays.com\/es\/wp-json\/wp\/v2\/posts\/242832\/revisions"}],"wp:featuredmedia":[{"embeddable":true,"href":"https:\/\/www.europesays.com\/es\/wp-json\/wp\/v2\/media\/242833"}],"wp:attachment":[{"href":"https:\/\/www.europesays.com\/es\/wp-json\/wp\/v2\/media?parent=242832"}],"wp:term":[{"taxonomy":"category","embeddable":true,"href":"https:\/\/www.europesays.com\/es\/wp-json\/wp\/v2\/categories?post=242832"},{"taxonomy":"post_tag","embeddable":true,"href":"https:\/\/www.europesays.com\/es\/wp-json\/wp\/v2\/tags?post=242832"}],"curies":[{"name":"wp","href":"https:\/\/api.w.org\/{rel}","templated":true}]}}