{"id":242852,"date":"2025-11-18T14:09:20","date_gmt":"2025-11-18T14:09:20","guid":{"rendered":"https:\/\/www.europesays.com\/es\/242852\/"},"modified":"2025-11-18T14:09:20","modified_gmt":"2025-11-18T14:09:20","slug":"guardiola-enfurecido-con-el-leverkusen-ante-la-falta-de-minutos-de-echeverri","status":"publish","type":"post","link":"https:\/\/www.europesays.com\/es\/242852\/","title":{"rendered":"Guardiola, enfurecido con el Leverkusen ante la falta de minutos de Echeverri"},"content":{"rendered":"<p class=\"ft-text\"><strong>No est\u00e1 siendo para nada fruct\u00edfera <\/strong><a class=\"ft-link ft-link--decoration\" href=\"https:\/\/www.sport.es\/es\/noticias\/futbol-internacional\/girona-queda-echeverri-city-le-120820589\" rel=\"nofollow noopener\" target=\"_blank\"><strong>la cesi\u00f3n de Claudio Echeverri, <\/strong><\/a><a class=\"ft-link ft-link--decoration\" href=\"https:\/\/www.sport.es\/es\/noticias\/futbol-internacional\/girona-queda-echeverri-city-le-120820589\" rel=\"nofollow noopener\" target=\"_blank\">una de las mayores promesas argentinas del mundo del f\u00fatbol, al Bayer Leverkusen.<\/a><\/p>\n<p class=\"ft-text\"><strong>El &#8216;diablito&#8217; fich\u00f3 por el Manchester City procedente del River Plate<\/strong> en enero de 2024 a cambio de 18&#8217;5 millones de euros, en una operaci\u00f3n similar a la de Juli\u00e1n \u00c1lvarez. El City se adelant\u00f3 a varios equipos europeos, entre ellos el Madrid, que pujaban para hacerse con la nueva joya.<\/p>\n<p class=\"ft-text\">Debut\u00f3 con los de Pep a finales de la temporada pasada, <strong>aunque ya se le preve\u00eda un papel muy reducido en el primer equipo.<\/strong> Por su temprana edad (todav\u00eda 19 a\u00f1os) y la necesidad de adaptarse y contrastar su nivel en Europa, <strong>el club decidi\u00f3 buscarle una cesi\u00f3n.<\/strong><\/p>\n<p class=\"ft-text\">A pesar de que no sobraban los pretendientes, <strong>desde Manchester priorizaban que siguiera el camino de su compa\u00f1ero Vitor Reis, cedido al Girona,<\/strong> tambi\u00e9n del City Group. Pero Echeverri prefer\u00eda probar suerte en un grande de Europa con presencia en competiciones continentales.<\/p>\n<p><img decoding=\"async\" src=\"https:\/\/www.europesays.com\/es\/wp-content\/uploads\/2025\/11\/7fe1194b-6a35-443c-978d-f5ed9c9088f6_alta-libre-aspect-ratio_default_0.jpg\" width=\"1200\" height=\"800\" alt=\"LEVERKUSEN (Germany), 01\/10\/2025.- Claudio Echeverri (C) gestures as Alejandro Grimaldo of Leverkusen looks during the UEFA Champions League league phase match between Bayer Leverkusen and PSV in Leverkusen, Germany, 01 October 2025. (Liga de Campeones, Alemania) EFE\/EPA\/CHRISTOPHER NEUNDORF. bayer leverkusen . psv eindhoven. liga campeones 2025\/2026 bayer leverkusen . psv eindhoven. 02. accion. bay arena\" class=\"ft-helper-img-rd\" loading=\"lazy\"\/><\/p>\n<p class=\"ft-helper-fontColor-quaternary ft-helper-fontSize-body-S ft-helper-spacer-t-xxs\">Echeverri se queja de una acci\u00f3n desperdiciada de Grimaldo  \/ CHRISTOPHER NEUNDORF \/ EFE<\/p>\n<p class=\"ft-text\">La Roma fue uno de los clubes m\u00e1s interesados pero finalmente el mediapunta <strong>se decant\u00f3 por el Bayer Leverkusen,<\/strong> que en ese momento parec\u00eda el paso ideal para ganar experiencia. Adem\u00e1s, su perfil de mediocampista ofensivo <strong>se ve\u00eda como un posible relevo a corto plazo de Florian Wirtz,<\/strong> que acababa de fichar por el Liverpool.<\/p>\n<p class=\"ft-text\">Sin embargo, el papel del de Resistencia ha sido m\u00e1s bien testimonial: <strong>apenas 240 minutos repartidos en ocho partidos y solo tres titularidades.<\/strong> En siete encuentros ni siquiera se ha quitado el peto. Curiosamente, <strong>todos los partidos que Echeverri ha visto completos desde el banquillo han terminado en victoria<\/strong> del Leverkusen, mientras que los cuatro en los que particip\u00f3 acabaron en empate o derrota.<\/p>\n<p class=\"ft-text\">En la Champions, la situaci\u00f3n ha sido similar, aunque rompi\u00f3 este &#8216;anti-amuleto&#8217; en la victoria frente el Benfica justo antes del par\u00f3n de selecciones. El resto, empates ante Copenhague y PSV, y la dura derrota en casa ante el PSG por 2-7, <strong>todos con el argentino sobre el c\u00e9sped.<\/strong><\/p>\n<p class=\"ft-text\"><strong>&#8216;Bild&#8217; desvel\u00f3 que la situaci\u00f3n ha molestado a Pep Guardiola por c\u00f3mo se est\u00e1 desarrollando la cesi\u00f3n<\/strong>, y la directiva del City ya se plantea <strong>repescarlo en enero ante su escasa participaci\u00f3n.<\/strong> Ambos clubes podr\u00edan reunirse para tratar el tema cuando se enfrenten en el Etihad el pr\u00f3ximo 25 de noviembre.<\/p>\n","protected":false},"excerpt":{"rendered":"No est\u00e1 siendo para nada fruct\u00edfera la cesi\u00f3n de Claudio Echeverri, una de las mayores promesas argentinas del&hellip;\n","protected":false},"author":2,"featured_media":242853,"comment_status":"","ping_status":"","sticky":false,"template":"","format":"standard","meta":{"footnotes":""},"categories":[268],"tags":[10083,53725,168,62358,25,24,1998,280,282,24984,22732,2013,1264,24835,281,23,167],"class_list":{"0":"post-242852","1":"post","2":"type-post","3":"status-publish","4":"format-standard","5":"has-post-thumbnail","7":"category-futbol","8":"tag-bayer-leverkusen","9":"tag-claudio-echeverri","10":"tag-deportes","11":"tag-enfurecido","12":"tag-es","13":"tag-espana","14":"tag-falta","15":"tag-football","16":"tag-futbol","17":"tag-guardiola","18":"tag-leverkusen","19":"tag-manchester-city","20":"tag-minutos","21":"tag-pep-guardiola","22":"tag-soccer","23":"tag-spain","24":"tag-sports"},"share_on_mastodon":{"url":"https:\/\/pubeurope.com\/@es\/115571102262761845","error":""},"_links":{"self":[{"href":"https:\/\/www.europesays.com\/es\/wp-json\/wp\/v2\/posts\/242852","targetHints":{"allow":["GET"]}}],"collection":[{"href":"https:\/\/www.europesays.com\/es\/wp-json\/wp\/v2\/posts"}],"about":[{"href":"https:\/\/www.europesays.com\/es\/wp-json\/wp\/v2\/types\/post"}],"author":[{"embeddable":true,"href":"https:\/\/www.europesays.com\/es\/wp-json\/wp\/v2\/users\/2"}],"replies":[{"embeddable":true,"href":"https:\/\/www.europesays.com\/es\/wp-json\/wp\/v2\/comments?post=242852"}],"version-history":[{"count":0,"href":"https:\/\/www.europesays.com\/es\/wp-json\/wp\/v2\/posts\/242852\/revisions"}],"wp:featuredmedia":[{"embeddable":true,"href":"https:\/\/www.europesays.com\/es\/wp-json\/wp\/v2\/media\/242853"}],"wp:attachment":[{"href":"https:\/\/www.europesays.com\/es\/wp-json\/wp\/v2\/media?parent=242852"}],"wp:term":[{"taxonomy":"category","embeddable":true,"href":"https:\/\/www.europesays.com\/es\/wp-json\/wp\/v2\/categories?post=242852"},{"taxonomy":"post_tag","embeddable":true,"href":"https:\/\/www.europesays.com\/es\/wp-json\/wp\/v2\/tags?post=242852"}],"curies":[{"name":"wp","href":"https:\/\/api.w.org\/{rel}","templated":true}]}}