{"id":242862,"date":"2025-11-18T14:15:16","date_gmt":"2025-11-18T14:15:16","guid":{"rendered":"https:\/\/www.europesays.com\/es\/242862\/"},"modified":"2025-11-18T14:15:16","modified_gmt":"2025-11-18T14:15:16","slug":"el-ultimo-trailer-de-punales-por-la-espalda-3-se-apoya-en-sus-grandes-resenas-una-inteligente-delicia-gotica","status":"publish","type":"post","link":"https:\/\/www.europesays.com\/es\/242862\/","title":{"rendered":"El \u00faltimo tr\u00e1iler de &#8216;Pu\u00f1ales por la espalda 3&#8217; se apoya en sus grandes rese\u00f1as: \u00abUna inteligente delicia g\u00f3tica\u00bb"},"content":{"rendered":"<p>Es la \u00faltima gran saga de misterio de nuestro tiempo y dentro de poco, su nuevo caso llegar\u00e1 a los cines. Pu\u00f1ales por la espalda 3 acaba de lanzar uno de sus \u00faltimos tr\u00e1ilers, marcando el regreso de un detective Benoit Blanc que se enfrentar\u00e1 a su crimen m\u00e1s complicado hasta la fecha. Y para ello, el brillante e ingenioso libreto de Rian Johnson se sumerge en una est\u00e9tica g\u00f3tica que recuerda a los relatos de Edgar Allan Poe, dotando a la narraci\u00f3n de un componente sobrenatural. Pero \u00bfqu\u00e9 es verdad y qu\u00e9 mentira en este whodunit repleto de estrellas?<\/p>\n<p><img loading=\"lazy\" decoding=\"async\" class=\"size-medium wp-image-15376059\" alt=\"Pu\u00f1ales por la espalda 3\" width=\"620\" height=\"349\"  src=\"https:\/\/www.europesays.com\/es\/wp-content\/uploads\/2025\/11\/81776-h3_cropped-620x349.jpg\" \/> \u2018Pu\u00f1ales por la espalda: De entre los muertos\u2019 (Netflix).<\/p>\n<p>En Pu\u00f1ales por la espalda 3, el brillante inspector encarnado por Daniel Craig visita una iglesia para investigar el complejo asesinato de un monse\u00f1or al que da vida Josh Brolin. Por supuesto, el violento acto tiene como si se tratase del juego Cluedo, toda una ristra de sospechosos interpretados por actores y actrices ampliamente conocidos en el espectro de Hollywood. Ah\u00ed est\u00e1n nombres como Josh O\u2019Connor, Glenn Close, Thomas Haden Church, Kerry Washington, Daryl McCormack, Jeremy Renner, Andrew Scott y Cailee Spaeny, entre los posibles responsables del homicidio. A ellos hay que a\u00f1adir el rol de la jefa de polic\u00eda que colaborar\u00e1 junto a Blanc, Mila Kunis. Las influencias en el g\u00e9nero detectivesco de Johnson parecen abandonar el \u00ablado m\u00e1s Agatha Christie\u00bb de la saga y acercarse al misterio en clave de novela negra de Poe. Aunque por supuesto, la ambientaci\u00f3n religiosa evoca la obra de otros autores brillantes del formato como G.K. Chesterton o John Dickson Carr.<\/p>\n<p>Tr\u00e1iler de \u2018Pu\u00f1ales por la espalda 3\u2019<\/p>\n<p><img loading=\"lazy\" decoding=\"async\" class=\"size-medium wp-image-14872637\" alt=\"Pu\u00f1ales por la espalda 3\" width=\"620\" height=\"349\"  src=\"https:\/\/www.europesays.com\/es\/wp-content\/uploads\/2025\/11\/20256110153_1_cropped-620x349.jpg\" \/> \u2018Pu\u00f1ales por la espalda: De entre los muertos\u2019 (Netflix).<\/p>\n<p>Al igual que sucedi\u00f3 con sus antecesoras,\u00a0 Pu\u00f1ales por la espalda 3 se preestren\u00f3 en el Festival de Cine de Toronto hace algunos meses. Certamen en el que la cr\u00edtica internacional valid\u00f3 la direcci\u00f3n de la saga hacia un lugar m\u00e1s oscuro.<\/p>\n<p>Titulada oficialmente Pu\u00f1ales por la espalda: De entre los muertos, el filme tendr\u00e1 un estreno limitado en cines el pr\u00f3ximo 28 de noviembre. Tras ello, su hogar ser\u00e1 el cat\u00e1logo de la \u00abgran N roja\u00bb, donde aterrizar\u00e1 poco menos de un mes despu\u00e9s, el 12 de diciembre.<\/p>\n<blockquote class=\"twitter-tweet\">\n<p dir=\"ltr\" lang=\"es\">Benoit Blanc se enfrenta a un desaf\u00edo perfectamente imposible. \u2018Pu\u00f1ales por la espalda: De entre los muertos\u2019 llega el 12 de diciembre. <a href=\"https:\/\/t.co\/8ogw2ydvk3\" rel=\"nofollow\">pic.twitter.com\/8ogw2ydvk3<\/a><\/p>\n<p>\u2014 Netflix Espa\u00f1a (@NetflixES) <a href=\"https:\/\/twitter.com\/NetflixES\/status\/1990510252467397057?ref_src=twsrc%5Etfw\" rel=\"nofollow noopener\" target=\"_blank\">November 17, 2025<\/a><\/p>\n<\/blockquote>\n<p>La proyecci\u00f3n de este final de trilog\u00eda forma parte del contrato millonario que Johnson y Craig firmaron con Netflix. La major californiana se dej\u00f3 casi 500 millones de d\u00f3lares en derechos para que el ex James Bond y el cineasta generasen dos secuelas m\u00e1s. Ahora en principio, ambos tendr\u00e1n que renegociar sus contratos y teniendo en cuenta que la serie Poker Face (creada tambi\u00e9n por Johnson) ha sido cancelada por Peacock, no ser\u00eda nada extra\u00f1o ver c\u00f3mo la empresa dirigida por Ted Sarandos apuesta por meter a la serie protagonizada por Natasha Lyonne en la ecuaci\u00f3n de una operaci\u00f3n que tendr\u00eda como objetivo seguir produciendo historias con Blanc.<\/p>\n<p>Grandes cr\u00edticas para la tercera parte<\/p>\n<p><img loading=\"lazy\" decoding=\"async\" class=\"size-medium wp-image-14719738\" alt=\"Pu\u00f1ales por la espalda 3\" width=\"620\" height=\"349\"  src=\"https:\/\/www.europesays.com\/es\/wp-content\/uploads\/2025\/11\/puanales_por_la_espalda_el_misterio_de_laazaro-303015243-large_cropped-620x349.jpg\" \/> \u2018Pu\u00f1ales por la espalda: El misterio de L\u00e1zaro\u2019 (Netflix).<\/p>\n<p>Pu\u00f1ales por la espalda 3 ha obtenido rese\u00f1as fabulosas por parte de los medios de comunicaci\u00f3n especializados. En la web de Rotten Tomatoes, la nueva entrega de la franquicia posee un 95% de cr\u00edticas positivas y voces reconocidas como el periodista Damon Wise de Deadline, quien apunta que seguramente muchos van a considerarla como la mejor de la trilog\u00eda:<\/p>\n<p><img loading=\"lazy\" decoding=\"async\" class=\"size-medium wp-image-15376056\" alt=\"Pu\u00f1ales por la espalda 3\" width=\"620\" height=\"349\"  src=\"https:\/\/www.europesays.com\/es\/wp-content\/uploads\/2025\/11\/81726-h3_cropped-620x349.jpg\" \/> \u2018Pu\u00f1ales por la espalda: De entre los muertos\u2019 (Netflix).<\/p>\n<p>\u00abUna inteligente delicia g\u00f3tica (\u2026) la franquicia Pu\u00f1ales por la espalda vuelve a sus ra\u00edces g\u00f3ticas con un invernal whodunit que, al menos para algunos, podr\u00eda perdurar como el mejor hasta la fecha\u00bb.<\/p>\n<p>\t\t\t\t\t<script async src=\"https:\/\/platform.twitter.com\/widgets.js\" charset=\"utf-8\"><\/script><\/p>\n","protected":false},"excerpt":{"rendered":"Es la \u00faltima gran saga de misterio de nuestro tiempo y dentro de poco, su nuevo caso llegar\u00e1&hellip;\n","protected":false},"author":2,"featured_media":242863,"comment_status":"","ping_status":"","sticky":false,"template":"","format":"standard","meta":{"footnotes":""},"categories":[169],"tags":[177,146,147,25,24,176,175,23],"class_list":{"0":"post-242862","1":"post","2":"type-post","3":"status-publish","4":"format-standard","5":"has-post-thumbnail","7":"category-cine","8":"tag-cine","9":"tag-entertainment","10":"tag-entretenimiento","11":"tag-es","12":"tag-espana","13":"tag-film","14":"tag-movies","15":"tag-spain"},"share_on_mastodon":{"url":"https:\/\/pubeurope.com\/@es\/115571125958883386","error":""},"_links":{"self":[{"href":"https:\/\/www.europesays.com\/es\/wp-json\/wp\/v2\/posts\/242862","targetHints":{"allow":["GET"]}}],"collection":[{"href":"https:\/\/www.europesays.com\/es\/wp-json\/wp\/v2\/posts"}],"about":[{"href":"https:\/\/www.europesays.com\/es\/wp-json\/wp\/v2\/types\/post"}],"author":[{"embeddable":true,"href":"https:\/\/www.europesays.com\/es\/wp-json\/wp\/v2\/users\/2"}],"replies":[{"embeddable":true,"href":"https:\/\/www.europesays.com\/es\/wp-json\/wp\/v2\/comments?post=242862"}],"version-history":[{"count":0,"href":"https:\/\/www.europesays.com\/es\/wp-json\/wp\/v2\/posts\/242862\/revisions"}],"wp:featuredmedia":[{"embeddable":true,"href":"https:\/\/www.europesays.com\/es\/wp-json\/wp\/v2\/media\/242863"}],"wp:attachment":[{"href":"https:\/\/www.europesays.com\/es\/wp-json\/wp\/v2\/media?parent=242862"}],"wp:term":[{"taxonomy":"category","embeddable":true,"href":"https:\/\/www.europesays.com\/es\/wp-json\/wp\/v2\/categories?post=242862"},{"taxonomy":"post_tag","embeddable":true,"href":"https:\/\/www.europesays.com\/es\/wp-json\/wp\/v2\/tags?post=242862"}],"curies":[{"name":"wp","href":"https:\/\/api.w.org\/{rel}","templated":true}]}}