{"id":242866,"date":"2025-11-18T14:17:08","date_gmt":"2025-11-18T14:17:08","guid":{"rendered":"https:\/\/www.europesays.com\/es\/242866\/"},"modified":"2025-11-18T14:17:08","modified_gmt":"2025-11-18T14:17:08","slug":"que-son-los-adc-la-gran-esperanza-en-el-tratamiento-de-los-tumores-ginecologicos","status":"publish","type":"post","link":"https:\/\/www.europesays.com\/es\/242866\/","title":{"rendered":"\u00bfQu\u00e9 son los ADC, la \u00abgran esperanza\u00bb en el tratamiento de los tumores ginecol\u00f3gicos?"},"content":{"rendered":"<p>   MADRID, 18 Nov. (EUROPA PRESS) &#8211; <\/p>\n<p>   El onc\u00f3logo adjunto del Hospital Universitario Ram\u00f3n y Cajal de Madrid y representante del Grupo Espa\u00f1ol de Investigaci\u00f3n en C\u00e1ncer Ginecol\u00f3gico (GEICO), Alfonso Cort\u00e9s, ha destacado que la \u00abgran esperanza\u00bb en el abordaje de los tumores ginecol\u00f3gicos pasa por el tratamiento con conjugados anticuerpo-f\u00e1rmaco (ADC, por sus siglas en ingl\u00e9s), una terapia que emplea anticuerpos monoclonales para transportar la quimioterapia directamente a las c\u00e9lulas cancerosas.<\/p>\n<p>   \u00abActualmente, tenemos ADC en investigaci\u00f3n y ensayos cl\u00ednicos en pr\u00e1cticamente todas las situaciones de todos los tumores ginecol\u00f3gicos. Hay que esperar todav\u00eda, pero este tipo de tratamiento va a sustituir a la quimioterapia actual y va a mejorar sus resultados\u00bb, ha indicado Cort\u00e9s durante su participaci\u00f3n en la jornada &#8216;Evoluci\u00f3n e innovaci\u00f3n en el abordaje de los tumores ginecol\u00f3gicos&#8217;, organizada por organizado por la Asociaci\u00f3n Nacional de Informadores de la Salud (ANIS) y MSD.<\/p>\n<p>   En este punto, ha coincido el onc\u00f3logo adjunto del Hospital Universitario 12 de Octubre (Madrid) y representante de GEICO, Luis Manso, quien ha subrayado que esta terapia supone una \u00abvehiculizaci\u00f3n \u00abmuchos m\u00e1s eficiente de la quimioterapia.<\/p>\n<p>   \u00abEn el caso del c\u00e1ncer de ovario, actualmente se est\u00e1n empleando ADC y esperamos que en el a\u00f1o 2026 el tratamiento pueda estar financiado en Espa\u00f1a\u00bb, ha apuntado Manso, quien ha a\u00f1adido que hay otros ADC que se encuentran en etapas de investigaci\u00f3n y que podr\u00edan llegar en los \u00abpr\u00f3ximos cuatros a\u00f1os\u00bb.<\/p>\n<p>   En el encuentro, los expertos han informado de que los tumores ginecol\u00f3gicos pueden afectar al \u00fatero, los ovarios, el cuello de \u00fatero, la vulva, la vagina, las trompas de Falopio o el peritoneo. En Espa\u00f1a, el m\u00e1s frecuente es el c\u00e1ncer de cuerpo uterino, del que se estima que se diagnosticar\u00e1n este a\u00f1o hasta 7.428 nuevos casos, lo que lo convierte en la cuarta neoplasia m\u00e1s com\u00fan entre las mujeres, por detr\u00e1s del c\u00e1ncer de mama, colorrectal y de pulm\u00f3n.<\/p>\n<p>    Le siguen el c\u00e1ncer de ovario, con 3.748 casos estimados, y el c\u00e1ncer de cuello de \u00fatero, con 2.307 diagn\u00f3sticos estimados para 2025 y cuya eliminaci\u00f3n es el objetivo de una estrategia espec\u00edfica de la Organizaci\u00f3n Mundial de la Salud desde 2020.<\/p>\n<p>INHIBIDORES DE PARP E INMUNOTERAPIA<\/p>\n<p>   En las \u00faltimas cuatro d\u00e9cadas, la supervivencia de los pacientes con c\u00e1ncer en Espa\u00f1a se ha duplicado y se prev\u00e9 que contin\u00fae aumentando en los pr\u00f3ximos a\u00f1os. Seg\u00fan datos recientes, la supervivencia neta a los cinco a\u00f1os es del 74 por ciento en el c\u00e1ncer de cuerpo uterino, del 66 por ciento en el de cuello de \u00fatero, y del 41 por ciento en el de ovario.<\/p>\n<p>   Estos datos positivos son el resultado de los nuevos tratamientos para este tipo de tumores: \u00abEn algunos casos, tras m\u00e1s de dos d\u00e9cadas sin avances terap\u00e9uticos, estamos viendo innovaciones que pueden dar repuesta a necesidades m\u00e9dicas no cubiertas, y suponer una evoluci\u00f3n en la forma de tratar a las pacientes, ofreciendo nuevas opciones que mejoran su calidad de vida\u00bb, ha puntualizado Manso.<\/p>\n<p>   \u00abDesde hace aproximadamente una d\u00e9cada, con la llegada de los inhibidores de PARP, se consigui\u00f3 una aut\u00e9ntica revoluci\u00f3n\u00bb, ha destacado Cort\u00e9s, quien ha agregado que este tipo de terapia consigue bloquear la reparaci\u00f3n del ADN en las c\u00e9lulas cancerosas.<\/p>\n<p>   Al hilo, Manso ha puesto el foco en el tratamiento con inmunoterapia, que \u00abfavorece que las c\u00e9lulas reaccionen y desactivan el tumor\u00bb-. \u00abEn el caso de la inmunoterapia, va m\u00e1s dirigida al c\u00e1ncer de endometrio y c\u00e9rvix\u00bb, ha agregado.<\/p>\n<p>   Por \u00faltimo, los expertos tambi\u00e9n han puesto de relieve que el acompa\u00f1amiento y la informaci\u00f3n a las pacientes son factores determinantes para mejorar los resultados en salud.<\/p>\n","protected":false},"excerpt":{"rendered":"MADRID, 18 Nov. (EUROPA PRESS) &#8211; El onc\u00f3logo adjunto del Hospital Universitario Ram\u00f3n y Cajal de Madrid y&hellip;\n","protected":false},"author":2,"featured_media":242867,"comment_status":"","ping_status":"","sticky":false,"template":"","format":"standard","meta":{"footnotes":""},"categories":[92],"tags":[25,24,165,166,23],"class_list":{"0":"post-242866","1":"post","2":"type-post","3":"status-publish","4":"format-standard","5":"has-post-thumbnail","7":"category-salud","8":"tag-es","9":"tag-espana","10":"tag-health","11":"tag-salud","12":"tag-spain"},"share_on_mastodon":{"url":"https:\/\/pubeurope.com\/@es\/115571133280850495","error":""},"_links":{"self":[{"href":"https:\/\/www.europesays.com\/es\/wp-json\/wp\/v2\/posts\/242866","targetHints":{"allow":["GET"]}}],"collection":[{"href":"https:\/\/www.europesays.com\/es\/wp-json\/wp\/v2\/posts"}],"about":[{"href":"https:\/\/www.europesays.com\/es\/wp-json\/wp\/v2\/types\/post"}],"author":[{"embeddable":true,"href":"https:\/\/www.europesays.com\/es\/wp-json\/wp\/v2\/users\/2"}],"replies":[{"embeddable":true,"href":"https:\/\/www.europesays.com\/es\/wp-json\/wp\/v2\/comments?post=242866"}],"version-history":[{"count":0,"href":"https:\/\/www.europesays.com\/es\/wp-json\/wp\/v2\/posts\/242866\/revisions"}],"wp:featuredmedia":[{"embeddable":true,"href":"https:\/\/www.europesays.com\/es\/wp-json\/wp\/v2\/media\/242867"}],"wp:attachment":[{"href":"https:\/\/www.europesays.com\/es\/wp-json\/wp\/v2\/media?parent=242866"}],"wp:term":[{"taxonomy":"category","embeddable":true,"href":"https:\/\/www.europesays.com\/es\/wp-json\/wp\/v2\/categories?post=242866"},{"taxonomy":"post_tag","embeddable":true,"href":"https:\/\/www.europesays.com\/es\/wp-json\/wp\/v2\/tags?post=242866"}],"curies":[{"name":"wp","href":"https:\/\/api.w.org\/{rel}","templated":true}]}}