{"id":242868,"date":"2025-11-18T14:18:08","date_gmt":"2025-11-18T14:18:08","guid":{"rendered":"https:\/\/www.europesays.com\/es\/242868\/"},"modified":"2025-11-18T14:18:08","modified_gmt":"2025-11-18T14:18:08","slug":"sirat-de-oliver-laxe-lidera-las-nominaciones-a-los-premios-del-cine-europeo-con-cuatro-candidaturas-cultura","status":"publish","type":"post","link":"https:\/\/www.europesays.com\/es\/242868\/","title":{"rendered":"\u2018Sir\u00e2t\u2019, de Oliver Laxe, lidera las nominaciones a los Premios del Cine Europeo con cuatro candidaturas | Cultura"},"content":{"rendered":"<p class=\"\">La pel\u00edcula espa\u00f1ola <a href=\"https:\/\/elpais.com\/cultura\/cine\/2025-09-17\/sirat-de-oliver-laxe-representara-a-espana-para-competir-por-la-nominacion-al-oscar-a-mejor-pelicula-internacional.html\" target=\"_self\" rel=\"nofollow noopener\" title=\"https:\/\/elpais.com\/cultura\/cine\/2025-09-17\/sirat-de-oliver-laxe-representara-a-espana-para-competir-por-la-nominacion-al-oscar-a-mejor-pelicula-internacional.html\">Sir\u00e2t, dirigida por Oliver Laxe, ha conseguido cuatro nominaciones <\/a>de la pr\u00f3xima edici\u00f3n de los Premios de Cine Europeo. El anuncio de la lista de posibles ganadores ha tenido lugar este martes en el Real Alc\u00e1zar de Sevilla, unos d\u00edas despu\u00e9s del final del Festival de Cine Europeo de Sevilla. El filme ha logrado candidaturas en la categor\u00eda de mejor pel\u00edcula, direcci\u00f3n, actor (Sergi L\u00f3pez) y gui\u00f3n. En la categor\u00eda principal <a href=\"https:\/\/elpais.com\/cultura\/cine\/2025-09-17\/sirat-de-oliver-laxe-representara-a-espana-para-competir-por-la-nominacion-al-oscar-a-mejor-pelicula-internacional.html\" target=\"_self\" rel=\"nofollow noopener\" title=\"https:\/\/elpais.com\/cultura\/cine\/2025-09-17\/sirat-de-oliver-laxe-representara-a-espana-para-competir-por-la-nominacion-al-oscar-a-mejor-pelicula-internacional.html\">Sir\u00e2t estar\u00e1 acompa\u00f1ada<\/a>, entre otras, por Tardes de soledad, de Albert Serra, tambi\u00e9n nominada a mejor documental, y Olivia y el terremoto invisible, de Irene Iborra Rizzo, aspirante a coronarse tambi\u00e9n como mejor largo de animaci\u00f3n. La gala se celebrar\u00e1 el 17 de enero de 2026 en Berl\u00edn. <\/p>\n<p>M\u00e1s informaci\u00f3n<\/p>\n<p class=\"\">El premio a mejor pel\u00edcula, adem\u00e1s de los tres filmes espa\u00f1oles, incluye como candidatas Arco, de Ugo Bienvenu, Perro de dios, de Raitis Abel, \u00a1Fiume o morte!, de Igor Bezinovic, Fue solo un accidente, de Jafar Panahi, Little amelie, de Ma\u00eflys Vallade y Liane-Cho Han, Riefenstahl, de Andres Veiel, Valor sentimental, de Joachim Trier \u2015la \u00fanica otra, junto con Sir\u00e2t, con cuatro candidaturas\u2015, Songs of Slow Burning Earth, de Olha Zhurba, El sonido de la ca\u00edda, de Mascha Schilinski, Cuentos del jard\u00edn m\u00e1gico, de David S\u00fakup, Patrik Pa, Leon Vidmar y Jean-Claude Rozec, La voz de Hind Rajab, de Kaouther Ben Hania y Con Hasan en Gaza, de Kamal Aljafari. <\/p>\n<p class=\"\"><a href=\"https:\/\/elpais.com\/cultura\/cine\/2025-08-28\/conspiraciones-alienigenas-y-emma-stone-bugonia-de-yorgos-lanthimos-pone-a-debatir-al-festival-de-venecia.html\" target=\"_self\" rel=\"nofollow noopener\" title=\"https:\/\/elpais.com\/cultura\/cine\/2025-08-28\/conspiraciones-alienigenas-y-emma-stone-bugonia-de-yorgos-lanthimos-pone-a-debatir-al-festival-de-venecia.html\">Yorgos Lanthimos, por Bugonia<\/a>, se disputa el premio a la mejor direcci\u00f3n con Laxe, Trier, Schilinski y Panahi. La mejor actriz ser\u00e1 una entre Leonie Benesch (Late Shift), Valeria Bruni Tedeschi (Duse), L\u00e9a Drucker (Dossier 137), Vicky Krieps (Love me tender) y Renate Reinsve (Valor sentimental). Los rivales de L\u00f3pez para el galard\u00f3n a mejor actor ser\u00e1n Mads Mikkelsen (El \u00faltimo vikingo), <a href=\"https:\/\/elpais.com\/cultura\/cine\/2025-08-27\/la-gracia-de-paolo-sorrentino-inaugura-el-festival-de-venecia-con-emocion-risas-y-dilemas-morales.html\" target=\"_self\" rel=\"nofollow noopener\" title=\"https:\/\/elpais.com\/cultura\/cine\/2025-08-27\/la-gracia-de-paolo-sorrentino-inaugura-el-festival-de-venecia-con-emocion-risas-y-dilemas-morales.html\">Toni Servillo (La grazia)<\/a>, Stellan Skarsgard (Valor sentimental) e Idan Weiss (Franz). Seg\u00fan una nota de la Academia de Cine Europeo, el resto de nominaciones se dar\u00e1 a conocer la semana pr\u00f3xima.<\/p>\n<p class=\"\">El acto, organizado por la Academia de Cine Europeo, supone la recuperaci\u00f3n para Sevilla de un acontecimiento que se hab\u00eda perdido hace a\u00f1os y que volver\u00e1 a celebrarse en la ciudad con car\u00e1cter bianual. En este sentido, la delegada de Turismo y Cultura del Ayuntamiento de Sevilla, Angie Moreno, ha destacado la relevancia de este acto para la ciudad. \u201cRecuperar este anuncio de nominaciones es un logro que refuerza nuestra posici\u00f3n como referente cultural y demuestra la confianza que la Academia de Cine Europeo deposita en nuestra ciudad\u201d, ha subrayado.<\/p>\n","protected":false},"excerpt":{"rendered":"La pel\u00edcula espa\u00f1ola Sir\u00e2t, dirigida por Oliver Laxe, ha conseguido cuatro nominaciones de la pr\u00f3xima edici\u00f3n de los&hellip;\n","protected":false},"author":2,"featured_media":242869,"comment_status":"","ping_status":"","sticky":false,"template":"","format":"standard","meta":{"footnotes":""},"categories":[91],"tags":[48110,10689,12374,28667,209,6084,146,147,25,24,25700,753,30392,23],"class_list":{"0":"post-242868","1":"post","2":"type-post","3":"status-publish","4":"format-standard","5":"has-post-thumbnail","7":"category-entretenimiento","8":"tag-albert-serra","9":"tag-animacion","10":"tag-cine-espanol","11":"tag-cine-europeo","12":"tag-cultura","13":"tag-documental","14":"tag-entertainment","15":"tag-entretenimiento","16":"tag-es","17":"tag-espana","18":"tag-oliver-laxe","19":"tag-peliculas","20":"tag-sergi-lopez","21":"tag-spain"},"share_on_mastodon":{"url":"https:\/\/pubeurope.com\/@es\/115571137330112941","error":""},"_links":{"self":[{"href":"https:\/\/www.europesays.com\/es\/wp-json\/wp\/v2\/posts\/242868","targetHints":{"allow":["GET"]}}],"collection":[{"href":"https:\/\/www.europesays.com\/es\/wp-json\/wp\/v2\/posts"}],"about":[{"href":"https:\/\/www.europesays.com\/es\/wp-json\/wp\/v2\/types\/post"}],"author":[{"embeddable":true,"href":"https:\/\/www.europesays.com\/es\/wp-json\/wp\/v2\/users\/2"}],"replies":[{"embeddable":true,"href":"https:\/\/www.europesays.com\/es\/wp-json\/wp\/v2\/comments?post=242868"}],"version-history":[{"count":0,"href":"https:\/\/www.europesays.com\/es\/wp-json\/wp\/v2\/posts\/242868\/revisions"}],"wp:featuredmedia":[{"embeddable":true,"href":"https:\/\/www.europesays.com\/es\/wp-json\/wp\/v2\/media\/242869"}],"wp:attachment":[{"href":"https:\/\/www.europesays.com\/es\/wp-json\/wp\/v2\/media?parent=242868"}],"wp:term":[{"taxonomy":"category","embeddable":true,"href":"https:\/\/www.europesays.com\/es\/wp-json\/wp\/v2\/categories?post=242868"},{"taxonomy":"post_tag","embeddable":true,"href":"https:\/\/www.europesays.com\/es\/wp-json\/wp\/v2\/tags?post=242868"}],"curies":[{"name":"wp","href":"https:\/\/api.w.org\/{rel}","templated":true}]}}