{"id":242895,"date":"2025-11-18T14:42:09","date_gmt":"2025-11-18T14:42:09","guid":{"rendered":"https:\/\/www.europesays.com\/es\/242895\/"},"modified":"2025-11-18T14:42:09","modified_gmt":"2025-11-18T14:42:09","slug":"andreu-buenafuente-y-silvia-abril-presentadores-de-las-campanadas-de-la-1","status":"publish","type":"post","link":"https:\/\/www.europesays.com\/es\/242895\/","title":{"rendered":"Andreu Buenafuente y Silvia Abril, presentadores de las campanadas de La 1"},"content":{"rendered":"<p>18\/11\/2025<br \/>\n<br \/><strong><br \/>\nActualizado a las 13:44h.<br \/>\n<\/strong><\/p>\n<p class=\"voc-save-news__paragraph\">Esta funcionalidad es s\u00f3lo para suscriptores<\/p>\n<p><a href=\"https:\/\/secure.abc.es\/suscripcion#vca=suscribete&amp;vso=abc&amp;vmc=on&amp;vli=comentarios-btn-flujo\" data-voc-vtm-id=\"comienzoSuscripcionON\" data-voc-vtm-info=\"btncomentar\" class=\"voc-btn voc-btn--w voc-btn--xs voc-save-news__btn\" rel=\"nofollow noopener\" target=\"_blank\"><br \/>\nSuscribete<br \/>\n<\/a><\/p>\n<p class=\"voc-p\" style=\"\">La expectaci\u00f3n sobre qui\u00e9n ser\u00eda el presentador de las campanadas de <a href=\"https:\/\/www.abc.es\/espana\/productora-serie-sobre-sanchez-logrado-millones-contratos-20251116174720-nt.html\" target=\"_self\" data-voc-vtm-id=\"in-text-traffic\" title=\"Radio Televisi\u00f3n Espa\u00f1ola\" data-mrf-link=\"www.abc.es\" rel=\"nofollow noopener\">Radio Televisi\u00f3n Espa\u00f1ola<\/a> es algo que se lleva fraguando desde hace tiempo. Sin embargo, la inc\u00f3gnita ya se ha resuelto. Seg\u00fan ha podido saber ABC, Andreu Buenafuente y Silvia Abril ser\u00e1n los presentadores  &#8230; de las campanadas y ser\u00e1n quienes den paso al a\u00f1o 2026.<\/p>\n<p class=\"voc-p\" style=\"\">El matrimonio que se consagr\u00f3 a la presentaci\u00f3n con los Goya 2019, ser\u00e1 ahora qui\u00e9n d\u00e9 la bienvenida a los espectadores de Radiotelevisi\u00f3n Espa\u00f1ola al nuevo a\u00f1o. Esta inc\u00f3gnita se ha despejado despu\u00e9s de que todo tipo de teor\u00edas surgieron a trav\u00e9s de las redes sociales, desde la fantas\u00eda de ver a <strong>David Broncano y a Pablo Motos<\/strong> juntos, a Rosal\u00eda o a un posible Marc Gir\u00f3 con las uvas en la mano. Sin embargo la cadena apuesta por el presentador de &#8216;<strong>Futuro Imperfecto<\/strong>&#8216; y la humorista. Es un matrimonio con el que la televisi\u00f3n p\u00fablica trata de atraer a toda la familia, ya que son rostros asentados en la televisi\u00f3n y conocidos por distintas generaciones, y al mismo tiempo trata de aupar la audiencia catalana. La Corporaci\u00f3n hace as\u00ed un nuevo gui\u00f1o a la TVE en Catalu\u00f1a, que se suma a la gran apuesta que est\u00e1 haciendo RTVE all\u00ed, como la llegada de La 2 Cat.<\/p>\n<p class=\"voc-p\" style=\"\">(Noticia en ampliaci\u00f3n)<\/p>\n<p>\nArt\u00edculo solo para suscriptores\n<\/p>\n<p>Reportar un error<\/p>\n<p class=\"voc-save-news__paragraph\">Esta funcionalidad es s\u00f3lo para suscriptores<\/p>\n<p><a href=\"https:\/\/secure.abc.es\/suscripcion#vca=suscribete&amp;vso=abc&amp;vmc=on&amp;vli=comentarios-btn-flujo\" data-voc-vtm-id=\"comienzoSuscripcionON\" data-voc-vtm-info=\"btncomentar\" class=\"voc-btn voc-btn--w voc-btn--xs voc-save-news__btn\" rel=\"nofollow noopener\" target=\"_blank\"><br \/>\nSuscribete<br \/>\n<\/a><\/p>\n","protected":false},"excerpt":{"rendered":"18\/11\/2025 Actualizado a las 13:44h. Esta funcionalidad es s\u00f3lo para suscriptores Suscribete La expectaci\u00f3n sobre qui\u00e9n ser\u00eda el&hellip;\n","protected":false},"author":2,"featured_media":242896,"comment_status":"","ping_status":"","sticky":false,"template":"","format":"standard","meta":{"footnotes":""},"categories":[91],"tags":[13099,2847,1270,48603,146,147,25,24,10852,15615,23],"class_list":{"0":"post-242895","1":"post","2":"type-post","3":"status-publish","4":"format-standard","5":"has-post-thumbnail","7":"category-entretenimiento","8":"tag-abril","9":"tag-andreu","10":"tag-buenafuente","11":"tag-campanadas","12":"tag-entertainment","13":"tag-entretenimiento","14":"tag-es","15":"tag-espana","16":"tag-presentadores","17":"tag-silvia","18":"tag-spain"},"share_on_mastodon":{"url":"https:\/\/pubeurope.com\/@es\/115571231625804481","error":""},"_links":{"self":[{"href":"https:\/\/www.europesays.com\/es\/wp-json\/wp\/v2\/posts\/242895","targetHints":{"allow":["GET"]}}],"collection":[{"href":"https:\/\/www.europesays.com\/es\/wp-json\/wp\/v2\/posts"}],"about":[{"href":"https:\/\/www.europesays.com\/es\/wp-json\/wp\/v2\/types\/post"}],"author":[{"embeddable":true,"href":"https:\/\/www.europesays.com\/es\/wp-json\/wp\/v2\/users\/2"}],"replies":[{"embeddable":true,"href":"https:\/\/www.europesays.com\/es\/wp-json\/wp\/v2\/comments?post=242895"}],"version-history":[{"count":0,"href":"https:\/\/www.europesays.com\/es\/wp-json\/wp\/v2\/posts\/242895\/revisions"}],"wp:featuredmedia":[{"embeddable":true,"href":"https:\/\/www.europesays.com\/es\/wp-json\/wp\/v2\/media\/242896"}],"wp:attachment":[{"href":"https:\/\/www.europesays.com\/es\/wp-json\/wp\/v2\/media?parent=242895"}],"wp:term":[{"taxonomy":"category","embeddable":true,"href":"https:\/\/www.europesays.com\/es\/wp-json\/wp\/v2\/categories?post=242895"},{"taxonomy":"post_tag","embeddable":true,"href":"https:\/\/www.europesays.com\/es\/wp-json\/wp\/v2\/tags?post=242895"}],"curies":[{"name":"wp","href":"https:\/\/api.w.org\/{rel}","templated":true}]}}