{"id":242914,"date":"2025-11-18T14:58:09","date_gmt":"2025-11-18T14:58:09","guid":{"rendered":"https:\/\/www.europesays.com\/es\/242914\/"},"modified":"2025-11-18T14:58:09","modified_gmt":"2025-11-18T14:58:09","slug":"la-muestra-de-picasso-sera-unica-en-el-mundo-por-su-tematica","status":"publish","type":"post","link":"https:\/\/www.europesays.com\/es\/242914\/","title":{"rendered":"La muestra de Picasso ser\u00e1 \u00fanica en el mundo por su tem\u00e1tica"},"content":{"rendered":"<p>La presentaci\u00f3n esta ma\u00f1ana del cartel de la exposici\u00f3n &#8216;Picasso. Ra\u00edces b\u00edblicas&#8217; ha servido de antesala de lo que va a suceder a partir de marzo en la sala Valent\u00edn Palencia de la Catedral. Con una capilla de los Condestables repleta de representantes pol\u00edticos y de las entidades implicadas, se ha dado a conocer la obra que sirve de imagen a la muestra. Una exposici\u00f3n que, seg\u00fan la comisaria Paloma Alarc\u00f3, es \u00ab\u00fanica\u00bb porque va a ser \u00abla primera vez que se trate ese tema de las referencias religiosas\u00bb, y que a la vez est\u00e1 \u00abmuy poco estudiado\u00bb.<\/p>\n<p>\u00abEl inventor del cubismo y pintor de vanguardia siempre mir\u00f3 a las tradiciones, a su pasado y a sus ra\u00edces cat\u00f3licas\u00bb, ha a\u00f1adido la comisaria. Gran admirador del barroco espa\u00f1ol centrado en los temas religiosos, Picasso mantuvo siempre en su imaginario una visi\u00f3n de lo sagrado. \u00abPero en Picasso nada es lo que parece, y aunque utiliza im\u00e1genes b\u00edblicas e iconograf\u00eda cristiana, no crea obras religiosas. Toma prestada esa iconograf\u00eda y la transforma en sus propuestas narrativas y unos temas que pinta con voluntad de trascender sobre lo que es la propia imagen\u00bb.<\/p>\n<p>La obra escogida para el cartel es una maternidad en la que el artista malague\u00f1o pinta a su mujer Olga y a su primer hijo Pablo. \u00abRepresenta la felicidad como padre y desde la escena privada deja una imagen universal de la maternidad\u00bb. La obra es especial tambi\u00e9n porque est\u00e1 representado Pablo, el padre de Bernard\u00a0Ruiz-PIcasso, impulsor de la muestra desde la Fundaci\u00f3n Almine y Bernard Ruiz-Picasso (FABA). Y porque con ellos el pintor visit\u00f3 Burgos en agosto de 1934, un viaje an\u00f3nimo y poco conocido que se tratar\u00e1 tambi\u00e9n en la exposici\u00f3n.<\/p>\n<p>Con colaboraci\u00f3n financiera de la Junta de Castilla y Le\u00f3n, el Ayuntamiento y la Diputaci\u00f3n, y de cuatro empresas privadas: Fundaci\u00f3n Caja de Burgos, Fundaci\u00f3n La Caixa, Recoletas y AC Hoteles (Antonio Catal\u00e1n), la exposici\u00f3n contar\u00e1 con obras de la fundaci\u00f3n FAVA, pero tambi\u00e9n de los museos Picasso de Par\u00eds, Barcelona y M\u00e1laga, el Reina Sof\u00eda y el museo Thyssen.<\/p>\n<p>\u00abEsta exposici\u00f3n es un hito para Burgos y para la Catedral\u00bb, ha afirmado el arzobispo, Mario Iceta, que ha adelantado que acudir\u00e1 a la inauguraci\u00f3n el prefecto de Educaci\u00f3n y Cultura de la Santa Sede. \u00abEs una de las grandes exposiciones de los \u00faltimos 50 a\u00f1os en la Comunidad\u00bb, ha a\u00f1adido Antonio M\u00e9ndez Pozo, presidente de la Fundaci\u00f3n Consulado del Mar, organizadora del evento junto al Cabildo Catedral y FAVA.<\/p>\n<p>En paralelo a la muestra, que aparecer\u00e1 referenciada en las principales revistas internacionales, se organizar\u00e1n programas educativos, un congreso y actividades culturales. Adem\u00e1s, la colaboraci\u00f3n con la fundaci\u00f3n FAVA es probable que contin\u00fae tras la exposici\u00f3n de Picasso, seg\u00fan ha adelantado Mario Iceta.<\/p>\n","protected":false},"excerpt":{"rendered":"La presentaci\u00f3n esta ma\u00f1ana del cartel de la exposici\u00f3n &#8216;Picasso. Ra\u00edces b\u00edblicas&#8217; ha servido de antesala de lo&hellip;\n","protected":false},"author":2,"featured_media":242915,"comment_status":"","ping_status":"","sticky":false,"template":"","format":"standard","meta":{"footnotes":""},"categories":[173],"tags":[229,233,231,230,232,234,146,147,25,24,241,504,23],"class_list":{"0":"post-242914","1":"post","2":"type-post","3":"status-publish","4":"format-standard","5":"has-post-thumbnail","7":"category-arte-y-diseno","8":"tag-arte","9":"tag-arte-y-diseno","10":"tag-arts","11":"tag-arts-and-design","12":"tag-design","13":"tag-diseno","14":"tag-entertainment","15":"tag-entretenimiento","16":"tag-es","17":"tag-espana","18":"tag-exposiciones","19":"tag-pablo-picasso","20":"tag-spain"},"share_on_mastodon":{"url":"https:\/\/pubeurope.com\/@es\/115571294418046533","error":""},"_links":{"self":[{"href":"https:\/\/www.europesays.com\/es\/wp-json\/wp\/v2\/posts\/242914","targetHints":{"allow":["GET"]}}],"collection":[{"href":"https:\/\/www.europesays.com\/es\/wp-json\/wp\/v2\/posts"}],"about":[{"href":"https:\/\/www.europesays.com\/es\/wp-json\/wp\/v2\/types\/post"}],"author":[{"embeddable":true,"href":"https:\/\/www.europesays.com\/es\/wp-json\/wp\/v2\/users\/2"}],"replies":[{"embeddable":true,"href":"https:\/\/www.europesays.com\/es\/wp-json\/wp\/v2\/comments?post=242914"}],"version-history":[{"count":0,"href":"https:\/\/www.europesays.com\/es\/wp-json\/wp\/v2\/posts\/242914\/revisions"}],"wp:featuredmedia":[{"embeddable":true,"href":"https:\/\/www.europesays.com\/es\/wp-json\/wp\/v2\/media\/242915"}],"wp:attachment":[{"href":"https:\/\/www.europesays.com\/es\/wp-json\/wp\/v2\/media?parent=242914"}],"wp:term":[{"taxonomy":"category","embeddable":true,"href":"https:\/\/www.europesays.com\/es\/wp-json\/wp\/v2\/categories?post=242914"},{"taxonomy":"post_tag","embeddable":true,"href":"https:\/\/www.europesays.com\/es\/wp-json\/wp\/v2\/tags?post=242914"}],"curies":[{"name":"wp","href":"https:\/\/api.w.org\/{rel}","templated":true}]}}