{"id":242918,"date":"2025-11-18T15:01:09","date_gmt":"2025-11-18T15:01:09","guid":{"rendered":"https:\/\/www.europesays.com\/es\/242918\/"},"modified":"2025-11-18T15:01:09","modified_gmt":"2025-11-18T15:01:09","slug":"fechas-conjuntas-de-ars-amandi-y-landevir-katon-de-pena-explica-su-salida-de-nefarious-debut-de-proyecto-mordraker","status":"publish","type":"post","link":"https:\/\/www.europesays.com\/es\/242918\/","title":{"rendered":"Fechas conjuntas de ARS AMANDI y L\u00c1NDEVIR. Katon De Pena explica su salida de NEFARIOUS. Debut de PROYECTO MORDRAKER."},"content":{"rendered":"<p>\u00a0<\/p>\n<p style=\"text-align: center;\"><strong><a href=\"#AMANDI\">Fechas conjuntas de ARS AMANDI y L\u00c1NDEVIR<\/a>. <a href=\"#NEFARIOUS2\">Katon De Pena explica su salida de NEFARIOUS<\/a>. <a href=\"#MORDRAKER\">Debut de PROYECTO MORDRAKER<\/a>.<\/strong><\/p>\n<p><a href=\"https:\/\/arsamandifolkrock.com\/\" rel=\"nofollow noopener\" target=\"_blank\"><strong>ARS AMANDI<\/strong><\/a> han anunciado las siguientes fechas junto a L\u00c1NDEVIR:<\/p>\n<ul>\n<li>D\u00eda 28 de febrero \u2013 Supra Music Hall \u2013 SEVILLA<\/li>\n<li>D\u00eda 25 de abril \u2013 Urban Rock Concept \u2013 VITORIA<\/li>\n<li>D\u00eda 23 de mayo \u2013 Garaje Beat Club \u2013 MURCIA<\/li>\n<li>D\u00eda 24 de octubre \u2013 Sala Revi Live \u2013 MADRID<\/li>\n<\/ul>\n<p><a href=\"https:\/\/arsamandifolkrock.com\/\" rel=\"nofollow noopener\" target=\"_blank\"><strong>ARS AMANDI<\/strong><\/a> estrenaron a primeros de mes su <a href=\"https:\/\/www.rafabasa.com\/2025\/11\/05\/ars-amandi-estreno-de-su-lyric-video-de-el-aventurero-el-7-de-noviembre-se-presentan-en-madrid\/\" rel=\"nofollow noopener\" target=\"_blank\">\u00faltimo v\u00eddeo<\/a>.<\/p>\n<p>Nuestra cr\u00f3nica de su actuaci\u00f3n en Madrid en este <a href=\"https:\/\/www.rafabasa.com\/2025\/11\/10\/cronica-y-fotos-de-ars-amandi-finnway-en-madrid\/\" rel=\"nofollow noopener\" target=\"_blank\">enlace<\/a>.<\/p>\n<p>Su <a href=\"https:\/\/www.rafabasa.com\/2025\/09\/04\/ars-amandi-recordamos-su-nuevo-album-y-su-presentacion\/\" rel=\"nofollow noopener\" target=\"_blank\">\u00faltimo trabajo<\/a> \u201cRumbo norte\u201d sali\u00f3 el pasado mes de septiembre.<\/p>\n<p><img fetchpriority=\"high\" decoding=\"async\" src=\"https:\/\/www.europesays.com\/es\/wp-content\/uploads\/2025\/11\/ars_amandi2025_2.jpg\" alt=\"ARS AMANDI\" width=\"500\" height=\"282\"\/><\/p>\n<p>\u00a0<\/p>\n<p>\u00a0<\/p>\n<p>El cantante de HIRAX <strong>Katon W. De Pena<\/strong> ha explicado durante una aparici\u00f3n en directo porque ha abandonado <a href=\"https:\/\/www.facebook.com\/profile.php?id=61574133265425\" target=\"_blank\" rel=\"noopener nofollow\"><strong>NEFARIOUS<\/strong><\/a>.<\/p>\n<p>\u00abNEFARIOUS era fant\u00e1stica. Me alegro de haber hecho el disco, estoy muy orgulloso. E hice un concierto con ellos que tambi\u00e9n fue incre\u00edble pero tengo que centrarme en HIRAX, que es mi banda. Lleva 40 a\u00f1os siendo mi banda y ah\u00ed es donde est\u00e1 mi coraz\u00f3n y es lo que tengo que hacer.<\/p>\n<p>En cualquier caso le deseo lo mejor a NEFARIOUS, gran banda y grandes m\u00fasicos.\u201d<\/p>\n<p>Ten\u00e9is la aparici\u00f3n completa a continuaci\u00f3n.<\/p>\n<p>La banda cuenta ahora con el cantante de COFFIN HUNTERS Sean Rivera.<\/p>\n<p><a href=\"https:\/\/www.facebook.com\/profile.php?id=61574133265425\" target=\"_blank\" rel=\"noopener nofollow\"><strong>NEFARIOUS<\/strong><\/a>, nueva banda compuesta por el exguitarrista de EXODUS Rick Hunolt, el guitarrista de HEATHEN, ANVIL CHORUS y BLIND ILLUSION Doug Piercy, el bajista Tom Gears (BLIND ILLUSION, ANCIENT MARINER), y el bater\u00eda de DEATH ANGEL y ex \u2013 VICIOUS RUMORS Will \u00abBeastman\u00bb Carroll, editaron el 18 de julio a trav\u00e9s de Hectic\/Bleeding Priest Records su disco de debut \u201cAddicted To Power\u201d.<\/p>\n<p>M\u00e1s detalles en este <a href=\"https:\/\/www.rafabasa.com\/2025\/04\/15\/judas-priest-alice-cooper-jethro-tull-nefarious\/#NEFARIOUS\" rel=\"nofollow noopener\" target=\"_blank\">bloque<\/a> y los singles aparecidos en <a href=\"https:\/\/www.rafabasa.com\/2025\/07\/01\/aerosmith-rata-blanca-nefarious\/#NEFARIOUS\" rel=\"nofollow noopener\" target=\"_blank\">esta<\/a>.<\/p>\n<p>\u00a0<\/p>\n<p><strong>PROYECTO MORDRAKER<\/strong> han estrenado un nuevo v\u00eddeo titulado \u201cNegrura\u201d.<\/p>\n<p>Su disco de debut \u201cEl nacimiento\u201d est\u00e1 ya disponible en las habituales plataformas y ver\u00e1 la luz en formato f\u00edsico pr\u00f3ximamente.<\/p>\n<p>M\u00e1s sobre esta banda de \u00c9cija en su <a href=\"https:\/\/www.facebook.com\/ProyectoMordraker\" rel=\"nofollow noopener\" target=\"_blank\">Facebook<\/a>.<\/p>\n<p>\u00a0<\/p>\n<p align=\"center\"><strong>Sigue el\u00a0<a href=\"https:\/\/whatsapp.com\/channel\/0029VaCprxVBA1f555USvT2O\" target=\"_blank\" rel=\"nofollow noopener\">Canal de RAFABASA.COM en WhatsApp<\/a>, donde encontrar\u00e1s todas nuestras novedades al instante<\/strong><\/p>\n","protected":false},"excerpt":{"rendered":"\u00a0 Fechas conjuntas de ARS AMANDI y L\u00c1NDEVIR. Katon De Pena explica su salida de NEFARIOUS. Debut de&hellip;\n","protected":false},"author":2,"featured_media":242919,"comment_status":"","ping_status":"","sticky":false,"template":"","format":"standard","meta":{"footnotes":""},"categories":[170],"tags":[45460,146,147,25,24,184,185,62359,62360,23],"class_list":{"0":"post-242918","1":"post","2":"type-post","3":"status-publish","4":"format-standard","5":"has-post-thumbnail","7":"category-musica","8":"tag-ars-amandi","9":"tag-entertainment","10":"tag-entretenimiento","11":"tag-es","12":"tag-espana","13":"tag-music","14":"tag-musica","15":"tag-nefarious","16":"tag-proyecto-mordraker","17":"tag-spain"},"share_on_mastodon":{"url":"https:\/\/pubeurope.com\/@es\/115571306645283884","error":""},"_links":{"self":[{"href":"https:\/\/www.europesays.com\/es\/wp-json\/wp\/v2\/posts\/242918","targetHints":{"allow":["GET"]}}],"collection":[{"href":"https:\/\/www.europesays.com\/es\/wp-json\/wp\/v2\/posts"}],"about":[{"href":"https:\/\/www.europesays.com\/es\/wp-json\/wp\/v2\/types\/post"}],"author":[{"embeddable":true,"href":"https:\/\/www.europesays.com\/es\/wp-json\/wp\/v2\/users\/2"}],"replies":[{"embeddable":true,"href":"https:\/\/www.europesays.com\/es\/wp-json\/wp\/v2\/comments?post=242918"}],"version-history":[{"count":0,"href":"https:\/\/www.europesays.com\/es\/wp-json\/wp\/v2\/posts\/242918\/revisions"}],"wp:featuredmedia":[{"embeddable":true,"href":"https:\/\/www.europesays.com\/es\/wp-json\/wp\/v2\/media\/242919"}],"wp:attachment":[{"href":"https:\/\/www.europesays.com\/es\/wp-json\/wp\/v2\/media?parent=242918"}],"wp:term":[{"taxonomy":"category","embeddable":true,"href":"https:\/\/www.europesays.com\/es\/wp-json\/wp\/v2\/categories?post=242918"},{"taxonomy":"post_tag","embeddable":true,"href":"https:\/\/www.europesays.com\/es\/wp-json\/wp\/v2\/tags?post=242918"}],"curies":[{"name":"wp","href":"https:\/\/api.w.org\/{rel}","templated":true}]}}