{"id":242920,"date":"2025-11-18T15:02:10","date_gmt":"2025-11-18T15:02:10","guid":{"rendered":"https:\/\/www.europesays.com\/es\/242920\/"},"modified":"2025-11-18T15:02:10","modified_gmt":"2025-11-18T15:02:10","slug":"nos-encanto-tanto-que-volvimos-al-dia-siguiente-me-parecio-increible","status":"publish","type":"post","link":"https:\/\/www.europesays.com\/es\/242920\/","title":{"rendered":"Nos encant\u00f3 tanto que volvimos al d\u00eda siguiente. Me pareci\u00f3 incre\u00edble"},"content":{"rendered":"<p data-gtm-element-container=\"modulo-texto-link\" class=\"paragraph\">Todos tenemos varias <strong>pel\u00edculas <\/strong>que nos han conquistado y en las que siempre pensamos cuando nos preguntan acerca de nuestra producciones favoritas. Sin embargo, a veces es realmente dif\u00edcil elegir una o unas pocas. &#8216;Rotten Tomatoes&#8217;, portal especializado en cine y televisi\u00f3n, hizo durante mucho tiempo una secci\u00f3n llamada &#8216;<strong>Cinco pel\u00edculas favoritas<\/strong>&#8216;, en la que preguntaba a sus entrevistados por cinco t\u00edtulos memorables.<\/p>\n<p data-gtm-element-container=\"modulo-texto-link\" class=\"paragraph\"><a href=\"https:\/\/editorial.rottentomatoes.com\/article\/owen-wilsons-five-favorite-films\/\" rel=\"nofollow noreferrer noopener\" target=\"_blank\">Owen Wilson<\/a> se atrevi\u00f3 a participar en este reto cuando present\u00f3 en el citado medio la pel\u00edcula &#8216;<strong>C\u00e1sate<\/strong> <strong>conmigo<\/strong>&#8216; en 2022, que coprotagoniz\u00f3 con <strong>Jennifer L\u00f3pez<\/strong>. El actor se lo tom\u00f3 muy en serio: eligi\u00f3 cinco t\u00edtulos que, definitivamente, le han marcado de una manera u otra, ya que la mayor\u00eda <strong>los vio dos veces en el cine<\/strong> cuando salieron en su momento y aport\u00f3 en cada una de sus respuestas recuerdos muy espec\u00edficos sobre las producciones (di\u00e1logos, escenas memorables, actuaciones remarcables, etc.).<\/p>\n<p>                <img loading=\"lazy\" decoding=\"async\" data-full-src=\"https:\/\/www.mundodeportivo.com\/uploads\/2025\/11\/18\/691c774da7233.jpeg\" alt=\"El actor Owen Wilson\" width=\"449\" height=\"299\" src=\"https:\/\/www.europesays.com\/es\/wp-content\/uploads\/2025\/11\/691c774da7233.r_d.2594-1420.jpeg\" class=\"lazy\"\/><\/p>\n<p class=\"caption-title \">El actor Owen Wilson<\/p>\n<p>                    Pascal Le Segretain<\/p>\n<p>\nLas 5 pel\u00edculas favoritas de Owen Wilson<\/p>\n<p>1. &#8216;Rambo&#8217; (1982)<\/p>\n<p data-gtm-element-container=\"modulo-texto-link\" class=\"paragraph\">Sobre la m\u00edtica pel\u00edcula de <strong>Sylvester Stallone<\/strong>, en la que da vida a un veterano obligado a huir a las monta\u00f1as y a enfrentarse en solitario a sus perseguidores, Wilson coment\u00f3 al citado medio: \u00ab<strong>Recuerdo haber ido a verla con mis hermanos y un amigo, y nos encant\u00f3 tanto que volvimos al d\u00eda siguiente. Me pareci\u00f3 incre\u00edble<\/strong>\u00ab. Sobre el personaje de Rambo, a\u00f1adi\u00f3 sobre una escena en concreto: \u00abEs un h\u00e9roe existencialista genial, porque \u00bfpor qu\u00e9 no pod\u00eda simplemente cruzar el pueblo caminando? \u00bfPor qu\u00e9 el sheriff tuvo que detenerlo y echarlo del pueblo, si no estaba molestando a nadie?\u00bb.<\/p>\n<p>                <img loading=\"lazy\" decoding=\"async\" data-full-src=\"https:\/\/www.mundodeportivo.com\/uploads\/2024\/07\/15\/6695704cae5fd.jpeg\" alt=\"Rambo\" width=\"449\" height=\"336\" src=\"https:\/\/www.europesays.com\/es\/wp-content\/uploads\/2025\/11\/6695704cae5fd.jpeg\" class=\"lazy\"\/><\/p>\n<p class=\"caption-title \">Stallone en &#8216;Rambo&#8217;<\/p>\n<p>                    .<\/p>\n<p>2. &#8216;Drugstore Cowboy&#8217; (1989)<\/p>\n<p data-gtm-element-container=\"modulo-texto-link\" class=\"paragraph\">\u00abEsa es otra pel\u00edcula que vi dos d\u00edas seguidos. Recuerdo que la vi en Boston y me encant\u00f3, sobre todo <strong>Gus Van Sant<\/strong>. Luego, recuerdo haber trabajado con Matt Dillon en &#8216;T\u00fa, yo y ahora&#8230; Dupree&#8217; (2006) y decirle cu\u00e1nto me hab\u00eda gustado, <strong>tanto que me sab\u00eda todos los di\u00e1logos<\/strong>\u00ab, record\u00f3 Wilson sobre\u00a0&#8216;Drugstore Cowboy&#8217;. \u00ab<strong>Me encanta el estilo general de la pel\u00edcula y la chaqueta que llevaba Matt Dillon<\/strong>. Me pareci\u00f3 genial\u00bb, asegur\u00f3 para &#8216;Rotten Tomatoes&#8217;.<\/p>\n<p>3. &#8216;Sex, Lies, and Videotape&#8217; (1989)<\/p>\n<p data-gtm-element-container=\"modulo-texto-link\" class=\"paragraph\">El int\u00e9rprete estadounidense, en este caso, tambi\u00e9n revel\u00f3 haber visto la pel\u00edcula dos d\u00edas seguidos. \u00abMe pareci\u00f3 una pel\u00edcula genial (&#8230;). El personaje de <strong>Peter Gallagher <\/strong>es divertid\u00edsimo; era un personaje genial. Y <strong>James Spader <\/strong>tambi\u00e9n es genial\u00bb, dijo.<\/p>\n<p>4. &#8216;Vivir sin aliento&#8217; (1983)<\/p>\n<p data-gtm-element-container=\"modulo-texto-link\" class=\"paragraph\">El actor de &#8216;Noche en el museo&#8217; (2006) tambi\u00e9n incluy\u00f3 en la lista este filme de <strong>Richard Gere<\/strong> que protagoniza junto a<strong>\u00a0Val\u00e9rie Kaprisky<\/strong>. Pero no es el \u00fanico trabajo de Gere que mencion\u00f3: no pudo evitar destacar tambi\u00e9n el trabajo del int\u00e9rprete en &#8216;Oficial y caballero&#8217; (1982).\u00a0<\/p>\n<p>                <img loading=\"lazy\" decoding=\"async\" data-full-src=\"https:\/\/www.mundodeportivo.com\/uploads\/2025\/11\/18\/691c81b65b36f.jpeg\" alt=\"'Vivir sin aliento' (1983)\" width=\"449\" height=\"234\" src=\"https:\/\/www.europesays.com\/es\/wp-content\/uploads\/2025\/11\/691c81b65b36f.jpeg\" class=\"lazy\"\/><\/p>\n<p class=\"caption-title \">&#8216;Vivir sin aliento&#8217; (1983)<\/p>\n<p>                    .<\/p>\n<p>    Lee tambi\u00e9n<\/p>\n<p>5. &#8216;Consejo de guerra&#8217; (1980)<\/p>\n<p data-gtm-element-container=\"modulo-texto-link\" class=\"paragraph\">Wilson coment\u00f3 sobre esta pel\u00edcula australiana: \u00abLa vi de ni\u00f1o con mis padres. Recuerdo que cuando compart\u00ed habitaci\u00f3n con Wes en la universidad, \u00e9l nunca la hab\u00eda visto. Creo que le gust\u00f3 mucho; <strong>tiene di\u00e1logos geniales y las actuaciones son magn\u00edficas<\/strong>\u00ab.<\/p>\n","protected":false},"excerpt":{"rendered":"Todos tenemos varias pel\u00edculas que nos han conquistado y en las que siempre pensamos cuando nos preguntan acerca&hellip;\n","protected":false},"author":2,"featured_media":242921,"comment_status":"","ping_status":"","sticky":false,"template":"","format":"standard","meta":{"footnotes":""},"categories":[169],"tags":[177,146,147,25,24,176,175,23],"class_list":{"0":"post-242920","1":"post","2":"type-post","3":"status-publish","4":"format-standard","5":"has-post-thumbnail","7":"category-cine","8":"tag-cine","9":"tag-entertainment","10":"tag-entretenimiento","11":"tag-es","12":"tag-espana","13":"tag-film","14":"tag-movies","15":"tag-spain"},"share_on_mastodon":{"url":"https:\/\/pubeurope.com\/@es\/115571310677530609","error":""},"_links":{"self":[{"href":"https:\/\/www.europesays.com\/es\/wp-json\/wp\/v2\/posts\/242920","targetHints":{"allow":["GET"]}}],"collection":[{"href":"https:\/\/www.europesays.com\/es\/wp-json\/wp\/v2\/posts"}],"about":[{"href":"https:\/\/www.europesays.com\/es\/wp-json\/wp\/v2\/types\/post"}],"author":[{"embeddable":true,"href":"https:\/\/www.europesays.com\/es\/wp-json\/wp\/v2\/users\/2"}],"replies":[{"embeddable":true,"href":"https:\/\/www.europesays.com\/es\/wp-json\/wp\/v2\/comments?post=242920"}],"version-history":[{"count":0,"href":"https:\/\/www.europesays.com\/es\/wp-json\/wp\/v2\/posts\/242920\/revisions"}],"wp:featuredmedia":[{"embeddable":true,"href":"https:\/\/www.europesays.com\/es\/wp-json\/wp\/v2\/media\/242921"}],"wp:attachment":[{"href":"https:\/\/www.europesays.com\/es\/wp-json\/wp\/v2\/media?parent=242920"}],"wp:term":[{"taxonomy":"category","embeddable":true,"href":"https:\/\/www.europesays.com\/es\/wp-json\/wp\/v2\/categories?post=242920"},{"taxonomy":"post_tag","embeddable":true,"href":"https:\/\/www.europesays.com\/es\/wp-json\/wp\/v2\/tags?post=242920"}],"curies":[{"name":"wp","href":"https:\/\/api.w.org\/{rel}","templated":true}]}}