{"id":242926,"date":"2025-11-18T15:05:08","date_gmt":"2025-11-18T15:05:08","guid":{"rendered":"https:\/\/www.europesays.com\/es\/242926\/"},"modified":"2025-11-18T15:05:08","modified_gmt":"2025-11-18T15:05:08","slug":"sigo-teniendo-mas-dinero-que-tu","status":"publish","type":"post","link":"https:\/\/www.europesays.com\/es\/242926\/","title":{"rendered":"\u00abSigo teniendo m\u00e1s dinero que t\u00fa\u00bb"},"content":{"rendered":"<p style=\"\"><strong>Paula Badosa<\/strong> anunci\u00f3 a finales del pasado mes de septiembre que dejaba aparcada su carrera como tenista profesional hasta 2026. Tras acumular lesiones, la deportista decidi\u00f3 dar un paso hacia atr\u00e1s para recuperarse y regresar tras recuperarse an\u00edmica y f\u00edsicamente. Es por ello que  &#8230; las risas del lunes por la noche en el programa de <strong>David Broncano<\/strong> seguro que le han sido un tanto bals\u00e1micas. Y es que Badosa se sentaba para dar una entrevista muy especial, tanto por el formato en s\u00ed, en &#8216;<strong>La Revuelta<\/strong>&#8216; (La 1), como por tener enfrente a una persona con la que mantuvo una relaci\u00f3n amorosa, el presentador. <\/p>\n<p class=\"voc-p\" style=\"\">En todo momento se los vio a ambos c\u00f3modos, divertidos e incluso c\u00f3mplices. La prueba de fuego, c\u00f3mo no, fue el &#8216;reel&#8217; de preguntas delicadas que hace Broncano a todos sus invitados y Paula no iba a ser menos. Del \u00abcu\u00e1ntas <strong>relaciones sexuales<\/strong> has tenido en los \u00faltimos 30 d\u00edas\u00bb a c\u00f3mo de saludable est\u00e1 su cuenta bancaria. Ella ha salido del entuerto como ha podido y ha dejado momentos muy divertidos. <\/p>\n<p class=\"voc-p\" style=\"\">Sobre el tema \u00edntimo, <strong>Paula Badosa<\/strong> ha aprovechado para \u00abconfirmar\u00bb que est\u00e1 soltera: \u00ab\u00bfPero se sab\u00eda medi\u00e1ticamente esto? \u00bfS\u00ed?\u00bb. Broncano le ha preguntado y ella ha referido que s\u00ed hab\u00eda salido en la prensa pero que ella llega para confirmarlo. El presentador jienense le ha devuelto un comentario un tanto ir\u00f3nico que ha generado risas en el p\u00fablico: \u00abHas contestado igual en redes con la canci\u00f3n de &#8216;<strong>La Perla&#8217; de Rosal\u00eda<\/strong>, \u00bfno?\u00bb. Dicho esto, ella ha hablado al respecto para dar la contestaci\u00f3n: \u00abLa cosa no esta incre\u00edble, tampoco est\u00e1 fatal. Es que estoy en pretemporada y estoy algo cansada. No s\u00e9. Estoy todo el d\u00eda cansada y con hambre. Pero estoy soltera, \u00bfeh? Que se sepa\u2026\u00bb.<\/p>\n<p>\nBroncano: \u00abCu\u00e1nto dinero tienes en el banco?\u00bb\n<\/p>\n<p class=\"voc-p\" style=\"\">Y de ah\u00ed a la pregunta del mill\u00f3n, sin anestesia. A eso de \u00ab\u00bf<strong>cu\u00e1nto dinero tienes en el banco<\/strong>?\u00bb Ella ha sido contundente y el p\u00fablico le ha aplaudido con fuerza por lo que le ha espetado: \u00abSigo teniendo m\u00e1s que t\u00fa\u00bb. Broncano ha empezado a re\u00edr y ella ha continuado: \u00abYa lo sabes, siempre que hablamos te lo digo, que me da igual que hayas firmado aqu\u00ed o all\u00ed, que tengo mas dinero que t\u00fa\u00bb. Como Paula no daba cifra, en el equipo han tirado de informaci\u00f3n publicada para hacer un c\u00e1lculo que se ha retransmitido en alto: \u00abNueve millones solo de premios\u2026 multiplica por dos por los patrocinios y tal\u2026 Enhorabuena, <strong>20 millones<\/strong>\u00bb. Se lo dec\u00eda mientras le tend\u00eda la mano y se daban un abrazo.<\/p>\n<p class=\"voc-p\" style=\"\">David Broncano ha aprovechado la entrevista para reconocer la importancia de Badosa como tenista de alto nivel. Ella ha compartido que comenz\u00f3 2025 diciendo \u00abeste es mi a\u00f1o\u00bb pero al final ha ido torci\u00e9ndose la cosa. La deportista sue\u00f1a con <strong>ganar un Grand Slam<\/strong> y lo ha compartido en &#8216;<strong>La Revuelta<\/strong>&#8216;. En 2026 \u00abempieza la Paula de verdad\u00bb y ha confesado que tiene \u00abmuch\u00edsimas ganas\u00bb.<\/p>\n","protected":false},"excerpt":{"rendered":"Paula Badosa anunci\u00f3 a finales del pasado mes de septiembre que dejaba aparcada su carrera como tenista profesional&hellip;\n","protected":false},"author":2,"featured_media":242927,"comment_status":"","ping_status":"","sticky":false,"template":"","format":"standard","meta":{"footnotes":""},"categories":[91],"tags":[11838,13289,534,146,147,25,24,8464,62361,9464,19434,23],"class_list":{"0":"post-242926","1":"post","2":"type-post","3":"status-publish","4":"format-standard","5":"has-post-thumbnail","7":"category-entretenimiento","8":"tag-badosa","9":"tag-broncano","10":"tag-dinero","11":"tag-entertainment","12":"tag-entretenimiento","13":"tag-es","14":"tag-espana","15":"tag-paula","16":"tag-pica","17":"tag-pregunta","18":"tag-sigo","19":"tag-spain"},"share_on_mastodon":{"url":"https:\/\/pubeurope.com\/@es\/115571322129860297","error":""},"_links":{"self":[{"href":"https:\/\/www.europesays.com\/es\/wp-json\/wp\/v2\/posts\/242926","targetHints":{"allow":["GET"]}}],"collection":[{"href":"https:\/\/www.europesays.com\/es\/wp-json\/wp\/v2\/posts"}],"about":[{"href":"https:\/\/www.europesays.com\/es\/wp-json\/wp\/v2\/types\/post"}],"author":[{"embeddable":true,"href":"https:\/\/www.europesays.com\/es\/wp-json\/wp\/v2\/users\/2"}],"replies":[{"embeddable":true,"href":"https:\/\/www.europesays.com\/es\/wp-json\/wp\/v2\/comments?post=242926"}],"version-history":[{"count":0,"href":"https:\/\/www.europesays.com\/es\/wp-json\/wp\/v2\/posts\/242926\/revisions"}],"wp:featuredmedia":[{"embeddable":true,"href":"https:\/\/www.europesays.com\/es\/wp-json\/wp\/v2\/media\/242927"}],"wp:attachment":[{"href":"https:\/\/www.europesays.com\/es\/wp-json\/wp\/v2\/media?parent=242926"}],"wp:term":[{"taxonomy":"category","embeddable":true,"href":"https:\/\/www.europesays.com\/es\/wp-json\/wp\/v2\/categories?post=242926"},{"taxonomy":"post_tag","embeddable":true,"href":"https:\/\/www.europesays.com\/es\/wp-json\/wp\/v2\/tags?post=242926"}],"curies":[{"name":"wp","href":"https:\/\/api.w.org\/{rel}","templated":true}]}}