{"id":242931,"date":"2025-11-18T15:08:10","date_gmt":"2025-11-18T15:08:10","guid":{"rendered":"https:\/\/www.europesays.com\/es\/242931\/"},"modified":"2025-11-18T15:08:10","modified_gmt":"2025-11-18T15:08:10","slug":"hamas-rechaza-desarmarse-sin-un-estado-palestino-y-deja-en-el-aire-la-resolucion-de-la-onu-que-legitima-el-plan-de-trump-para-gaza-internacional","status":"publish","type":"post","link":"https:\/\/www.europesays.com\/es\/242931\/","title":{"rendered":"Ham\u00e1s rechaza desarmarse sin un Estado palestino y deja en el aire la resoluci\u00f3n de la ONU que legitima el plan de Trump para Gaza | Internacional"},"content":{"rendered":"<p class=\"\">La milicia palestina Ham\u00e1s, con decenas de miles de combatientes armados en Gaza, ha rechazado de pleno la resoluci\u00f3n de las Naciones Unidas que la noche del lunes <a href=\"https:\/\/elpais.com\/internacional\/2025-11-17\/el-consejo-de-seguridad-de-la-onu-aprueba-la-resolucion-sobre-el-plan-de-trump-para-gaza.html\" target=\"_self\" rel=\"nofollow noopener\" title=\"https:\/\/elpais.com\/internacional\/2025-11-17\/el-consejo-de-seguridad-de-la-onu-aprueba-la-resolucion-sobre-el-plan-de-trump-para-gaza.html\">otorg\u00f3 un mandato al plan de EE UU para estabilizar un alto el fuego en la Franja<\/a>. La negativa de la organizaci\u00f3n, que ha anunciado en un comunicado que no se desarmar\u00e1 mientras no exista un proceso hacia la creaci\u00f3n de un Estado palestino del que no encuentra garant\u00edas en el texto de la resoluci\u00f3n, deja en el aire un proyecto cuya aprobaci\u00f3n en el <a href=\"https:\/\/elpais.com\/noticias\/consejo-seguridad-onu\/\" target=\"_self\" rel=\"nofollow noopener\" title=\"https:\/\/elpais.com\/noticias\/consejo-seguridad-onu\/\">Consejo de Seguridad<\/a> supone un triunfo para la Administraci\u00f3n de Donald Trump.<\/p>\n<p class=\"\">La oposici\u00f3n de los combatientes gazat\u00edes contrasta con la satisfacci\u00f3n que han expresado los otros dos actores directamente implicados por el dictamen. El primer ministro israel\u00ed, <a href=\"https:\/\/elpais.com\/noticias\/benjamin-netanyahu\/\" target=\"_self\" rel=\"nofollow noopener\" title=\"https:\/\/elpais.com\/noticias\/benjamin-netanyahu\/\">Benjam\u00edn Netanyahu<\/a>, que no se ha pronunciado hasta este martes, ha \u201caplaudido\u201d una resoluci\u00f3n \u201cque llevar\u00e1 a la paz y a la prosperidad porque insiste en el completo desarme y desradicalizaci\u00f3n de Gaza\u201d, ha escrito en la red social X.<\/p>\n<p class=\"\">La Autoridad Palestina, que gobierna parte de <a href=\"https:\/\/elpais.com\/internacional\/2025-11-13\/colonos-israelies-prenden-fuego-a-una-mezquita-en-una-escalada-de-violencia-en-cisjordania.html\" target=\"_self\" rel=\"nofollow noopener\" title=\"https:\/\/elpais.com\/internacional\/2025-11-13\/colonos-israelies-prenden-fuego-a-una-mezquita-en-una-escalada-de-violencia-en-cisjordania.html\">Cisjordania \u2015otro territorio palestino ocupado por Israel y desvinculado territorialmente de la Franja\u2015<\/a>, dio la bienvenida a la medida el mismo lunes por la noche al interpretar que afirma \u201cel derecho a la autodeterminaci\u00f3n de los palestinos\u201d y llam\u00f3 a su implementaci\u00f3n \u201cinmediata\u201d. Est\u00e1, dijo, \u201cpreparada\u201d para cooperar. Aunque lo hace de manera indeterminada, y sin plazos ni garant\u00edas, el plan indica que la <a href=\"https:\/\/elpais.com\/noticias\/anp-autoridad-nacional-palestina\/\" target=\"_self\" rel=\"nofollow noopener\" title=\"https:\/\/elpais.com\/noticias\/anp-autoridad-nacional-palestina\/\">Autoridad Palestina<\/a> asumir\u00e1 el control del enclave en el futuro.<\/p>\n<p class=\"\">Los trece votos a favor sin ning\u00fan voto en contra que la propuesta de resoluci\u00f3n recibi\u00f3 el lunes dan legitimidad legal a la segunda fase de la hoja de ruta de Trump, que entre otras cosas llama al desarme de Ham\u00e1s, al <a href=\"https:\/\/elpais.com\/internacional\/2025-11-11\/la-nueva-fase-del-plan-de-trump-en-gaza-se-enfrenta-a-grandes-interrogantes-en-torno-a-la-fuerza-internacional-y-la-division-de-la-franja.html\" target=\"_self\" rel=\"nofollow noopener\" title=\"https:\/\/elpais.com\/internacional\/2025-11-11\/la-nueva-fase-del-plan-de-trump-en-gaza-se-enfrenta-a-grandes-interrogantes-en-torno-a-la-fuerza-internacional-y-la-division-de-la-franja.html\">despliegue de una Fuerza de Estabilizaci\u00f3n Internacional (ISF, por sus siglas en ingl\u00e9s)<\/a> y a la aparici\u00f3n de un modelo de gobernanza \u201ctransitorio\u201d \u2015dos a\u00f1os\u2015 liderado por Trump.<\/p>\n<p class=\"\">La primera fase, que consist\u00eda en frenar las hostilidades y liberar a los cautivos a cambio de la reanudaci\u00f3n del flujo humanitario, entr\u00f3 en vigor el 10 de octubre y su firma fue celebrada en <a href=\"https:\/\/elpais.com\/internacional\/2025-10-13\/trump-y-al-sisi-presiden-una-cumbre-en-egipto-para-apuntalar-el-plan-de-paz-en-gaza.html\" target=\"_self\" rel=\"nofollow noopener\" title=\"https:\/\/elpais.com\/internacional\/2025-10-13\/trump-y-al-sisi-presiden-una-cumbre-en-egipto-para-apuntalar-el-plan-de-paz-en-gaza.html\">una cumbre alrededor de la figura del estadounidense con decenas de l\u00edderes mundiales en Sharm el Sheij (Egipto)<\/a>, donde el mandatario afirm\u00f3 haber puesto fin a 3.000 a\u00f1os de conflicto.<\/p>\n<p class=\"\">Sin embargo, la resoluci\u00f3n evita dar detalles sobre qui\u00e9n y c\u00f3mo debe afrontar la patata caliente de desarmar a Ham\u00e1s, dejando desatendido el choque irreconciliable que ha impedido un acuerdo de tregua permanente desde el inicio de la guerra entre Israel \u2015que exige el desarme de la milicia\u2015 y los combatientes palestinos \u2015que exigen, para ello, una v\u00eda cre\u00edble hacia un Estado palestino, algo que el Gobierno israel\u00ed descarta\u2015.<\/p>\n<p class=\"\">\u201cLa resoluci\u00f3n incumple con los derechos pol\u00edticos del pueblo palestino\u201d, protesta Ham\u00e1s en una nota difundida tras la aprobaci\u00f3n de la resoluci\u00f3n. El grupo denuncia que el texto \u201cimpone\u201d una \u201ctutela internacional\u201d que \u201cel pueblo y las facciones de Gaza rechazan\u201d, y se\u00f1ala que el plan impulsa \u201clos objetivos\u201d de Israel al otorgar a la ISF el papel \u201cde desarmar a la resistencia\u201d. Ham\u00e1s considera que ese elemento convierte la misi\u00f3n en \u201cuna parte del conflicto a favor de la ocupaci\u00f3n\u201d.<\/p>\n<p class=\"\">\u201cResistir la ocupaci\u00f3n mediante todos los medios es un derecho leg\u00edtimo garantizado por las leyes y las convenciones internacionales\u201d, concluye el mensaje de Ham\u00e1s. \u201c[El desarme] debe ir conectado a un proceso pol\u00edtico que asegure el establecimiento de un Estado palestino\u201d.<\/p>\n<p>Un proyecto con rendijas<\/p>\n<p class=\"\">La aprobaci\u00f3n de la resoluci\u00f3n impulsa el avance de la tregua temporal hacia un Estado permanente. Pero lo visualizado en el papel tiene importantes retos pendientes. El rechazo de Ham\u00e1s a entregar su arsenal en las condiciones previstas en el texto podr\u00eda desanimar a los pa\u00edses candidatos a engrosar la ISF. La resoluci\u00f3n contempla que ese cuerpo coopere \u201ccon Egipto e Israel\u201d y que, entre otras, asuma la tarea de \u201cgarantizar el proceso de desmilitarizaci\u00f3n de la Franja\u201d y de desarmar a \u201clos grupos armados no estatales\u201d.<\/p>\n<p class=\"\">El lenguaje empleado no detalla qu\u00e9 grado de responsabilidad tendr\u00eda la ISF en el conjunto de acciones que deben llevar al desarme de Ham\u00e1s, pero indica que la misi\u00f3n ir\u00eda m\u00e1s all\u00e1 del mantenimiento de la paz, algo que varios pa\u00edses candidatos \u2015especialmente \u00e1rabes, como Jordania\u2015 ven como una l\u00ednea roja.<\/p>\n<p class=\"\">Aunque un soldado extranjero llegue a poner un pie en Gaza con el logo de la ISF, la resoluci\u00f3n mantiene una serie de rendijas que podr\u00edan congelar Gaza en un estado intermedio del plan, sin llegar a desarrollarse ni a quitarse de encima la presencia israel\u00ed o internacional.<\/p>\n<p class=\"\">El punto 2 del veredicto describe la Junta de la Paz presidida por Trump como \u201cuna administraci\u00f3n transitoria\u201d que mantendr\u00e1 el control del enclave hasta que la Autoridad Palestina complete unas reformas no detalladas, aunque se haga referencia a una propuesta de Arabia Saud\u00ed y Francia que emplazaba ese ente a democratizarse. El plan vincula la finalizaci\u00f3n de ese proceso de manera \u201cfiel\u201d (sin especificar con fidelidad a qu\u00e9) con la hipot\u00e9tica existencia de un futuro \u201ccamino hacia la autodeterminaci\u00f3n palestina\u201d.<\/p>\n<p class=\"\">Tampoco queda claro bajo qu\u00e9 t\u00e9rminos el ej\u00e9rcito israel\u00ed se retirar\u00e1 de Gaza. Seg\u00fan el punto 7, las tropas retroceder\u00e1n a medida que la ISF establezca el control del territorio \u201cconforme a est\u00e1ndares, hitos y plazos\u201d a\u00fan inexistentes. Ese punto protege la permanencia de la ocupaci\u00f3n israel\u00ed con una \u00faltima laguna, al legitimarla hasta que Gaza \u201cest\u00e9 protegida del resurgimiento de la amenaza terrorista\u201d, un elemento que Israel, como en L\u00edbano, podr\u00eda interpretar para seguir actuando militarmente.<\/p>\n<p class=\"\">Los gazat\u00edes han reaccionado este martes al espaldarazo del Consejo de Seguridad al alto el fuego impulsado por Trump con una mezcla entre el escepticismo y la completa desconfianza. As\u00ed lo indican las informaciones period\u00edsticas surgidas desde el interior del enclave y las entrevistas que EL PA\u00cdS ha realizado por tel\u00e9fono con dos gazat\u00edes durante el martes.<\/p>\n<p class=\"\">Alaa Sbaih, mujer de 25 a\u00f1os desplazada en <a href=\"https:\/\/elpais.com\/noticias\/franja-gaza\/\" target=\"_self\" rel=\"nofollow noopener\" title=\"https:\/\/elpais.com\/noticias\/franja-gaza\/\">Ciudad de Gaza<\/a>, cree que los Estados que impulsan el plan no tienen en cuenta las necesidades, la voluntad y los intereses de los gazat\u00edes, y advierte que ni Estados Unidos ni Israel \u201cpueden erradicar el esp\u00edritu de la resistencia de este pueblo que sufre\u201d. Hassan Abu Qamar, residente de 18 a\u00f1os en el campo de refugiados de Nuseirat (centro del enclave), desconoce en qu\u00e9 modo esa resoluci\u00f3n \u201cpuede influir en nuestra vida en Gaza\u201d.<\/p>\n","protected":false},"excerpt":{"rendered":"La milicia palestina Ham\u00e1s, con decenas de miles de combatientes armados en Gaza, ha rechazado de pleno la&hellip;\n","protected":false},"author":2,"featured_media":242932,"comment_status":"","ping_status":"","sticky":false,"template":"","format":"standard","meta":{"footnotes":""},"categories":[42],"tags":[13241,17,18,6920,68,352,13,14,73,69,75,11,61,62,63,64,19,20,9,10,15,16,732,77,76,12,21,22,65,66,67],"class_list":{"0":"post-242931","1":"post","2":"type-post","3":"status-publish","4":"format-standard","5":"has-post-thumbnail","7":"category-internacional","8":"tag-benjamin-netanyahu","9":"tag-breaking-news","10":"tag-breakingnews","11":"tag-cisjordania","12":"tag-conflicto-arabe-israeli","13":"tag-donald-trump","14":"tag-featured-news","15":"tag-featurednews","16":"tag-franja-gaza","17":"tag-guerra","18":"tag-hamas","19":"tag-headlines","20":"tag-internacional","21":"tag-international","22":"tag-international-news","23":"tag-internationalnews","24":"tag-latest-news","25":"tag-latestnews","26":"tag-news","27":"tag-noticias","28":"tag-noticias-destacadas","29":"tag-noticiasdestacadas","30":"tag-onu","31":"tag-oriente-proximo","32":"tag-palestina","33":"tag-titulares","34":"tag-ultimas-noticias","35":"tag-ultimasnoticias","36":"tag-world","37":"tag-world-news","38":"tag-worldnews"},"share_on_mastodon":{"url":"","error":"Validation failed: Text character limit of 500 exceeded"},"_links":{"self":[{"href":"https:\/\/www.europesays.com\/es\/wp-json\/wp\/v2\/posts\/242931","targetHints":{"allow":["GET"]}}],"collection":[{"href":"https:\/\/www.europesays.com\/es\/wp-json\/wp\/v2\/posts"}],"about":[{"href":"https:\/\/www.europesays.com\/es\/wp-json\/wp\/v2\/types\/post"}],"author":[{"embeddable":true,"href":"https:\/\/www.europesays.com\/es\/wp-json\/wp\/v2\/users\/2"}],"replies":[{"embeddable":true,"href":"https:\/\/www.europesays.com\/es\/wp-json\/wp\/v2\/comments?post=242931"}],"version-history":[{"count":0,"href":"https:\/\/www.europesays.com\/es\/wp-json\/wp\/v2\/posts\/242931\/revisions"}],"wp:featuredmedia":[{"embeddable":true,"href":"https:\/\/www.europesays.com\/es\/wp-json\/wp\/v2\/media\/242932"}],"wp:attachment":[{"href":"https:\/\/www.europesays.com\/es\/wp-json\/wp\/v2\/media?parent=242931"}],"wp:term":[{"taxonomy":"category","embeddable":true,"href":"https:\/\/www.europesays.com\/es\/wp-json\/wp\/v2\/categories?post=242931"},{"taxonomy":"post_tag","embeddable":true,"href":"https:\/\/www.europesays.com\/es\/wp-json\/wp\/v2\/tags?post=242931"}],"curies":[{"name":"wp","href":"https:\/\/api.w.org\/{rel}","templated":true}]}}