{"id":242962,"date":"2025-11-18T15:32:11","date_gmt":"2025-11-18T15:32:11","guid":{"rendered":"https:\/\/www.europesays.com\/es\/242962\/"},"modified":"2025-11-18T15:32:11","modified_gmt":"2025-11-18T15:32:11","slug":"el-asesinato-del-hermano-de-un-activista-antinarco-enciende-las-alarmas-en-francia","status":"publish","type":"post","link":"https:\/\/www.europesays.com\/es\/242962\/","title":{"rendered":"El asesinato del hermano de un activista antinarco enciende las alarmas en Francia"},"content":{"rendered":"<p>    <img src=\"https:\/\/www.europesays.com\/es\/wp-content\/uploads\/2025\/11\/2025-11-18T143A343A07Z-90356746.jpg\" width=\"1024\" height=\"575\" alt=\"\" loading=\"eager\" decoding=\"sync\" fetchpriority=\"high\"\/><\/p>\n<p>            afp_tickers        <\/p>\n<p>        Este contenido fue publicado en    <\/p>\n<p>        18 noviembre 2025 &#8211; 15:34\n<\/p>\n<p>El presidente franc\u00e9s, Emmanuel Macron, convoc\u00f3 este martes una reuni\u00f3n de urgencia sobre la lucha contra el narcotr\u00e1fico, despu\u00e9s de varios dramas vinculados a este comercio, como el asesinato del hermano de un joven activista antidrogas en Marsella.<\/p>\n<p>La reuni\u00f3n llega d\u00edas despu\u00e9s del anuncio del canciller franc\u00e9s, Jean-No\u00ebl Barrot, de un plan para reforzar la cooperaci\u00f3n contra el narcotr\u00e1fico con los pa\u00edses de Am\u00e9rica Latina y el Caribe, donde Estados Unidos bombardea presuntas lanchas con drogas.<\/p>\n<p>\u00abAprobamos una ley el pasado mes de junio para dotarnos de un arsenal represivo contra esta lacra del narcotr\u00e1fico que invade las ciudades y pueblos de Francia\u00bb, explic\u00f3 este martes Barrot en la televisi\u00f3n p\u00fablica France 2.<\/p>\n<p>\u00abPero frente a tr\u00e1ficos (\u2026) que se internacionalizan tenemos que erradicar el narcotr\u00e1fico de ra\u00edz\u00bb, agreg\u00f3 el canciller franc\u00e9s, quien record\u00f3 su propuesta de crear una academia regional en Am\u00e9rica Latina para formar en la lucha contra este fen\u00f3meno.<\/p>\n<p>Marsella, a orillas del Mediterr\u00e1neo, simboliza el fen\u00f3meno del narcotr\u00e1fico en Francia. Desde enero, al menos 14 personas han perdido la vida en esta ciudad del sureste y en su departamento en narcocr\u00edmenes, seg\u00fan un recuento de AFP.<\/p>\n<p>Pero el asesinato el jueves del hermano de 20 a\u00f1os del activista ecologista y antinarco Amine Kessaci puso de nuevo el foco en esta ciudad portuaria. El entierro de Mehdi est\u00e1 previsto este martes, antes de una marcha blanca el s\u00e1bado en Marsella.<\/p>\n<p>\u2013 \u00abCrimen de intimidaci\u00f3n\u00bb \u2013<\/p>\n<p>\u00abPor desgracia, es un crimen de intimidaci\u00f3n que est\u00e1 muy directamente vinculado\u00bb al narcotr\u00e1fico y \u00abun punto de inflexi\u00f3n\u00bb, asegur\u00f3 el ministro del Interior, Laurent Nu\u00f1ez, tras la reuni\u00f3n en el Palacio del El\u00edseo, sede de la presidencia francesa en Par\u00eds.<\/p>\n<p>\u00abHemos observado que los traficantes, y en particular los que dirigen las mafias de Marsella, est\u00e1n cada vez m\u00e1s nerviosos porque estamos llevando a cabo acciones que son extremadamente eficaces\u00bb, a\u00f1adi\u00f3 el ministro.<\/p>\n<p>Amine Kessaci, de 22 a\u00f1os, se convirti\u00f3 en activista y miembro del partido ecologista tras perder a un hermano mayor en 2020 en un crimen relacionado con el narcotr\u00e1fico. Su cuerpo apareci\u00f3 carbonizado dentro de un veh\u00edculo.<\/p>\n<p>Para el crimin\u00f3logo Jean-Baptiste Perrier, el crimen organizado es m\u00e1s peligroso que \u00abhace 10 o 15 a\u00f1os\u00bb. \u00abLos grupos criminales relacionados hoy con el narcotr\u00e1fico no son mafias ni c\u00e1rteles, pero utilizan los c\u00f3digos de violencia de los c\u00e1rteles\u00bb, agreg\u00f3.<\/p>\n<p>En el caso de Mehdi, \u00abuna motocicleta se detuvo junto al coche de la v\u00edctima, quien acababa de estacionar. El pasajero del asiento trasero de la motocicleta dispar\u00f3 a la v\u00edctima varias veces\u00bb, explic\u00f3 el viernes el fiscal de Marsella, Nicolas Bessone.<\/p>\n<p>Varias personas depositaron flores blancas este martes en la rotonda en la que fue asesinado. \u00abTenemos hijos, inevitablemente pensamos en ellos. \u00bfQu\u00e9 les puede pasar? No estamos a salvo de una bala perdida\u00bb, dijo Mohamed Habib Errabia, un vecino de 77 a\u00f1os.<\/p>\n<p>\u2013 \u00abAmplificar\u00bb la lucha \u2013<\/p>\n<p>Durante la reuni\u00f3n de urgencia, Macron llam\u00f3 a su gobierno a \u00abamplificar\u00bb la lucha contra el narcotr\u00e1fico, m\u00e1xime cuando este tema avanza en el debate p\u00fablico de cara a las elecciones municipales del pr\u00f3ximo mes de marzo.<\/p>\n<p>\u00abEs urgente que el gobierno se ponga las pilas\u00bb, dijo la l\u00edder ultraderechista Marine Le Pen. El candidato de su partido a la alcald\u00eda de Marsella, Franck Allisio, reclam\u00f3 la activaci\u00f3n del \u00abestado de emergencia\u00bb en la ciudad.<\/p>\n<p>Seg\u00fan la presidencia francesa, el objetivo de la reuni\u00f3n era la \u00abimplementaci\u00f3n\u00bb y el \u00abrefuerzo\u00bb de la ley contra el narcotr\u00e1fico que se promulg\u00f3 en junio y que prev\u00e9 la puesta en marcha de una fiscal\u00eda nacional contra el crimen organizado (Pnaco) a partir de enero.<\/p>\n<p>Esta legislaci\u00f3n, inspirada en las leyes antimafia italianas, tambi\u00e9n permiti\u00f3 crear dos prisiones de alta seguridad para internar a los narcos m\u00e1s peligrosos, como Mohamed Amra, cuya espectacular fuga durante un traslado en 2024 cost\u00f3 la vida a dos agentes.<\/p>\n<p>Francia registr\u00f3 en los \u00faltimos a\u00f1os una fuerte violencia vinculada al tr\u00e1fico de drogas en todo el pa\u00eds. En 2024, dej\u00f3 110 muertos y 341 heridos.<\/p>\n<p>burs-tjc\/meb\/pc<\/p>\n","protected":false},"excerpt":{"rendered":"afp_tickers Este contenido fue publicado en 18 noviembre 2025 &#8211; 15:34 El presidente franc\u00e9s, Emmanuel Macron, convoc\u00f3 este&hellip;\n","protected":false},"author":2,"featured_media":242963,"comment_status":"","ping_status":"","sticky":false,"template":"","format":"standard","meta":{"footnotes":""},"categories":[42],"tags":[17,18,11892,83,27495,13,14,11,61,62,63,86,64,19,20,7657,9,10,15,16,88,90,12,21,22,65,66,67],"class_list":{"0":"post-242962","1":"post","2":"type-post","3":"status-publish","4":"format-standard","5":"has-post-thumbnail","7":"category-internacional","8":"tag-breaking-news","9":"tag-breakingnews","10":"tag-crime","11":"tag-diplomacy","12":"tag-drug-trafficking","13":"tag-featured-news","14":"tag-featurednews","15":"tag-headlines","16":"tag-internacional","17":"tag-international","18":"tag-international-news","19":"tag-international-relations","20":"tag-internationalnews","21":"tag-latest-news","22":"tag-latestnews","23":"tag-law-and-order","24":"tag-news","25":"tag-noticias","26":"tag-noticias-destacadas","27":"tag-noticiasdestacadas","28":"tag-politics","29":"tag-ticker","30":"tag-titulares","31":"tag-ultimas-noticias","32":"tag-ultimasnoticias","33":"tag-world","34":"tag-world-news","35":"tag-worldnews"},"share_on_mastodon":{"url":"https:\/\/pubeurope.com\/@es\/115571428513589812","error":""},"_links":{"self":[{"href":"https:\/\/www.europesays.com\/es\/wp-json\/wp\/v2\/posts\/242962","targetHints":{"allow":["GET"]}}],"collection":[{"href":"https:\/\/www.europesays.com\/es\/wp-json\/wp\/v2\/posts"}],"about":[{"href":"https:\/\/www.europesays.com\/es\/wp-json\/wp\/v2\/types\/post"}],"author":[{"embeddable":true,"href":"https:\/\/www.europesays.com\/es\/wp-json\/wp\/v2\/users\/2"}],"replies":[{"embeddable":true,"href":"https:\/\/www.europesays.com\/es\/wp-json\/wp\/v2\/comments?post=242962"}],"version-history":[{"count":0,"href":"https:\/\/www.europesays.com\/es\/wp-json\/wp\/v2\/posts\/242962\/revisions"}],"wp:featuredmedia":[{"embeddable":true,"href":"https:\/\/www.europesays.com\/es\/wp-json\/wp\/v2\/media\/242963"}],"wp:attachment":[{"href":"https:\/\/www.europesays.com\/es\/wp-json\/wp\/v2\/media?parent=242962"}],"wp:term":[{"taxonomy":"category","embeddable":true,"href":"https:\/\/www.europesays.com\/es\/wp-json\/wp\/v2\/categories?post=242962"},{"taxonomy":"post_tag","embeddable":true,"href":"https:\/\/www.europesays.com\/es\/wp-json\/wp\/v2\/tags?post=242962"}],"curies":[{"name":"wp","href":"https:\/\/api.w.org\/{rel}","templated":true}]}}