{"id":242966,"date":"2025-11-18T15:34:13","date_gmt":"2025-11-18T15:34:13","guid":{"rendered":"https:\/\/www.europesays.com\/es\/242966\/"},"modified":"2025-11-18T15:34:13","modified_gmt":"2025-11-18T15:34:13","slug":"el-gobierno-aprueba-un-techo-de-gasto-de-212-026-millones-de-euros-que-refuerza-el-compromiso-con-el-estado-de-bienestar-y-el-rigor-presupuestario-ministerio-de-hacienda","status":"publish","type":"post","link":"https:\/\/www.europesays.com\/es\/242966\/","title":{"rendered":"El Gobierno aprueba un techo de gasto de 212.026 millones de euros que refuerza el compromiso con el Estado de bienestar y el rigor presupuestario: Ministerio de Hacienda"},"content":{"rendered":"<p>El Consejo de Ministros ha aprobado hoy el Acuerdo por el que se fijan los Objetivos de Estabilidad en el periodo 2026-2028 y el l\u00edmite de gasto no financiero para el pr\u00f3ximo ejercicio. El techo de gasto, que alcanzar\u00e1 los 212.026 millones de euros, se incrementa sin comprometer el rigor presupuestario. El Gobierno mantiene su hoja de ruta, que consiste en reducir la deuda y el d\u00e9ficit p\u00fablico a la vez que se refuerza el Estado del Bienestar. Unos objetivos que son compatibles por el buen comportamiento de la econom\u00eda espa\u00f1ola, cuyo crecimiento triplicar\u00e1 al del conjunto de la Zona Euro y que est\u00e1 batiendo r\u00e9cords de empleo y de reducci\u00f3n del paro. Situaci\u00f3n a la que han contribuido los fondos europeos, los cuales han sido asumidos con \u00e9xito por el tejido productivo.<\/p>\n<p>El techo de gasto \u2018nacional\u2019, el que no incluye los fondos europeos, crece un 8,5% con respecto al de 2025. El incremento, de 16.674 millones de euros, va en la l\u00ednea de mantener la apuesta por unas cuentas p\u00fablicas ambiciosas que encajen con el cumplimiento de las reglas fiscales, como ha se\u00f1alado la vicepresidenta primera del Gobierno y ministra de Hacienda, Mar\u00eda Jes\u00fas Montero, en la rueda de prensa posterior al Consejo de Ministros.<\/p>\n<p>Este techo de gasto contempla adem\u00e1s una transferencia de 22.881 millones de euros a la Seguridad Social. Esto sirve para cumplir con las recomendaciones del Pacto de Toledo que tienen con fin salvaguardar el sistema de pensiones y prestaciones. Su impacto ser\u00e1 asumido por completo por la Administraci\u00f3n Central.<\/p>\n<p>En cuanto al l\u00edmite de gasto no financiero total, que tiene en cuenta los fondos del Plan de Recuperaci\u00f3n, este alcanza los 216.177 millones de euros. Lo que implica un aumento del 8,5% y 17.007 millones de euros para el a\u00f1o 2026. Ser\u00e1 en este ejercicio cuando se incluyan por \u00faltima vez los fondos provenientes de Europa canalizados a trav\u00e9s del Mecanismo de Recuperaci\u00f3n y Resiliencia que se cre\u00f3 como respuesta a la pandemia de coronavirus. Un \u00faltimo a\u00f1o que consolidar\u00e1 por completo su impacto positivo en la actividad econ\u00f3mica del pa\u00eds, despu\u00e9s de que Espa\u00f1a haya recibido 55.000 millones de euros en transferencias y sea el pa\u00eds de la UE l\u00edder en recepci\u00f3n de fondos no reembolsables.\u00a0<\/p>\n<p>Estos datos ser\u00e1n la base del anteproyecto de Presupuestos Generales del Estado para 2026. Unas cuentas p\u00fablicas que perseverar\u00e1n en el refuerzo de las pol\u00edticas sociales y que tendr\u00e1n como gran protagonista un aumento considerable de las pol\u00edticas de vivienda, tal y como ha se\u00f1alado Montero. De esta manera, se cumplir\u00e1n los compromisos de estabilidad presupuestaria sin dejar de lado la mejora de los servicios a los ciudadanos y de su calidad de vida.<\/p>\n<p>A lo anterior hay que sumar el compromiso de continuar con una reducci\u00f3n notable de deuda y d\u00e9ficit. Algo que atestiguan los datos, con el d\u00e9ficit p\u00fablico cayendo cuatro a\u00f1os seguidos desde su m\u00e1ximo del -9,9% del PIB en 2020 hasta situarse en el -2,8% a cierre de 2024.<\/p>\n<p><strong>Senda de d\u00e9ficit<\/strong><\/p>\n<p>El Acuerdo de los Objetivos de Estabilidad aprobado por el Consejo de Ministros recoge los objetivos de d\u00e9ficit para los subsectores en el periodo 2026-2028. En ese trienio, la Administraci\u00f3n Central ser\u00e1 la que asuma el mayor esfuerzo de reducci\u00f3n para cumplir los compromisos con Europa. Lo que facilitar\u00e1 que las Comunidades Aut\u00f3nomas y las Entidades Locales refuercen con toda garant\u00eda los servicios p\u00fablicos que ofrecen a sus poblaciones.\u00a0<\/p>\n<p>En 2026, el conjunto de las Administraciones P\u00fablicas deber\u00e1 situar su d\u00e9ficit en el -2,1%. Para 2027 y 2028, se reducir\u00e1 al -1,8% y el -1,6% respectivamente.<\/p>\n<p><img decoding=\"async\" src=\"https:\/\/www.europesays.com\/es\/wp-content\/uploads\/2025\/11\/imagen1 senda administraciones publicas.jpg\" alt=\"\"\/><\/p>\n<p>Para lograr ese hito, la Administraci\u00f3n Central asumir\u00e1 la responsabilidad de ser la que encabece la reducci\u00f3n del d\u00e9ficit p\u00fablico. En el primer a\u00f1o de la senda, el pr\u00f3ximo, su dato deber\u00e1 estar en el -1,8%; en 2027, el objetivo ser\u00e1 del -1,5%; y en 2028, del -1,4%. La ministra de Hacienda ha explicado que estos datos tienen en cuenta las transferencias a la Seguridad Social, que son asumidas en su totalidad por esta Administraci\u00f3n, que suponen el -1,4%. A esto se suma otra d\u00e9cima por el impacto del reparto del impuesto a la banca entre las comunidades aut\u00f3nomas, lo que reducir\u00e1 los ingresos del Estado y elevar\u00e1 los recursos auton\u00f3micos.\u200b<\/p>\n<p>\u200b<img decoding=\"async\" src=\"https:\/\/www.europesays.com\/es\/wp-content\/uploads\/2025\/11\/imagen2 administraci\u00f3n central.jpg\" alt=\"\"\/><\/p>\n<p>Para los pr\u00f3ximos tres a\u00f1os, el objetivo de estabilidad auton\u00f3mico ser\u00e1 del -0,1%. En la medida en que el objetivo de estabilidad es el mismo para todo el per\u00edodo y que los recursos procedentes del Estado seguir\u00e1n aumentando, las comunidades tendr\u00e1n margen para incrementar su inversi\u00f3n en sanidad, educaci\u00f3n o vivienda.<\/p>\n<p><img decoding=\"async\" src=\"https:\/\/www.europesays.com\/es\/wp-content\/uploads\/2025\/11\/imagen3 objetivos ccaa.jpg\" alt=\"\"\/>\u00a0<\/p>\n<p>Los Ayuntamientos y las Entidades Locales deber\u00e1n situarse en el equilibrio presupuestario, tal y como aprob\u00f3 la Comisi\u00f3n Nacional de la Administraci\u00f3n Local (CNAL). Hay que recordar que, en los dos \u00faltimos ejercicios cerrados, las entidades locales registraron super\u00e1vit presupuestario.\u00a0\u200b<\/p>\n<p>\u200b<img decoding=\"async\" src=\"https:\/\/www.europesays.com\/es\/wp-content\/uploads\/2025\/11\/imagen4 objetivos entidades locales.jpg\" alt=\"\"\/><\/p>\n<p>Por \u00faltimo, la Seguridad Social tendr\u00e1 una senda del -0,2% para 2026 y 2027, mientras que para 2028 deber\u00e1 reducir su d\u00e9ficit al -0,1%.\u00a0<\/p>\n<p><img decoding=\"async\" src=\"https:\/\/www.europesays.com\/es\/wp-content\/uploads\/2025\/11\/imagen5 objetivos seguridad social.jpg\" alt=\"\"\/><\/p>\n<p><strong>Entregas a cuenta<\/strong><\/p>\n<p>La vicepresidenta primera y ministra de Hacienda ha destacado que las CCAA recibir\u00e1n los mayores recursos de su historia en el a\u00f1o 2026. Tal y como explic\u00f3 Montero a los consejeros de Hacienda en la reuni\u00f3n del Consejo de Pol\u00edtica Fiscal y Financiera (CPFF) que percibir\u00e1n un total de 157.731 millones de euros en entregas a cuenta. Un 7% m\u00e1s que en 2025.<\/p>\n<p>Esta cifra es superior a la que se les comunic\u00f3 el pasado mes de julio, y que se ha revisado gracias al buen comportamiento de la econom\u00eda. Y si se tiene en cuenta la previsi\u00f3n de liquidaci\u00f3n para 2024, los territorios recibir\u00edan entre EECC y liquidaci\u00f3n hasta 170.300 millones de euros. El incremento en este caso ser\u00e1 del 7,7% en comparaci\u00f3n a 2025.<\/p>\n<p>Los recursos para las Entidades Locales (EELL) tambi\u00e9n baten un nuevo r\u00e9cord. Ayuntamientos y corporaciones recibir\u00e1n en entregas a cuenta 29.246 millones de euros en 2026, un 8,7% m\u00e1s que en 2025. Si a esto se le suma la liquidaci\u00f3n de 2024, al \u00e1mbito local llegar\u00e1n 30.216 millones de euros del sistema de financiaci\u00f3n, un 4,6% m\u00e1s.<\/p>\n<p><strong>Objetivos de deuda<\/strong><\/p>\n<p>El Acuerdo del Consejo de Ministros recoge los objetivos de deuda p\u00fablica para ese periodo 2026-2028, en los que se reitera el compromiso de continuar reduci\u00e9ndola de manera firme, tal y como ha ocurrido desde el m\u00e1ximo que se alcanzo a causa de la pandemia en el primer trimestre de 2021.<\/p>\n<p>La nueva senda determina que el conjunto de las Administraciones P\u00fablicas tendr\u00e1 que reducir su deuda en 2026 al 100,9% del PIB. En 2027, el recorte deber\u00e1 llegar al 100%. Y en 2028, la deuda p\u00fablica deber\u00e1 caer hasta el 99,1%.\u00a0<\/p>\n<p>En cuanto a la regla de gasto, la tasa de referencia nominal para 2026 es del 3,5%. En 2027, ser\u00e1 del 3,4%. Y en 2028, del 3,2%.\u00a0<\/p>\n<p><a href=\"https:\/\/www.hacienda.gob.es\/es-es\/prensa\/noticias\/documents\/18-11-25%20presentaci%c3%b3n%20l%c3%admite%20de%20gasto%20no%20financiero%20y%20objetivos%20de%20estabilidad.pdf\" rel=\"nofollow noopener\" target=\"_blank\">Presentaci\u00f3n Techo Gasto\u200b<\/a><\/p>\n","protected":false},"excerpt":{"rendered":"El Consejo de Ministros ha aprobado hoy el Acuerdo por el que se fijan los Objetivos de Estabilidad&hellip;\n","protected":false},"author":2,"featured_media":242967,"comment_status":"","ping_status":"","sticky":false,"template":"","format":"standard","meta":{"footnotes":""},"categories":[5],"tags":[62366,948,4251,17,18,10699,1625,10702,10697,25,24,693,1557,13,14,2746,6362,582,10700,11,19,20,4724,9,10,15,16,62367,10701,10698,3703,3485,23,10704,18018,12,21,22,10703],"class_list":{"0":"post-242966","1":"post","2":"type-post","3":"status-publish","4":"format-standard","5":"has-post-thumbnail","7":"category-titulares","8":"tag-62366","9":"tag-aprueba","10":"tag-bienestar","11":"tag-breaking-news","12":"tag-breakingnews","13":"tag-companies","14":"tag-compromiso","15":"tag-confidence","16":"tag-employ","17":"tag-es","18":"tag-espana","19":"tag-estado","20":"tag-euros","21":"tag-featured-news","22":"tag-featurednews","23":"tag-finance","24":"tag-gasto","25":"tag-gobierno","26":"tag-growth","27":"tag-headlines","28":"tag-latest-news","29":"tag-latestnews","30":"tag-millones","31":"tag-news","32":"tag-noticias","33":"tag-noticias-destacadas","34":"tag-noticiasdestacadas","35":"tag-presupuestario","36":"tag-public-administration","37":"tag-reforms","38":"tag-refuerza","39":"tag-rigor","40":"tag-spain","41":"tag-stability","42":"tag-techo","43":"tag-titulares","44":"tag-ultimas-noticias","45":"tag-ultimasnoticias","46":"tag-welfare"},"share_on_mastodon":{"url":"","error":"Validation failed: Text character limit of 500 exceeded"},"_links":{"self":[{"href":"https:\/\/www.europesays.com\/es\/wp-json\/wp\/v2\/posts\/242966","targetHints":{"allow":["GET"]}}],"collection":[{"href":"https:\/\/www.europesays.com\/es\/wp-json\/wp\/v2\/posts"}],"about":[{"href":"https:\/\/www.europesays.com\/es\/wp-json\/wp\/v2\/types\/post"}],"author":[{"embeddable":true,"href":"https:\/\/www.europesays.com\/es\/wp-json\/wp\/v2\/users\/2"}],"replies":[{"embeddable":true,"href":"https:\/\/www.europesays.com\/es\/wp-json\/wp\/v2\/comments?post=242966"}],"version-history":[{"count":0,"href":"https:\/\/www.europesays.com\/es\/wp-json\/wp\/v2\/posts\/242966\/revisions"}],"wp:featuredmedia":[{"embeddable":true,"href":"https:\/\/www.europesays.com\/es\/wp-json\/wp\/v2\/media\/242967"}],"wp:attachment":[{"href":"https:\/\/www.europesays.com\/es\/wp-json\/wp\/v2\/media?parent=242966"}],"wp:term":[{"taxonomy":"category","embeddable":true,"href":"https:\/\/www.europesays.com\/es\/wp-json\/wp\/v2\/categories?post=242966"},{"taxonomy":"post_tag","embeddable":true,"href":"https:\/\/www.europesays.com\/es\/wp-json\/wp\/v2\/tags?post=242966"}],"curies":[{"name":"wp","href":"https:\/\/api.w.org\/{rel}","templated":true}]}}