{"id":242981,"date":"2025-11-18T15:48:09","date_gmt":"2025-11-18T15:48:09","guid":{"rendered":"https:\/\/www.europesays.com\/es\/242981\/"},"modified":"2025-11-18T15:48:09","modified_gmt":"2025-11-18T15:48:09","slug":"vacaciones-para-siempre-la-bomba-de-depresion-sonora","status":"publish","type":"post","link":"https:\/\/www.europesays.com\/es\/242981\/","title":{"rendered":"&#8216;Vacaciones para siempre&#8217;, la \u00abbomba\u00bb de Depresi\u00f3n sonora"},"content":{"rendered":"<p>Depresi\u00f3n sonora acaba de publicar su nuevo disco. Se llama \u2018<a href=\"https:\/\/jenesaispop.com\/2025\/10\/28\/510245\/depresion-sonora-perros-critica\/\" rel=\"nofollow noopener\" target=\"_blank\">Los perros no entienden internet (\u2026 y yo no entiendo de sentimientos)<\/a>\u2018, con el que ha logrado ser top 50 en Espa\u00f1a. En la portada, se ha rodeado de perros y el \u00e1lbum se ha promocionado con temas que se llaman cosas como \u2018La balada de los perros\u2019. <\/p>\n<p>Cuenta Markusiano que se ha inspirado en este animal porque frente a la esclavitud de \u00abser productivo\u00bb y todos los males del mundo moderno, le llama la atenci\u00f3n lo tranquilo que est\u00e1 siempre su perro. \u00ab\u00bfPor qu\u00e9 no puedo sentirme m\u00e1s libre?\u00bb, se preguntaba <a href=\"https:\/\/www.youtube.com\/watch?v=AkHuG1XeQKg\" rel=\"nofollow noopener\" target=\"_blank\">en Radio 3<\/a>.<\/p>\n<p>Frente a otros sencillos como \u2018Me va la vida en esto\u2019, que supera ya el mill\u00f3n de escuchas, seleccionamos como Canci\u00f3n del D\u00eda una joya perdida llamada \u2018Vacaciones para siempre\u2019. Un tema que se integra en la tem\u00e1tica animal, con frases como \u00absi ladro voy a morder\u00bb.<\/p>\n<p>El tema empieza como una producci\u00f3n electr\u00f3nica de Underworld, solo para despu\u00e9s optar por el sonido cl\u00e1sico de Depresi\u00f3n sonora. Y es que entre las influencias del largo est\u00e1n lo mismo Crystal Castles que Pantera, lo mismo The Cure que Daniel Johnston. Tambi\u00e9n est\u00e1 presente su sentido de la nostalgia incluso del futuro (\u00abgr\u00e1bame para que me vean tus hijos\u00bb), pero sobre todo llama la atenci\u00f3n la violencia del estribillo: \u00abrevuelta en el extrarradio \/ ha habido una bomba en el centro de Madrid\u00bb. Si escuchas atentamente, sumergido en la producci\u00f3n, puede escucharse un sample que repite \u00abBomba hay, bomba hay\u00bb.<\/p>\n<p>En contraste, emerge un estribillo infantil entonado por ni\u00f1os, grabado gracias a la cu\u00f1ada de una empleada de su sello Sonido Muchacho, que es profesora en un colegio. A tal espacio se dirigieron para que los ni\u00f1os repitieran el t\u00edtulo de la canci\u00f3n, inesperada y quiz\u00e1 ir\u00f3nicamente, luminoso: \u00abvacaciones para siempre\u00bb. <\/p>\n<p>Depresi\u00f3n sonora tiene una larga gira por toda Espa\u00f1a, que incluye Bilbao, Granada, Sevilla, Santiago, Gij\u00f3n, Murcia, Barcelona y un largu\u00edsimo etc\u00e9tera. Detalles, <a href=\"https:\/\/depresionsonora.com\/tour\/\" rel=\"nofollow noopener\" target=\"_blank\">aqu\u00ed<\/a>.<\/p>\n","protected":false},"excerpt":{"rendered":"Depresi\u00f3n sonora acaba de publicar su nuevo disco. Se llama \u2018Los perros no entienden internet (\u2026 y yo&hellip;\n","protected":false},"author":2,"featured_media":242982,"comment_status":"","ping_status":"","sticky":false,"template":"","format":"standard","meta":{"footnotes":""},"categories":[170],"tags":[62370,146,147,25,24,184,185,23],"class_list":{"0":"post-242981","1":"post","2":"type-post","3":"status-publish","4":"format-standard","5":"has-post-thumbnail","7":"category-musica","8":"tag-depresion-sonora","9":"tag-entertainment","10":"tag-entretenimiento","11":"tag-es","12":"tag-espana","13":"tag-music","14":"tag-musica","15":"tag-spain"},"share_on_mastodon":{"url":"https:\/\/pubeurope.com\/@es\/115571491591485414","error":""},"_links":{"self":[{"href":"https:\/\/www.europesays.com\/es\/wp-json\/wp\/v2\/posts\/242981","targetHints":{"allow":["GET"]}}],"collection":[{"href":"https:\/\/www.europesays.com\/es\/wp-json\/wp\/v2\/posts"}],"about":[{"href":"https:\/\/www.europesays.com\/es\/wp-json\/wp\/v2\/types\/post"}],"author":[{"embeddable":true,"href":"https:\/\/www.europesays.com\/es\/wp-json\/wp\/v2\/users\/2"}],"replies":[{"embeddable":true,"href":"https:\/\/www.europesays.com\/es\/wp-json\/wp\/v2\/comments?post=242981"}],"version-history":[{"count":0,"href":"https:\/\/www.europesays.com\/es\/wp-json\/wp\/v2\/posts\/242981\/revisions"}],"wp:featuredmedia":[{"embeddable":true,"href":"https:\/\/www.europesays.com\/es\/wp-json\/wp\/v2\/media\/242982"}],"wp:attachment":[{"href":"https:\/\/www.europesays.com\/es\/wp-json\/wp\/v2\/media?parent=242981"}],"wp:term":[{"taxonomy":"category","embeddable":true,"href":"https:\/\/www.europesays.com\/es\/wp-json\/wp\/v2\/categories?post=242981"},{"taxonomy":"post_tag","embeddable":true,"href":"https:\/\/www.europesays.com\/es\/wp-json\/wp\/v2\/tags?post=242981"}],"curies":[{"name":"wp","href":"https:\/\/api.w.org\/{rel}","templated":true}]}}