{"id":242993,"date":"2025-11-18T15:54:13","date_gmt":"2025-11-18T15:54:13","guid":{"rendered":"https:\/\/www.europesays.com\/es\/242993\/"},"modified":"2025-11-18T15:54:13","modified_gmt":"2025-11-18T15:54:13","slug":"air-europa-comprara-hasta-40-aviones-a350-a-airbus-e-intensificara-su-lucha-con-iberia-expansion","status":"publish","type":"post","link":"https:\/\/www.europesays.com\/es\/242993\/","title":{"rendered":"Air Europa comprar\u00e1 hasta 40 aviones A350 a Airbus e intensificar\u00e1 su lucha con Iberia &#8211; Expansi\u00f3n"},"content":{"rendered":"<ol>\n<li><a href=\"https:\/\/news.google.com\/rss\/articles\/CBMijwFBVV95cUxNUm5mWmxOajVUWC1mNm5kNmcxd3RJamhNRjY5SG5VWm8tbWFMeTFQZjREb2ZGUHB5MFRnUDQ2VEhFWENmVWlHczRfbWpNUG1hMTZaN1pEcGVkUU1OUEItRHl3a1Z1UVotR2FiVDh5NGV6UUVTaHdERnJpZ29uXzRyeTlWVnB4ek16UFV5UEU4cw?oc=5\" target=\"_blank\" rel=\"nofollow noopener\">Air Europa comprar\u00e1 hasta 40 aviones A350 a Airbus e intensificar\u00e1 su lucha con Iberia<\/a>&nbsp;&nbsp;Expansi\u00f3n<\/li>\n<li><a href=\"https:\/\/news.google.com\/rss\/articles\/CBMipwFBVV95cUxOM3RqNmVfdE1oZFhrbk84SDdta1FtMWdzTk5kMmlmX2tjaW1uZE95SG9fRDBIckFkLUg0MWNoZTRWRWM5U2VGZC1NLUYtdV81dkhqUlBYWXJvMEthSWRXdl9wOHNUQzg4TjhELUVRbFVkTDhlR1luaURPbUVQTmlkbks5dElCMUg0cmMteWhnSWtpcFpZaXB6X0ZlX2NNdEplb2VUejRWUQ?oc=5\" target=\"_blank\" rel=\"nofollow noopener\">Air Europa rentabiliza ya la entrada de Turkish con la compra de 40 aviones A350 a Airbus<\/a>&nbsp;&nbsp;ABC<\/li>\n<li><a href=\"https:\/\/news.google.com\/rss\/articles\/CBMiqAFBVV95cUxOOGtKZVc2UXRJd2lxeFRnUUZ0bjJkaWNicjVtYnpiM0RjLVFkQVZ2ZHJ2cUhIOThKUnV5VjZOaF9OYlZBeDl4WHIxT0RLX3pTakhMN3pIWVg2MG9mSDhIdkZwcEgteXNUMzg3RmxkWXhqa0lQZy1FYXBBdkpfVU1zYXVoeW15dzlUN3RqOXl3VDQyR3NIaC1lRUcyME8wZ195LWc5Nzh5UGQ?oc=5\" target=\"_blank\" rel=\"nofollow noopener\">Air Europa renueva su flota de largo radio con 40 A350-900<\/a>&nbsp;&nbsp;Avion Revue<\/li>\n<li><a href=\"https:\/\/news.google.com\/rss\/articles\/CBMi8gFBVV95cUxOa2NLYlhJdENUX19WV2M0cHoxLTRCTUE5MEtwNm50bG1TU09EbWxwck9BR2tWUEVTSjlTcEs5UkdMNFl2ajVzRkM1SjAxNXJieThMeGJoU29mQVV3ZXkxQTBneXFFaDg3N0UwZDlvWlFhNG9DVzhIVVNHZDZmSUNPMmhNTU9WMU9BbDloaEVNdjY0TDZSanYzMnZRSUNVb2dNenI2LThpVW5EM1d5QnU5TEJOUEJyMUNRTDNFUVN2QmZXbDR1eGROZlEwU2V4cVRwQnZVM2V1WThNS0M2UXMwTE1ROUhlRmRMYzZLQVJ0QndDUdIB3AFBVV95cUxPemFiQldkT1JuS1oxYzNxLXZ1VTVFZ0lqUmFxeUlyODNRWUE3N3pEV2xGclAzODU0MUFBLUFId05WYVotS1RZWEpSLTBtUXJQbjZJSHJIX2h1YW9BNjBvNmJ5cEFXV0t3b0lqbmc4TVZRc3JjRkoxemQ1b3RxVGlXQlhzeGcyakdxWEJjX2d6X1hNY3gtOURsMEZZUmZOeFlTOFhsRks4NDlPRGxrdVRIZExrM1U0elEwd3Bxc3BlYmFmcGdndHM1TjI1TXdsTXFGdVg2WTFJZWZ3cEsz?oc=5\" target=\"_blank\" rel=\"nofollow noopener\">Air Europa abandona Boeing y compra hasta 40 aviones a Airbus para renovar su flota<\/a>&nbsp;&nbsp;El Economista<\/li>\n<li><a href=\"https:\/\/news.google.com\/rss\/articles\/CBMirAFBVV95cUxQX0R2WjFELUZmT0FpRm5RMFpkelAwb1BGRGJTUlN0TllnUXVJNkpfVlFrbnJ3aC16X2RaaUljdmRlZjR0ZWk0MjhRUGFYOGt4eWsxcGNLbVZMUjg5ZGZwbVZEV1ZmODhSVzQtZXEtTGRLT3JyLWlpT09YMXdJb2RycEFpUy1UeHptaTdlT0lCTVBSQlRYQXRjMzFXVE51eUhjVlNJb1laaFZlcjNs?oc=5\" target=\"_blank\" rel=\"nofollow noopener\">Air Europa renueva su flota con la compra a Airbus de 40 aviones con sello gaditano<\/a>&nbsp;&nbsp;La Voz Digital<\/li>\n<\/ol>\n","protected":false},"excerpt":{"rendered":"Air Europa comprar\u00e1 hasta 40 aviones A350 a Airbus e intensificar\u00e1 su lucha con Iberia&nbsp;&nbsp;Expansi\u00f3n Air Europa rentabiliza&hellip;\n","protected":false},"author":2,"featured_media":242994,"comment_status":"","ping_status":"","sticky":false,"template":"","format":"standard","meta":{"footnotes":""},"categories":[80],"tags":[82,95,94,2308,3632,25,24,23,17719],"class_list":{"0":"post-242993","1":"post","2":"type-post","3":"status-publish","4":"format-standard","5":"has-post-thumbnail","7":"category-economia","8":"tag-business","9":"tag-economia","10":"tag-economy","11":"tag-empresas","12":"tag-empresas-transporte","13":"tag-es","14":"tag-espana","15":"tag-spain","16":"tag-transporte-y-turismo"},"share_on_mastodon":{"url":"https:\/\/pubeurope.com\/@es\/115571514898289683","error":""},"_links":{"self":[{"href":"https:\/\/www.europesays.com\/es\/wp-json\/wp\/v2\/posts\/242993","targetHints":{"allow":["GET"]}}],"collection":[{"href":"https:\/\/www.europesays.com\/es\/wp-json\/wp\/v2\/posts"}],"about":[{"href":"https:\/\/www.europesays.com\/es\/wp-json\/wp\/v2\/types\/post"}],"author":[{"embeddable":true,"href":"https:\/\/www.europesays.com\/es\/wp-json\/wp\/v2\/users\/2"}],"replies":[{"embeddable":true,"href":"https:\/\/www.europesays.com\/es\/wp-json\/wp\/v2\/comments?post=242993"}],"version-history":[{"count":0,"href":"https:\/\/www.europesays.com\/es\/wp-json\/wp\/v2\/posts\/242993\/revisions"}],"wp:featuredmedia":[{"embeddable":true,"href":"https:\/\/www.europesays.com\/es\/wp-json\/wp\/v2\/media\/242994"}],"wp:attachment":[{"href":"https:\/\/www.europesays.com\/es\/wp-json\/wp\/v2\/media?parent=242993"}],"wp:term":[{"taxonomy":"category","embeddable":true,"href":"https:\/\/www.europesays.com\/es\/wp-json\/wp\/v2\/categories?post=242993"},{"taxonomy":"post_tag","embeddable":true,"href":"https:\/\/www.europesays.com\/es\/wp-json\/wp\/v2\/tags?post=242993"}],"curies":[{"name":"wp","href":"https:\/\/api.w.org\/{rel}","templated":true}]}}