{"id":243005,"date":"2025-11-18T16:05:12","date_gmt":"2025-11-18T16:05:12","guid":{"rendered":"https:\/\/www.europesays.com\/es\/243005\/"},"modified":"2025-11-18T16:05:12","modified_gmt":"2025-11-18T16:05:12","slug":"la-primera-lista-de-chus-mateo-con-espana-el-lider-yusta-izan-almansa-dos-campeones-de-europa-el-mundo","status":"publish","type":"post","link":"https:\/\/www.europesays.com\/es\/243005\/","title":{"rendered":"La primera lista de Chus Mateo con Espa\u00f1a: el l\u00edder Yusta, Izan Almansa, dos campeones de Europa&#8230; &#8211; El Mundo"},"content":{"rendered":"<ol>\n<li><a href=\"https:\/\/news.google.com\/rss\/articles\/CBMiiwFBVV95cUxPU1paNUtmeXdMb3VDSEN5akVnV3lKTEIydFVaekVKM3FhVVd6R2kyajZuSXpWNTU3ejRCOHdSMC1Hd2QzT0ozZVRJRnI4cDEwRTlVeWp6MVl2SlZvMkFzakltUFVKZE45SVJ5SkZtMjFYRzlkN1pQbnZMMlRHYnBiX1pQbS1QSldUREdr0gGLAUFVX3lxTE1mUnlOZVlDQkxwWkFQdWNSWG9xNWZoMGlKakhMZVk1Wml4WlVCMWZJYV9ySUhfRVk0Zm1JSFZRVUJoRUNRTmJ0TVRMRGtGaVlIZ0lxLVNXdFpObUFBSmlNTnVjc3k2NXNlZHF4ZXhQLUZsSkxxWmdSMnMxREtJMlpUdllpOEU5NHd0amc?oc=5\" target=\"_blank\" rel=\"nofollow noopener\">La primera lista de Chus Mateo con Espa\u00f1a: el l\u00edder Yusta, Izan Almansa, dos campeones de Europa&#8230;<\/a>&nbsp;&nbsp;El Mundo<\/li>\n<li><a href=\"https:\/\/news.google.com\/rss\/articles\/CBMiuwFBVV95cUxOOU9adkktZHM2WVVoM0x1SVA2a21oSHIycWlBU05DTnVVZnFMdlozN1Z6QlU0eF9SVl9Jd0VWZ2V3bk9aekdtNS16c1U2MzdubjVsVnFGcXRHbUEyRTVBcU1UaGFtcHBJWkFjU1p0ZVdGYnk2WHZId0xKX1VnM1hXdWQ4UTRiQTBzM2RtV0hyWjZHZ3dEalpmMm9JMkRadFp1U3djWE42NVgtOFFHRmZ3WHlhSWpQai1Wc3Rr0gHPAUFVX3lxTE1BS3p0eUtELXZ5Y2NvNk1GZTd6NDJ3S19oQ0NidW0wMTVGYjJMc1VMVmFydXlrZWNmMmp6WFRqMGtxUzUxWEt6Ry1Pb1NrYkZDVzh2enFtXzNyZGJYenZMVmdQUG9KU0RPTG9hVWdZRnBWQzhkNDlyOThSenFqT0hQZUFmYmZkdjBfallhV3cxb1EwQy1KeGk0dmtuQTBkcVFlUEM5cDhKTzhmb0ZMQVJ5a095NHVZbkFGVGpBcTV4RWZvTWlRNFljejVDY2NfMA?oc=5\" target=\"_blank\" rel=\"nofollow noopener\">Mateo: \u201cRicky me ha mostrado su disposici\u00f3n a estar en alguna Ventana\u201d<\/a>&nbsp;&nbsp;Diario AS<\/li>\n<li><a href=\"https:\/\/news.google.com\/rss\/articles\/CBMi3AFBVV95cUxNX3NJcGw5RklVUWRkT2lKaDFncENsLVNuQ1dMdGZVb3BlRVUtMWxEYkduLVg0YjdqYWNzaW1nWDVMTF9aV2VUNnl3UVJYaFFmZVBQZDYzS2J2SnhKZnk2N3hmVDR0RU9xcG9jV1JLTTcyVW1HWmMtLTRzWU1udzF6WmZzQjVZd2JEYmhuZy1kOHBNOHRBNU5IdmdMbGRtWmxpZmtFYlhzcThXcGh5aEI5cE50SWN0dlZIQTVNLTBiT09TTDdyMEJNalZLc1RpRlJ6M1VDRVItUElSRExn?oc=5\" target=\"_blank\" rel=\"nofollow noopener\">La primera convocatoria de Chus Mateo como seleccionador incluye a 12 jugadores de la ACB<\/a>&nbsp;&nbsp;EL PA\u00cdS<\/li>\n<li><a href=\"https:\/\/news.google.com\/rss\/articles\/CBMiswFBVV95cUxQcHVvX0xXLUNsNjgxRXN4ckFLdEVRWWI2WkMtX19KOUV5NHh4OUxKQmxXZWwzeXpHUXdDLU1yUEF1NC12bXk4MFd1Smw4QUpSc3hZM0NzYkM2TkVEczd6UllwcThDRU1NakNNNVIzUGRkVG52clFJYzlmcy1qVW5ZZ1ozdXh5clRfamFEa1RvRTQ2MVZ1TURBeWVRNFVkX1hOeDUybngydHJscFZDeXJJall0MA?oc=5\" target=\"_blank\" rel=\"nofollow noopener\">Revoluci\u00f3n en la selecci\u00f3n espa\u00f1ola de baloncesto de Chus Mateo<\/a>&nbsp;&nbsp;ABC<\/li>\n<li><a href=\"https:\/\/news.google.com\/rss\/articles\/CBMingFBVV95cUxNX2FHekpRMENmV0xTUUthN2NuN0xSc0YtSmNPRVFYSy1WV1dhQ2RkUW5BU2szaWkyUnNNdWdfTnB0MTc2SlBuODZoRWd0Qzl3bDAwTjdQWHhGVDNSMGxRWGEtVnlheGs1QmRQM1A5T3VTMkRkVUlaNnNvbkpvUlUwZkdPdjBleUNldURKdWMxdERzUXE3dDU4MDlsQnBYZ9IBngFBVV95cUxPdnFXWUVhZ3pWWHljVkpnNDBXNDFtWGRWMk96c3UwbTBzakJSUlpyYkxVMEVtU3RfVFNVeHFXRGp5UlVkN0pnWUN0X20zcndGSndkWktSVlVNX2FWNllRX0ctYjBmOVE0YkYzR284X3Q3SkNONnZ6YVUtdGV1ZTIxTDVHOGFLbExZT1VXQ28wRFZVZGd2ZU9xZlZKTE5Edw?oc=5\" target=\"_blank\" rel=\"nofollow noopener\">Se inicia la era Chus Mateo con una lista revolucionaria<\/a>&nbsp;&nbsp;MARCA<\/li>\n<\/ol>\n","protected":false},"excerpt":{"rendered":"La primera lista de Chus Mateo con Espa\u00f1a: el l\u00edder Yusta, Izan Almansa, dos campeones de Europa&#8230;&nbsp;&nbsp;El Mundo&hellip;\n","protected":false},"author":2,"featured_media":243006,"comment_status":"","ping_status":"","sticky":false,"template":"","format":"standard","meta":{"footnotes":""},"categories":[269],"tags":[299,298,42076,168,42309,25,24,23,167],"class_list":{"0":"post-243005","1":"post","2":"type-post","3":"status-publish","4":"format-standard","5":"has-post-thumbnail","7":"category-baloncesto","8":"tag-baloncesto","9":"tag-basketball","10":"tag-chus-mateo","11":"tag-deportes","12":"tag-deportes-baloncesto","13":"tag-es","14":"tag-espana","15":"tag-spain","16":"tag-sports"},"share_on_mastodon":{"url":"https:\/\/pubeurope.com\/@es\/115571558096530937","error":""},"_links":{"self":[{"href":"https:\/\/www.europesays.com\/es\/wp-json\/wp\/v2\/posts\/243005","targetHints":{"allow":["GET"]}}],"collection":[{"href":"https:\/\/www.europesays.com\/es\/wp-json\/wp\/v2\/posts"}],"about":[{"href":"https:\/\/www.europesays.com\/es\/wp-json\/wp\/v2\/types\/post"}],"author":[{"embeddable":true,"href":"https:\/\/www.europesays.com\/es\/wp-json\/wp\/v2\/users\/2"}],"replies":[{"embeddable":true,"href":"https:\/\/www.europesays.com\/es\/wp-json\/wp\/v2\/comments?post=243005"}],"version-history":[{"count":0,"href":"https:\/\/www.europesays.com\/es\/wp-json\/wp\/v2\/posts\/243005\/revisions"}],"wp:featuredmedia":[{"embeddable":true,"href":"https:\/\/www.europesays.com\/es\/wp-json\/wp\/v2\/media\/243006"}],"wp:attachment":[{"href":"https:\/\/www.europesays.com\/es\/wp-json\/wp\/v2\/media?parent=243005"}],"wp:term":[{"taxonomy":"category","embeddable":true,"href":"https:\/\/www.europesays.com\/es\/wp-json\/wp\/v2\/categories?post=243005"},{"taxonomy":"post_tag","embeddable":true,"href":"https:\/\/www.europesays.com\/es\/wp-json\/wp\/v2\/tags?post=243005"}],"curies":[{"name":"wp","href":"https:\/\/api.w.org\/{rel}","templated":true}]}}