{"id":243007,"date":"2025-11-18T16:06:12","date_gmt":"2025-11-18T16:06:12","guid":{"rendered":"https:\/\/www.europesays.com\/es\/243007\/"},"modified":"2025-11-18T16:06:12","modified_gmt":"2025-11-18T16:06:12","slug":"el-athletic-se-rearma-contra-el-barca","status":"publish","type":"post","link":"https:\/\/www.europesays.com\/es\/243007\/","title":{"rendered":"el Athletic se rearma contra el Bar\u00e7a"},"content":{"rendered":"<p class=\"ft-text\">El reencuentro entre <a class=\"ft-link ft-link--decoration\" href=\"https:\/\/www.sport.es\/es\/noticias\/athletic-club\/nico-williams-barca-morbo-servido-123830349\" rel=\"nofollow noopener\" target=\"_blank\">Nico Williams y el FC Barcelona ser\u00e1 uno de los grandes focos <\/a>medi\u00e1ticos en el que ser\u00e1 el primer partido en el <strong>Spotify Camp Nou tras la confirmaci\u00f3n del regreso del equipo azulgrana tras m\u00e1s de dos a\u00f1os de exilio en Montju\u00efc<\/strong>. Despu\u00e9s de un segundo verano consecutivo en el que su nombre estuvo en el radar azulgrana y su fichaje a punto de consumarse, la afici\u00f3n cul\u00e9 espera con ganas la &#8216;visita del morbo&#8217; del peque\u00f1o de los Williams.<\/p>\n<p class=\"ft-text\"><a class=\"ft-link ft-link--decoration\" href=\"https:\/\/www.sport.es\/es\/noticias\/barca\/detalles-cumbre-deco-agente-nico-118710375\" rel=\"nofollow noopener\" target=\"_blank\">Como desvel\u00f3 SPORT este verano, fue precisamente el agente de Nico quien viaj\u00f3 a Barcelona para reunirse con Deco<\/a> y ofrecer su predisposici\u00f3n a fichar por el club cul\u00e9. Hubo conversaciones reales, pero la operaci\u00f3n finalmente no se cerr\u00f3. En su lugar, <strong>Nico opt\u00f3 por seguir en Bilbao y firm\u00f3 una renovaci\u00f3n con el Athletic hasta 2035, con una cl\u00e1usula de rescisi\u00f3n que subi\u00f3 m\u00e1s de un 50%<\/strong>. \u201cEstoy donde quiero estar, con los m\u00edos. Esta es mi casa\u201d, asegur\u00f3 el jugador al anunciar su compromiso con el club vasco en el que no est\u00e1 teniendo, precisamente, un inicio de temporada f\u00e1cil.<\/p>\n<p class=\"ft-text\">El extremo navarro se ha perdido por pubalgia, como su amigo Lamine Yamal, <strong>un total de siete partidos con los de Ernesto Valverde. <\/strong>En los nueve encuentros que se ha vestido de corto, el peque\u00f1o de los Williams solo ha podido sumar dos goles y dos asistencias, aunque justamente uno de los tantos fue en <strong>el duelo ante el Oviedo previo al par\u00f3n internacional, partido en el que fue titular y disput\u00f3 72 minutos.<\/strong><\/p>\n<p>Valverde recupera efectivos<\/p>\n<p class=\"ft-text\">En estas dos semanas, el extremo, que no fue llamado por De la Fuente, ha podido entrenarse a conciencia con un plan f\u00edsico espec\u00edfico para volver en la mejor de las condiciones. Junto a \u00e9l, <strong>Oihan Sancet, que arrastraba una lesi\u00f3n \u201cleve-moderada\u201d en el b\u00edceps femoral, <\/strong>complet\u00f3 la sesi\u00f3n junto al resto del grupo, igual que en la jornada del lunes. Todo apunta a que ambos ser\u00e1n importantes el s\u00e1bado en los planes de Ernesto Valverde, mientras que I\u00f1aki Williams sigue siendo duda y sigue ejercit\u00e1ndose al margen de sus compa\u00f1eros.<\/p>\n<p class=\"ft-text\">En la \u00faltima sesi\u00f3n del Athletic tambi\u00e9n particip\u00f3 el joven <strong>Selton S\u00e1nchez, reci\u00e9n regresado de su concentraci\u00f3n con la sub-19 y ya asentado en la din\u00e1mica del primer equipo<\/strong>. Junto a \u00e9l trabajaron con normalidad los siete jugadores que disputaron el amistoso de Euskadi frente a Palestina: <strong>Gorosabel, Lekue, Jauregizar, Ruiz de Galarreta, Serrano, Guruzeta<\/strong> y <strong>Izeta<\/strong>, quienes el lunes realizaron ejercicios de descarga.<\/p>\n<p class=\"ft-text\">Los internacionales por Espa\u00f1a \u2013<strong>Unai Sim\u00f3n, Laporte y Dani Vivian<\/strong>\u2013<strong> afrontar\u00e1n con Espa\u00f1a el cierre de la fase de clasificaci\u00f3n para el Mundial 2026 <\/strong>ante Turqu\u00eda. El Athletic completar\u00e1 tres sesiones m\u00e1s, todas a las 11:00 h, antes de visitar al Bar\u00e7a en el Spotify Camp Nou.<\/p>\n","protected":false},"excerpt":{"rendered":"El reencuentro entre Nico Williams y el FC Barcelona ser\u00e1 uno de los grandes focos medi\u00e1ticos en el&hellip;\n","protected":false},"author":2,"featured_media":243008,"comment_status":"","ping_status":"","sticky":false,"template":"","format":"standard","meta":{"footnotes":""},"categories":[268],"tags":[2182,210,168,25,24,280,282,8329,281,23,167],"class_list":{"0":"post-243007","1":"post","2":"type-post","3":"status-publish","4":"format-standard","5":"has-post-thumbnail","7":"category-futbol","8":"tag-athletic","9":"tag-barcelona","10":"tag-deportes","11":"tag-es","12":"tag-espana","13":"tag-football","14":"tag-futbol","15":"tag-nico-williams","16":"tag-soccer","17":"tag-spain","18":"tag-sports"},"share_on_mastodon":{"url":"https:\/\/pubeurope.com\/@es\/115571562220990147","error":""},"_links":{"self":[{"href":"https:\/\/www.europesays.com\/es\/wp-json\/wp\/v2\/posts\/243007","targetHints":{"allow":["GET"]}}],"collection":[{"href":"https:\/\/www.europesays.com\/es\/wp-json\/wp\/v2\/posts"}],"about":[{"href":"https:\/\/www.europesays.com\/es\/wp-json\/wp\/v2\/types\/post"}],"author":[{"embeddable":true,"href":"https:\/\/www.europesays.com\/es\/wp-json\/wp\/v2\/users\/2"}],"replies":[{"embeddable":true,"href":"https:\/\/www.europesays.com\/es\/wp-json\/wp\/v2\/comments?post=243007"}],"version-history":[{"count":0,"href":"https:\/\/www.europesays.com\/es\/wp-json\/wp\/v2\/posts\/243007\/revisions"}],"wp:featuredmedia":[{"embeddable":true,"href":"https:\/\/www.europesays.com\/es\/wp-json\/wp\/v2\/media\/243008"}],"wp:attachment":[{"href":"https:\/\/www.europesays.com\/es\/wp-json\/wp\/v2\/media?parent=243007"}],"wp:term":[{"taxonomy":"category","embeddable":true,"href":"https:\/\/www.europesays.com\/es\/wp-json\/wp\/v2\/categories?post=243007"},{"taxonomy":"post_tag","embeddable":true,"href":"https:\/\/www.europesays.com\/es\/wp-json\/wp\/v2\/tags?post=243007"}],"curies":[{"name":"wp","href":"https:\/\/api.w.org\/{rel}","templated":true}]}}