{"id":243009,"date":"2025-11-18T16:07:24","date_gmt":"2025-11-18T16:07:24","guid":{"rendered":"https:\/\/www.europesays.com\/es\/243009\/"},"modified":"2025-11-18T16:07:24","modified_gmt":"2025-11-18T16:07:24","slug":"el-nuevo-villancico-de-leticia-sabater","status":"publish","type":"post","link":"https:\/\/www.europesays.com\/es\/243009\/","title":{"rendered":"El nuevo villancico de Leticia Sabater"},"content":{"rendered":"<p>\n        <a href=\"https:\/\/www.noticiasdealava.eus\/tags\/leticia-sabater\/\" title=\"Leticia Sabater\" rel=\"nofollow noopener\" target=\"_blank\" class=\"link copy\"><strong>Leticia Sabater<\/strong> <\/a>vuelve a estar bajo los focos. Como suele ocurrir estos \u00faltimos a\u00f1os, la cantante ha revolucionado las semanas previas a la <strong>Navidad <\/strong>con el lanzamiento de un <a href=\"https:\/\/www.noticiasdealava.eus\/tags\/villancicos\/\" title=\"villancico\" rel=\"nofollow noopener\" target=\"_blank\" class=\"link copy\"><strong>villancico<\/strong><\/a>. Este se llama<strong> \u201cLa Conejita de Pap\u00e1 Noel\u201d<\/strong>, un tema abiertamente sexual en el que no faltan menciones directas a <strong>Pap\u00e1 Noel<\/strong> y a los <strong>Reyes Magos.<\/strong>\n<\/p>\n<p class=\"article-body__text \">\n        Y, como era de esperar, se pueden escuchar expresiones que giran en torno a la idea del \u201crabo\u201d y la figura de la \u201cconejita\u201d, elementos repetidos a lo largo de toda la canci\u00f3n.\n<\/p>\n<p>  Una letra provocativa <\/p>\n<p class=\"article-body__text \">\n        La letra repite una y otra vez la imagen del <strong>conejo<\/strong> y del <strong>rabito<\/strong>, que aparecen en casi todos los estribillos. Junto a ello, el texto incluye fragmentos que muestran bailes y mucho contacto corporal, acompa\u00f1ados de un ritmo de <a href=\"https:\/\/www.noticiasdealava.eus\/musica\/2025\/09\/22\/aramu-presenta-primer-ep-10114619.html\" title=\"reggaeton\" target=\"_blank\" class=\"link copy\" rel=\"nofollow noopener\"><strong>reggaeton<\/strong><\/a>. La letra tambi\u00e9n viene cargada de referencias al acto de \u201cperrear\u201d, a los regalos de Navidad y a la apertura de esos regalos con doble sentido.\n<\/p>\n<p class=\"article-body__text \">\n        A lo largo de la canci\u00f3n, aparecen alusiones a elementos de la Navidad (turr\u00f3n, Reyes, Pap\u00e1 Noel, regalos), todos ellos muy sexualizados. En algunas partes, se ven directamente junto a expresiones como, por ejemplo, \u201cdame duro\u201d, \u201cno se te olvide el chorro\u201d o \u201cuna zanahoria pa\u2019 mi conejo\u201d.\n<\/p>\n<p>            <a href=\"https:\/\/www.noticiasdealava.eus\/buzz-on\/2025\/03\/10\/paran-leticia-sabater-control-no-tiene-puntos-inmovilizan-coche-9378578.html\" title=\"Paran a Leticia Sabater en un control, ven que no tiene puntos e inmovilizan su coche\" class=\"new__media\" rel=\"nofollow noopener\" target=\"_blank\"><\/p>\n<p>                <img alt=\"Paran a Leticia Sabater en un control, ven que no tiene puntos e inmovilizan su coche\" data-src=\"https:\/\/www.europesays.com\/es\/wp-content\/uploads\/2025\/11\/2ba0c047-dddb-4951-81be-9dc7a205323a_16-9-aspect-ratio_default_0.jpg\" class=\"lozad\"\/><\/p>\n<p>        <\/a><\/p>\n<p>        <a href=\"https:\/\/www.noticiasdealava.eus\/buzz-on\/2025\/03\/10\/paran-leticia-sabater-control-no-tiene-puntos-inmovilizan-coche-9378578.html\" title=\"Paran a Leticia Sabater en un control, ven que no tiene puntos e inmovilizan su coche\" class=\"new__headline\" rel=\"nofollow noopener\" target=\"_blank\"><br \/>\n            Paran a Leticia Sabater en un control, ven que no tiene puntos e inmovilizan su coche<br \/>\n        <\/a><\/p>\n<p>  Gui\u00f1o a Mariah Carey<\/p>\n<p class=\"article-body__text \">\n        Asimismo, en la letra de este tema de Leticia Sabater se puede ver un gui\u00f1o muy claro a <a href=\"https:\/\/www.noticiasdealava.eus\/tags\/mariah-carey\/\" title=\"Mariah Carey\" rel=\"nofollow noopener\" target=\"_blank\" class=\"link copy\"><strong>Mariah Carey<\/strong><\/a><strong>: <\/strong>con la frase \u201cEsta Navidad nadie se congela\u201d aparece el comentario \u201cSorry Mariah Carey\u201d. Pero, sobre todo, es un mensaje muy evidente hacia la artista, conocida a nivel mundial gracias a &#8216;All I Want for Christmas Is You&#8217;, convertido ya en todo un himno de la \u00e9poca navide\u00f1a.\n<\/p>\n<p class=\"article-photo__footer\">\n            Mariah Carey en el videoclip de &#8216;All I Want for Christmas is You&#8217;.            Mariah Carey        <\/p>\n<p>  \u00bfQui\u00e9n es Leticia Sabater?<\/p>\n<p class=\"article-body__text \">\n        <strong>Leticia Sabater<\/strong> (1966) es una personalidad televisiva y cantante. Su carrera empez\u00f3 a finales de los ochenta, pero no fue hasta los noventa cuando empez\u00f3 a hacerse m\u00e1s conocida. Tambi\u00e9n ha colaborado en varios programas de la peque\u00f1a pantalla, conquistando al p\u00fablico m\u00e1s joven por ser cercana con los espectadores.\n<\/p>\n<p class=\"article-body__text \">\n        M\u00e1s tarde, prob\u00f3 suerte en diferentes realities y otro tipo de espacios, aunque con un perfil medi\u00e1tico. De hecho, en los \u00faltimos a\u00f1os, y con su incursi\u00f3n en el mundo musical, ha sido objeto de pol\u00e9mica, sobre todo por algunos de sus \u00e9xitos como\u00a0\u2018Papa Noel ll\u00e9name el tanke\u2019, \u2018Esta Navidad me comer\u00e9 un pib\u00f3n\u2019 y \u2018El langostino Rufino\u2019.<\/p>\n","protected":false},"excerpt":{"rendered":"Leticia Sabater vuelve a estar bajo los focos. Como suele ocurrir estos \u00faltimos a\u00f1os, la cantante ha revolucionado&hellip;\n","protected":false},"author":2,"featured_media":243010,"comment_status":"","ping_status":"","sticky":false,"template":"","format":"standard","meta":{"footnotes":""},"categories":[174],"tags":[16637,255,146,147,25,24,1719,256,16859,2951,10798,25688,23,8083,51035],"class_list":{"0":"post-243009","1":"post","2":"type-post","3":"status-publish","4":"format-standard","5":"has-post-thumbnail","7":"category-famosos","8":"tag-arriba","9":"tag-celebrities","10":"tag-entertainment","11":"tag-entretenimiento","12":"tag-es","13":"tag-espana","14":"tag-estrena","15":"tag-famosos","16":"tag-leticia","17":"tag-navidad","18":"tag-patas","19":"tag-sabater","20":"tag-spain","21":"tag-surrealista","22":"tag-villancico"},"share_on_mastodon":{"url":"https:\/\/pubeurope.com\/@es\/115571566181551834","error":""},"_links":{"self":[{"href":"https:\/\/www.europesays.com\/es\/wp-json\/wp\/v2\/posts\/243009","targetHints":{"allow":["GET"]}}],"collection":[{"href":"https:\/\/www.europesays.com\/es\/wp-json\/wp\/v2\/posts"}],"about":[{"href":"https:\/\/www.europesays.com\/es\/wp-json\/wp\/v2\/types\/post"}],"author":[{"embeddable":true,"href":"https:\/\/www.europesays.com\/es\/wp-json\/wp\/v2\/users\/2"}],"replies":[{"embeddable":true,"href":"https:\/\/www.europesays.com\/es\/wp-json\/wp\/v2\/comments?post=243009"}],"version-history":[{"count":0,"href":"https:\/\/www.europesays.com\/es\/wp-json\/wp\/v2\/posts\/243009\/revisions"}],"wp:featuredmedia":[{"embeddable":true,"href":"https:\/\/www.europesays.com\/es\/wp-json\/wp\/v2\/media\/243010"}],"wp:attachment":[{"href":"https:\/\/www.europesays.com\/es\/wp-json\/wp\/v2\/media?parent=243009"}],"wp:term":[{"taxonomy":"category","embeddable":true,"href":"https:\/\/www.europesays.com\/es\/wp-json\/wp\/v2\/categories?post=243009"},{"taxonomy":"post_tag","embeddable":true,"href":"https:\/\/www.europesays.com\/es\/wp-json\/wp\/v2\/tags?post=243009"}],"curies":[{"name":"wp","href":"https:\/\/api.w.org\/{rel}","templated":true}]}}