{"id":243011,"date":"2025-11-18T16:08:35","date_gmt":"2025-11-18T16:08:35","guid":{"rendered":"https:\/\/www.europesays.com\/es\/243011\/"},"modified":"2025-11-18T16:08:35","modified_gmt":"2025-11-18T16:08:35","slug":"en-esta-casa-llegamos-a-tener-22-oc-constantes-en-pleno-invierno-sin-encender-calefaccion","status":"publish","type":"post","link":"https:\/\/www.europesays.com\/es\/243011\/","title":{"rendered":"En esta casa llegamos a tener 22 \u00baC constantes en pleno invierno sin encender calefacci\u00f3n"},"content":{"rendered":"<p>Uno de los grandes problemas cuando llega <a href=\"https:\/\/www.arquitecturaydiseno.es\/estilo-de-vida\/este-es-secreto-mejor-guardado-casas-norte-europa-para-combatir-frio_12631\" rel=\"nofollow noopener\" target=\"_blank\">el invierno es la calefacci\u00f3n<\/a>: mantener la casa a una temperatura confortable sin que la factura se dispare. Cada a\u00f1o repetimos el mismo ritual \u2014<a href=\"https:\/\/www.arquitecturaydiseno.es\/decoracion\/esa-maravilla-es-radiador-descubre-marca-para-calentar-tu-casa-estilo_8060\" rel=\"nofollow noopener\" target=\"_blank\">subir radiadores,<\/a> encender bombas de calor, sellar ventanas improvisadamente\u2014 mientras <strong>la energ\u00eda es cada vez m\u00e1s cara y el clima m\u00e1s extremo<\/strong>. Durante el verano ocurre lo contrario: los aires acondicionados trabajan sin descanso para combatir olas de calor que ya no son una excepci\u00f3n, sino la norma.<\/p>\n<p>En medio de este panorama, surge una pregunta que parece casi ut\u00f3pica: \u00bfes posible vivir todo el a\u00f1o sin calefacci\u00f3n ni aire acondicionado y mantener una temperatura estable? Para <strong><a href=\"https:\/\/www.arquitecturaydiseno.es\/arquitectura\/como-construir-casas-sin-calefaccion-ni-aire-acondicionado-y-vivir-mejor_12210\" rel=\"nofollow noopener\" target=\"_blank\">la arquitecta Lourdes Trevi\u00f1o, directora de Freehand Arquitectura<\/a><\/strong>, la respuesta es un rotundo s\u00ed. En esta casa llegamos a tener 22 \u00baC constantes en pleno invierno sin encender calefacci\u00f3n\u201d, afirma sobre <a href=\"https:\/\/www.arquitecturaydiseno.es\/casas\/esta-casa-de-alta-eficiencia-climatica-se-encuentra-en-una-lujosa-urbanizacion-de-madrid_10354\" rel=\"nofollow noopener\" target=\"_blank\">Villa Dana, una vivienda passivhaus en La Moraleja<\/a> que sintetiza una nueva manera de entender el confort dom\u00e9stico.<\/p>\n<p>El secreto de una casa pasiva en Madrid: m\u00e1s confort y temperatura estable\u00a0<\/p>\n<p>En <strong>La Moraleja,<\/strong> una de las urbanizaciones m\u00e1s exclusivas de Madrid, se levanta una vivienda que parece desafiar las reglas habituales del confort dom\u00e9stico: <strong>Villa Dana.<\/strong> En pleno invierno, sin calefacci\u00f3n y con temperaturas exteriores cercanas al cero, e<strong>l interior se mantiene estable, silencioso y a 22\u00baC constantes. <\/strong>El truco no es otro que una casa eficiente que se autorregula. Es lo que ha conseguido Lourdes Trevi\u00f1o: \u00abSi la envolvente est\u00e1 bien dise\u00f1ada, la casa se autorregula. <strong>No hace falta climatizaci\u00f3n<\/strong>. No existen picos de calor ni de fr\u00edo, y las familias se liberan de las facturas elevadas\u201d.<\/p>\n<p>&#13;<img loading=\"lazy\" decoding=\"async\"   src=\"https:\/\/www.europesays.com\/es\/wp-content\/uploads\/2025\/11\/salon-de-villa-dana-en-madrid_47546e06_251118114653_868x1064.webp.webp\" alt=\"Sal\u00f3n de Villa Dana en Madrid.\" class=\"lazyload\" width=\"868\" height=\"1064\" data-aspectratio=\"868\/1064\"\/> <\/p>\n<p><strong>La arquitectura pasiva <\/strong>no consiste en colocar m\u00e1s m\u00e1quinas, sino en hacer que la vivienda funcione de forma aut\u00f3noma. Con protecciones solares ajustadas al mil\u00edmetro y ventilaci\u00f3n mec\u00e1nica con recuperaci\u00f3n de calor, la temperatura interior se mantiene estable sin necesidad de sistemas activos. La casa <strong data-end=\"2335\" data-start=\"2317\">se autorregula<\/strong>, aprovechando la energ\u00eda que ya existe y evitando fugas t\u00e9rmicas.<\/p>\n<p>&#13;<img loading=\"lazy\" decoding=\"async\"   src=\"https:\/\/www.europesays.com\/es\/wp-content\/uploads\/2025\/11\/comedor-de-la-casa-villa-dana_bcf812e6_251118114729_1768x1059.webp.webp\" alt=\"Comedor de la casa Villa Dana. \" class=\"lazyload\" width=\"1768\" height=\"1059\" data-aspectratio=\"1768\/1059\"\/> <a href=\"https:\/\/www.arquitecturaydiseno.es\/estilo-de-vida\/shoukei-matsumoto-monje-budista-cuando-tus-invitados-usan-bano-entran-habitacion-privada-es-probable-que-noten-pequenos-detalles_12695\" data-ga4_event=\"custom_event\" data-ga4_event_name=\"click_intext\" data-ga4_link_url=\"https:\/\/www.arquitecturaydiseno.es\/estilo-de-vida\/shoukei-matsumoto-monje-budista-cuando-tus-invitados-usan-bano-entran-habitacion-privada-es-probable-que-noten-pequenos-detalles_12695\" data-ga4_link_text=\"shoukei_matsumoto_monje_budista_la_hospitalidad_comienza_en_la_limpieza\" data-ga4_content_type=\"photo\" data-ga4_element=\"related\" rel=\"nofollow noopener\" target=\"_blank\">&#13;&#13;<img loading=\"lazy\" decoding=\"async\" src=\"https:\/\/www.europesays.com\/es\/wp-content\/uploads\/2025\/11\/salon-minimalista-en-tonos-blancos_0a71bcad_251118150151_600x600.webp.webp\" alt=\"Sal\u00f3n minimalista en tonos blancos\" class=\"lazyload\" width=\"600\" height=\"600\" data-aspectratio=\"600\/600\"\/>&#13;&#13;<\/p>\n<p class=\"epigraph\">&#13;Noticia relacionada<\/p>\n<p class=\"title\">Shoukei Matsumoto, monje budista: \u00abLa hospitalidad comienza en la limpieza\u00bb<\/p>\n<p><\/a><\/p>\n<p>En <strong data-end=\"2859\" data-start=\"2845\">Villa Dana<\/strong>, cada decisi\u00f3n arquitect\u00f3nica tiene una intenci\u00f3n t\u00e9rmica. Las estancias de d\u00eda se orientan al <strong data-end=\"2962\" data-start=\"2955\">sur<\/strong> para captar energ\u00eda gratuita durante los meses fr\u00edos; los dormitorios se sit\u00faan al <strong data-end=\"3055\" data-start=\"3046\">norte<\/strong>, donde la temperatura es m\u00e1s estable. Voladizos, p\u00e9rgolas y protecciones solares se calculan para permitir que el sol entre en invierno y quede bloqueado en verano. No es est\u00e9tica, es eficiencia.\u00a0Como explica Trevi\u00f1o, <strong>\u201cuna casa pasiva no es solo una vivienda<\/strong> que consume menos, es un concepto integral de dise\u00f1o que logra confort, salud y <strong>sostenibilidad simult\u00e1neamente\u201d.<\/strong><\/p>\n<p>&#13;<img loading=\"lazy\" decoding=\"async\"   src=\"https:\/\/www.europesays.com\/es\/wp-content\/uploads\/2025\/11\/escaleras-de-la-casa-villa-dana_b31e03ab_251118114809_1396x1061.webp.webp\" alt=\"Escaleras de la casa Villa Dana.\" class=\"lazyload\" width=\"1396\" height=\"1061\" data-aspectratio=\"1396\/1061\"\/> \u00bfEl dise\u00f1o pasivo es exclusivo de las viviendas de nueva construcci\u00f3n?<\/p>\n<p>Pero el dise\u00f1o pasivo no es exclusivo de viviendas nuevas. La arquitecta ha rehabilitado casas antiguas en Madrid reduciendo hasta <strong>un 80% la demanda energ\u00e9tica sin necesidad<\/strong><strong>de derribarlas. <\/strong>\u00bfC\u00f3mo se hace? La clave es mejorar la envolvente, sustituir carpinter\u00edas, introducir aislamiento exterior, incorporar fachadas ventiladas y a\u00f1adir ventilaci\u00f3n mec\u00e1nica.\u00a0<\/p>\n<p><a href=\"https:\/\/www.arquitecturaydiseno.es\/casas\/glasgow-reforma-para-familia-que-quiere-disfrutar-su-jardin-y-cuidar-medioambiente_12651\" data-ga4_event=\"custom_event\" data-ga4_event_name=\"click_intext\" data-ga4_link_url=\"https:\/\/www.arquitecturaydiseno.es\/casas\/glasgow-reforma-para-familia-que-quiere-disfrutar-su-jardin-y-cuidar-medioambiente_12651\" data-ga4_link_text=\"en_glasgow_una_reforma_para_una_familia_que_quiere_disfrutar_de_su_jardin_y_cuidar_el_medioambiente\" data-ga4_content_type=\"photo\" data-ga4_element=\"related\" rel=\"nofollow noopener\" target=\"_blank\">&#13;&#13;<img loading=\"lazy\" decoding=\"async\" src=\"https:\/\/www.europesays.com\/es\/wp-content\/uploads\/2025\/11\/la-nueva-cocina-cuenta-con-una-gran-isla_0606da9f_251110174936_600x600.webp.webp\" alt=\"La nueva cocina cuenta con una gran isla\" class=\"lazyload\" width=\"600\" height=\"600\" data-aspectratio=\"600\/600\"\/>&#13;&#13;<\/p>\n<p class=\"epigraph\">&#13;Noticia relacionada<\/p>\n<p class=\"title\">En Glasgow, una reforma para una familia que quiere disfrutar de su jard\u00edn y cuidar el medioambiente<\/p>\n<p><\/a><\/p>\n<p>El resultado es una vivienda con<strong> temperaturas estables <\/strong>que mejora el ahorro energ\u00e9tico y el bienestar. En eso est\u00e1 de acuerdo tambi\u00e9n<strong><a href=\"https:\/\/www.arquitecturaydiseno.es\/arquitectura\/kimberley-diaz-arquitecta-desde-que-vivo-casa-pasiva-descanso-mejor-cuerpo-se-relaja-otra-manera_12167\" rel=\"nofollow noopener\" target=\"_blank\"> la arquitecta e interiorista <strong data-end=\"4461\" data-start=\"4443\">Kimberley D\u00edaz<\/strong>, cofundadora de Klarq Decor<\/a>,<\/strong> quien aporta la perspectiva m\u00e1s personal y emocional. Ella vive en una vivienda pasiva y describe una diferencia notable desde la primera noche.\u00a0\u201cDesde que vivo en una casa pasiva, <strong>el descanso es m\u00e1s profundo<\/strong> y el cuerpo se relaja de otra manera. El ambiente estable y saludable tiene un impacto directo en la calidad de vida\u201d.<\/p>\n<p>&#13;<\/p>\n<p>My Player placeholder<\/p>\n<p>Todo lo que debes saber sobre las casas prefabricadas<\/p>\n<p>D\u00edaz tambi\u00e9n <strong>subraya el papel del interiorism<\/strong><strong>o:<\/strong> materiales naturales, texturas c\u00e1lidas, iluminaci\u00f3n suave y mobiliario funcional. Pero insiste: <strong>\u201cTodo parte de una arquitectura bien planteada<\/strong>. Cuando la luz, las proporciones y los materiales dialogan, aparece un ambiente sereno que invita al descanso\u201d.<\/p>\n","protected":false},"excerpt":{"rendered":"Uno de los grandes problemas cuando llega el invierno es la calefacci\u00f3n: mantener la casa a una temperatura&hellip;\n","protected":false},"author":2,"featured_media":243012,"comment_status":"","ping_status":"","sticky":false,"template":"","format":"standard","meta":{"footnotes":""},"categories":[173],"tags":[229,233,231,230,232,234,146,147,25,24,23],"class_list":{"0":"post-243011","1":"post","2":"type-post","3":"status-publish","4":"format-standard","5":"has-post-thumbnail","7":"category-arte-y-diseno","8":"tag-arte","9":"tag-arte-y-diseno","10":"tag-arts","11":"tag-arts-and-design","12":"tag-design","13":"tag-diseno","14":"tag-entertainment","15":"tag-entretenimiento","16":"tag-es","17":"tag-espana","18":"tag-spain"},"share_on_mastodon":{"url":"https:\/\/pubeurope.com\/@es\/115571572748016431","error":""},"_links":{"self":[{"href":"https:\/\/www.europesays.com\/es\/wp-json\/wp\/v2\/posts\/243011","targetHints":{"allow":["GET"]}}],"collection":[{"href":"https:\/\/www.europesays.com\/es\/wp-json\/wp\/v2\/posts"}],"about":[{"href":"https:\/\/www.europesays.com\/es\/wp-json\/wp\/v2\/types\/post"}],"author":[{"embeddable":true,"href":"https:\/\/www.europesays.com\/es\/wp-json\/wp\/v2\/users\/2"}],"replies":[{"embeddable":true,"href":"https:\/\/www.europesays.com\/es\/wp-json\/wp\/v2\/comments?post=243011"}],"version-history":[{"count":0,"href":"https:\/\/www.europesays.com\/es\/wp-json\/wp\/v2\/posts\/243011\/revisions"}],"wp:featuredmedia":[{"embeddable":true,"href":"https:\/\/www.europesays.com\/es\/wp-json\/wp\/v2\/media\/243012"}],"wp:attachment":[{"href":"https:\/\/www.europesays.com\/es\/wp-json\/wp\/v2\/media?parent=243011"}],"wp:term":[{"taxonomy":"category","embeddable":true,"href":"https:\/\/www.europesays.com\/es\/wp-json\/wp\/v2\/categories?post=243011"},{"taxonomy":"post_tag","embeddable":true,"href":"https:\/\/www.europesays.com\/es\/wp-json\/wp\/v2\/tags?post=243011"}],"curies":[{"name":"wp","href":"https:\/\/api.w.org\/{rel}","templated":true}]}}