{"id":243013,"date":"2025-11-18T16:11:24","date_gmt":"2025-11-18T16:11:24","guid":{"rendered":"https:\/\/www.europesays.com\/es\/243013\/"},"modified":"2025-11-18T16:11:24","modified_gmt":"2025-11-18T16:11:24","slug":"reparto-de-temas-para-la-gala-10-de-ot-2025-todas-las-canciones-que-cantaran-los-concursantes","status":"publish","type":"post","link":"https:\/\/www.europesays.com\/es\/243013\/","title":{"rendered":"Reparto de temas para la Gala 10 de OT 2025: todas las canciones que cantar\u00e1n los concursantes"},"content":{"rendered":"<p>Pens\u00e1bamos que nunca iba a llegar este momento: pero<b> OT 2025 est\u00e1 en uno de los momentos m\u00e1s dif\u00edciles del concurso en plena recta final.<\/b> Este lunes despedimos a Luc\u00eda Casani, una de las concursantes que m\u00e1s ha crecido durante estas semanas en la Academia y las l\u00e1grimas invadieron el plat\u00f3 de Terrasa. Sin embargo, el drama no acab\u00f3 ah\u00ed y continu\u00f3 cuando conocimos que<b> Guillo Rist y T\u00e9you son <\/b><a href=\"https:\/\/los40.com\/2025\/11\/17\/ot-2025-en-directo-en-prime-video-actuaciones-de-los-nominados-y-minuto-a-minuto-de-la-gala-9\/\" target=\"_blank\" rel=\"noreferrer nofollow noopener\" title=\"https:\/\/los40.com\/2025\/11\/17\/ot-2025-en-directo-en-prime-video-actuaciones-de-los-nominados-y-minuto-a-minuto-de-la-gala-9\/\"><b>los pr\u00f3ximos nominados de cara a la Gala 10<\/b><\/a><b>. <\/b><\/p>\n<p>Ambos se han puesto a trabajar desde ya, al igual que lo han hecho sus compa\u00f1eros para evitar librarse de la nominaci\u00f3n. As\u00ed, este mismo martes se ha conocido<b> el reparto de temas con las canciones que defender\u00e1n el pr\u00f3ximo lunes 24 de noviembre en la Gala 10. <\/b><\/p>\n<p><img decoding=\"async\" src=\"https:\/\/www.europesays.com\/es\/wp-content\/uploads\/2025\/11\/BXL6A3KGPNDKVLJR4HSQBRGBZ4.jpg\" alt=\"Partido Espa\u00f1a - Turqu\u00eda: a qu\u00e9 hora juega la Selecci\u00f3n Espa\u00f1ola hoy y d\u00f3nde ver la clasificaci\u00f3n al mundial gratis\" width=\"165\" height=\"138\"  loading=\"lazy\"\/><a href=\"https:\/\/los40.com\/2025\/11\/18\/partido-espana-turquia-a-que-hora-juega-la-seleccion-espanola-hoy-y-donde-ver-la-clasificacion-al-mundial-gratis\/\" rel=\"nofollow noopener\" target=\"_blank\">Partido Espa\u00f1a &#8211; Turqu\u00eda: a qu\u00e9 hora juega la Selecci\u00f3n Espa\u00f1ola hoy y d\u00f3nde ver la clasificaci\u00f3n al mundial gratis<\/a>Reparto de temas de &#8216;OT 2025&#8217; para la Gala 10<\/p>\n<ul>\n<li><b>Canci\u00f3n grupal:<\/b> Pablo Albor\u00e1n &#8211; Saturno<b> <\/b>(2017)<\/li>\n<\/ul>\n<ul>\n<li><b>Guillo Rist:<\/b> Lady Gaga &#8211; Abracadabra (2025)<\/li>\n<\/ul>\n<ul>\n<li><b>T\u00e9you<\/b>: Louane &#8211; Je Vole (2014)<\/li>\n<\/ul>\n<ul>\n<li><b>Olivia: <\/b> Etta James<b> <\/b><b>&#8211; <\/b>At last (1960)<\/li>\n<\/ul>\n<ul>\n<li><b>Claudia<\/b>: Billie Eilish &#8211; Birds of a feather (2024)<\/li>\n<\/ul>\n<ul>\n<li><b>Crespo: <\/b>Saiko &#8211; Cosas que no te dije (2021)<\/li>\n<\/ul>\n<ul>\n<li><b>Tinho<\/b>: Ses &#8211; Tempestaded de sal (2015)<\/li>\n<\/ul>\n<ul>\n<li><b>Cristina<\/b>: Daniela Blasco &#8211; Uh nana (2025) <\/li>\n<\/ul>\n<ul>\n<li><b>Guille Toledano: <\/b>Stephen S\u00e1nchez &#8211; Until I Found you<\/li>\n<\/ul>\n<p>Una segunda grupal: Elena Gadel &#8211; Lobo <\/p>\n<p>Como el 25 de noviembre es el D\u00eda Internacional de la Violencia contra las Mujeres, desde OT han decidido que las chicas que quedan en esta edici\u00f3n, <b>Claudia Arenas, Cristina, Olivia y T\u00e9you<\/b> cantar\u00e1n Lobo de Elena Gadel junto a ella. <\/p>\n<p><img decoding=\"async\" src=\"https:\/\/los40.com\/pf\/resources\/img\/logo-40-v-c.svg?d=913\" alt=\"LOS40\" class=\"i-pro\" width=\"68\" height=\"68\" loading=\"lazy\"\/>Directo<\/p>\n<p class=\"t-un\">LOS40<\/p>\n<p class=\"programa\">LOS40<\/p>\n<p>Reproducir LOS40<\/p>\n<p>\u00a1Todo listo para la Gala 10 de OT 2025!<\/p>\n","protected":false},"excerpt":{"rendered":"Pens\u00e1bamos que nunca iba a llegar este momento: pero OT 2025 est\u00e1 en uno de los momentos m\u00e1s&hellip;\n","protected":false},"author":2,"featured_media":243014,"comment_status":"","ping_status":"","sticky":false,"template":"","format":"standard","meta":{"footnotes":""},"categories":[171],"tags":[21399,10258,50773,50245,146,147,25,24,1205,50774,50775,280,1207,53663,282,50778,18808,32982,1211,1212,62372,50250,1215,50780,62373,1217,50781,62374,23,50782,50783,50784,1220,167,1221,62375,21405,214,1607,50785],"class_list":{"0":"post-243013","1":"post","2":"type-post","3":"status-publish","4":"format-standard","5":"has-post-thumbnail","7":"category-tv","8":"tag-action-shot","9":"tag-alex-baena","10":"tag-bulgarian-team","11":"tag-competitive-match","12":"tag-entertainment","13":"tag-entretenimiento","14":"tag-es","15":"tag-espana","16":"tag-european-football","17":"tag-f22photo","18":"tag-fifa-world-cup-qualifier","19":"tag-football","20":"tag-football-match","21":"tag-full-body","22":"tag-futbol","23":"tag-guille-martinez","24":"tag-guillermo-martinez","25":"tag-international-sports","26":"tag-league","27":"tag-match","28":"tag-match-action","29":"tag-national-teams","30":"tag-nurphoto","31":"tag-october-14","32":"tag-player-in-action","33":"tag-professional-athlete","34":"tag-qualifier-match","35":"tag-qualifying-round","36":"tag-spain","37":"tag-spain-vs-bulgaria","38":"tag-spanish-football-team","39":"tag-spanish-team","40":"tag-sporting-event","41":"tag-sports","42":"tag-sports-photography","43":"tag-stadium-event","44":"tag-team-sports","45":"tag-tv","46":"tag-valladolid","47":"tag-world-cup-qualifier"},"share_on_mastodon":{"url":"","error":"Validation failed: Text character limit of 500 exceeded"},"_links":{"self":[{"href":"https:\/\/www.europesays.com\/es\/wp-json\/wp\/v2\/posts\/243013","targetHints":{"allow":["GET"]}}],"collection":[{"href":"https:\/\/www.europesays.com\/es\/wp-json\/wp\/v2\/posts"}],"about":[{"href":"https:\/\/www.europesays.com\/es\/wp-json\/wp\/v2\/types\/post"}],"author":[{"embeddable":true,"href":"https:\/\/www.europesays.com\/es\/wp-json\/wp\/v2\/users\/2"}],"replies":[{"embeddable":true,"href":"https:\/\/www.europesays.com\/es\/wp-json\/wp\/v2\/comments?post=243013"}],"version-history":[{"count":0,"href":"https:\/\/www.europesays.com\/es\/wp-json\/wp\/v2\/posts\/243013\/revisions"}],"wp:featuredmedia":[{"embeddable":true,"href":"https:\/\/www.europesays.com\/es\/wp-json\/wp\/v2\/media\/243014"}],"wp:attachment":[{"href":"https:\/\/www.europesays.com\/es\/wp-json\/wp\/v2\/media?parent=243013"}],"wp:term":[{"taxonomy":"category","embeddable":true,"href":"https:\/\/www.europesays.com\/es\/wp-json\/wp\/v2\/categories?post=243013"},{"taxonomy":"post_tag","embeddable":true,"href":"https:\/\/www.europesays.com\/es\/wp-json\/wp\/v2\/tags?post=243013"}],"curies":[{"name":"wp","href":"https:\/\/api.w.org\/{rel}","templated":true}]}}