{"id":243015,"date":"2025-11-18T16:14:47","date_gmt":"2025-11-18T16:14:47","guid":{"rendered":"https:\/\/www.europesays.com\/es\/243015\/"},"modified":"2025-11-18T16:14:47","modified_gmt":"2025-11-18T16:14:47","slug":"el-primer-trailer-de-toy-story-5-presenta-a-un-nuevo-enemigo-tecnologico","status":"publish","type":"post","link":"https:\/\/www.europesays.com\/es\/243015\/","title":{"rendered":"El primer tr\u00e1iler de Toy Story 5 presenta a un nuevo enemigo tecnol\u00f3gico"},"content":{"rendered":"<p class=\"paragraph\">\u00abLa era de los juguetes ha terminado\u00bb. As\u00ed comienza el primer tr\u00e1iler de Toy Story 5 que nos deja<b> un peque\u00f1o avance <\/b>de lo que veremos en la esperada secuela de Pixar que se estrenar\u00e1 el pr\u00f3ximo verano.<\/p>\n<p class=\"paragraph\">Casi 30 a\u00f1os despu\u00e9s de conocer a Woody, tanto \u00e9l como sus amigos se encuentran cara a cara con <b>su n\u00e9mesis<\/b>: Lilypad, una tablet de videojuegos. El terror se apoderar\u00e1 de los juguetes cl\u00e1sicos y deber\u00e1n lidiar con la fascinaci\u00f3n de los ni\u00f1os de hoy <b>por la tecnolog\u00eda<\/b> cuando Bonnie (la hermana de Andy) mete en sus vidas este nuevo dispositivo.<\/p>\n<p class=\"paragraph\">La franquicia de Toy Story se lanz\u00f3 con la pel\u00edcula original en 1995, <b>marcando un hito<\/b> al ser el primer largo de animaci\u00f3n realizado totalmente por ordenador. <a href=\"https:\/\/www.eldebate.com\/cine-tv-series\/20250908\/unica-pelicula-tom-hanks-ve-dos-veces-ano_331882.html\" title=\"La \u00fanica pel\u00edcula que Tom Hanks ve dos veces al a\u00f1o\" rel=\"nofollow noopener\" target=\"_blank\">Tom Hanks<\/a> y Tim Allen pusieron voz a Woody y Buzz Lightyear, respectivamente. Junto a ellos, el reparto de voces de la quinta entrega incluye a <a href=\"https:\/\/www.eldebate.com\/cine-tv-series\/20250317\/conan-brien-repetira-como-presentador-oscar-anfitrion-perfecto_279533.html\" title=\"Conan O&#039;Brien repetir\u00e1 como presentador de los Oscar: \u00abFue el anfitri\u00f3n perfecto\u00bb\" rel=\"nofollow noopener\" target=\"_blank\">Conan O\u2019Brien<\/a> como <b>un asistente tecnol\u00f3gico <\/b>para ense\u00f1ar a ir al ba\u00f1o y a Ernie Hudson tomando el relevo de Combat Carl, personaje al que anteriormente daba voz el fallecido <a href=\"https:\/\/www.eldebate.com\/cine-tv-series\/20240203\/actor-carl-weathers-hizo-apollo-creed-rocky-muere-76-anos_171890.html\" title=\"El actor Carl Weathers, que hizo de Apollo Creed en &#039;Rocky&#039;, muere a los 76 a\u00f1os\" rel=\"nofollow noopener\" target=\"_blank\">Carl Weathers<\/a>.<\/p>\n<p class=\"paragraph\">\u00abHa sido un viaje hilarante y conmovedor explorando c\u00f3mo nuestro equipo favorito de juguetes cl\u00e1sicos podr\u00eda reaccionar ante<b> el mundo tecnol\u00f3gico<\/b> actual, y estamos encantados de compartir este primer vistazo con el p\u00fablico\u00bb, comentaron Andrew Stanton (director) y Kenna Harris (codirectora) de la pel\u00edcula.<\/p>\n<p class=\"paragraph\">El \u00faltimo estreno de Pixar fue Elio, el verano pasado, que no tuvo<b> el \u00e9xito esperado<\/b> en taquilla a pesar de las buenas cr\u00edticas. El estudio ha tenido mayor \u00e9xito recientemente con sus secuelas, ya que Inside Out 2 fue un \u00e9xito rotundo y la pel\u00edcula m\u00e1s taquillera de 2024.<\/p>\n","protected":false},"excerpt":{"rendered":"\u00abLa era de los juguetes ha terminado\u00bb. As\u00ed comienza el primer tr\u00e1iler de Toy Story 5 que nos&hellip;\n","protected":false},"author":2,"featured_media":243016,"comment_status":"","ping_status":"","sticky":false,"template":"","format":"standard","meta":{"footnotes":""},"categories":[169],"tags":[177,146,147,25,24,176,175,23],"class_list":{"0":"post-243015","1":"post","2":"type-post","3":"status-publish","4":"format-standard","5":"has-post-thumbnail","7":"category-cine","8":"tag-cine","9":"tag-entertainment","10":"tag-entretenimiento","11":"tag-es","12":"tag-espana","13":"tag-film","14":"tag-movies","15":"tag-spain"},"share_on_mastodon":{"url":"https:\/\/pubeurope.com\/@es\/115571593532628189","error":""},"_links":{"self":[{"href":"https:\/\/www.europesays.com\/es\/wp-json\/wp\/v2\/posts\/243015","targetHints":{"allow":["GET"]}}],"collection":[{"href":"https:\/\/www.europesays.com\/es\/wp-json\/wp\/v2\/posts"}],"about":[{"href":"https:\/\/www.europesays.com\/es\/wp-json\/wp\/v2\/types\/post"}],"author":[{"embeddable":true,"href":"https:\/\/www.europesays.com\/es\/wp-json\/wp\/v2\/users\/2"}],"replies":[{"embeddable":true,"href":"https:\/\/www.europesays.com\/es\/wp-json\/wp\/v2\/comments?post=243015"}],"version-history":[{"count":0,"href":"https:\/\/www.europesays.com\/es\/wp-json\/wp\/v2\/posts\/243015\/revisions"}],"wp:featuredmedia":[{"embeddable":true,"href":"https:\/\/www.europesays.com\/es\/wp-json\/wp\/v2\/media\/243016"}],"wp:attachment":[{"href":"https:\/\/www.europesays.com\/es\/wp-json\/wp\/v2\/media?parent=243015"}],"wp:term":[{"taxonomy":"category","embeddable":true,"href":"https:\/\/www.europesays.com\/es\/wp-json\/wp\/v2\/categories?post=243015"},{"taxonomy":"post_tag","embeddable":true,"href":"https:\/\/www.europesays.com\/es\/wp-json\/wp\/v2\/tags?post=243015"}],"curies":[{"name":"wp","href":"https:\/\/api.w.org\/{rel}","templated":true}]}}