{"id":243021,"date":"2025-11-18T16:17:33","date_gmt":"2025-11-18T16:17:33","guid":{"rendered":"https:\/\/www.europesays.com\/es\/243021\/"},"modified":"2025-11-18T16:17:33","modified_gmt":"2025-11-18T16:17:33","slug":"juan-munoz-carambolas-y-bricolaje-barroco","status":"publish","type":"post","link":"https:\/\/www.europesays.com\/es\/243021\/","title":{"rendered":"Juan Mu\u00f1oz, carambolas y bricolaje barroco"},"content":{"rendered":"<p style=\"\">En la \u00faltima conversaci\u00f3n que tuvimos, comiendo bastante cerca del <a href=\"https:\/\/www.museodelprado.es\/\" target=\"_self\" data-voc-vtm-id=\"in-text-traffic\" title=\"Museo del Prado,\" data-mrf-link=\"www.museodelprado.es\" rel=\"nofollow noopener\">Museo del Prado,<\/a> se lanz\u00f3, sin venir a cuento, pero con toda la energ\u00eda imaginable, a <strong>divagar sobre Borromini,<\/strong> una de sus obsesiones, concretamente sobre &#8216;San Carlino alle Quattro Fontane&#8217;; pronunci\u00f3 una f\u00f3rmula  &#8230; que ya hab\u00eda empleado en otras ocasiones: \u00abEl Barroco vertiginoso\u00bb.<\/p>\n<p class=\"voc-p\" style=\"\">No ten\u00eda que explicarme que estaba, en clave aleg\u00f3rica, aludiendo a su propio imaginario, a esas estratificaciones imaginarias que plasmar\u00eda en la Tate Modern en conexi\u00f3n con el &#8216;doble nudo&#8217; de <strong>Bateson,<\/strong> esto es, la esquizofrenia y sus sombras.<\/p>\n<p class=\"voc-p\" style=\"\"><a href=\"https:\/\/www.abc.es\/cultura\/arte\/regresa-prado-juan-munoz-escultor-robo-pudo-20251117184212-nt.html\" target=\"_self\" data-voc-vtm-id=\"in-text-traffic\" title=\"Juan Mu\u00f1oz\" data-mrf-link=\"www.abc.es\" rel=\"nofollow noopener\">Juan Mu\u00f1oz<\/a> era, ciertamente,<strong> uno de los m\u00e1s incre\u00edbles cuenta-cuentos<\/strong> con los que he tenido el inmenso placer de cruzarme, con una astucia o, mejor, un ingenio como aquel que alabara <a href=\"https:\/\/www.cervantesvirtual.com\/portales\/baltasar_gracian\/autor_biografia\/\" target=\"_self\" data-voc-vtm-id=\"in-text-traffic\" title=\"Baltasar Graci\u00e1n.\" data-mrf-link=\"www.cervantesvirtual.com\" rel=\"nofollow noopener\">Baltasar Graci\u00e1n.<\/a> Conceptista m\u00e1s que tediosamente conceptual, entregado a replegamientos barroquizantes e intempestivos, capaz de introducir en la tierra bald\u00eda de la escultura contempor\u00e1nea un enano de estirpe velazque\u00f1a.<\/p>\n<p class=\"voc-p\" style=\"\">En unas salas de la triste ampliaci\u00f3n del Museo del Prado que <a href=\"https:\/\/www.abc.es\/cultura\/cultural\/20131028\/abci-cultural-m111-arquitectura-entrevista-201310281111.html\" target=\"_self\" data-voc-vtm-id=\"in-text-traffic\" title=\"Rafael Moneo\" data-mrf-link=\"www.abc.es\" rel=\"nofollow noopener\">Rafael Moneo<\/a> perpetr\u00f3 se han dispuesto con estupendo tino una serie de &#8216;instalaciones&#8217; (t\u00e9rmino que ha quedado completamente obsoleto) de Juan Mu\u00f1oz. Ah\u00ed las estatuas sobre los suelos geom\u00e9tricos componen una atm\u00f3sfera general inquietante y sumamente teatral. <strong>Lamentablemente no tenemos, desde hace casi un cuarto de siglo, a este brillant\u00edsimo artista<\/strong> y, por tanto, las numerosas exposiciones p\u00f3stumas que se han realizado con sus obras nos llevan a &#8216;fantasear&#8217; con c\u00f3mo habr\u00eda abordado \u00e9l esa situaci\u00f3n.<a href=\"https:\/\/www.abc.es\/cultura\/libros\/dirigir-tate-modern-plantar-jardin-citricos-trabajo-20250326043340-nt.html\" target=\"_self\" data-voc-vtm-id=\"in-text-traffic\" title=\" Vicente Todol\u00ed\" data-mrf-link=\"www.abc.es\" rel=\"nofollow noopener\"> Vicente Todol\u00ed<\/a> fue un c\u00f3mplice de Juan Mu\u00f1oz y se nota que conoce a la perfecci\u00f3n los &#8216;trucos&#8217; de este tipo que no dud\u00f3 en autorretratarse como un trilero que usa vasos de pl\u00e1stico transparentes.<\/p>\n<p>\nJuegos de enmascaramiento\n<\/p>\n<p class=\"voc-p\" style=\"\">En unas vitrinas entre las salas C y el edificio Jer\u00f3nimos del Prado ha situado una serie de libros de Historia del Arte pertenecientes a la biblioteca de Juan Mu\u00f1oz que nos permiten comprender <strong>el inter\u00e9s que ten\u00eda por Vel\u00e1zquez o Goya.<\/strong> Tambi\u00e9n que ley\u00f3 el &#8216;Autorretrato en espejo convexo&#8217; de <strong>Ashbery<\/strong> como si la sofisticada aberraci\u00f3n especular de Parmigianino estuviera revelando sus placeres del parecido, los juegos de enmascaramiento. <\/p>\n<p class=\"voc-p\" style=\"\">Mu\u00f1oz recibi\u00f3 \u2013un dato biogr\u00e1fico que me gusta subrayar\u2013 clases particulares de <strong>Santiago Am\u00f3n<\/strong> y tal vez este apasionado orador le transmitiera ya el amor por el gran museo madrile\u00f1o que conoc\u00eda como la palma de su mano, donde explic\u00f3 para un antiqu\u00edsimo programa de televisi\u00f3n tantos cuadros.<\/p>\n<p><img decoding=\"async\" loading=\"lazy\" src=\"https:\/\/www.europesays.com\/es\/wp-content\/uploads\/2025\/11\/74bb5423-76d1-39b7-e705-fbbb68c797ec-U52680308287dcl-758x470@diario_abc.jpg\" class=\"voc-d-c-combo-3__img\" width=\"758\" height=\"470\" alt=\"Imagen principal - En las im\u00e1genes, detalle del montaje de las obras de Mu\u00f1oz con los fondos del Prado, como esa 'Sara', en di\u00e1logo con 'Las Meninias' o las obras situadas en el exterior del museo.  \"\/><\/p>\n<p><img decoding=\"async\" loading=\"lazy\" src=\"https:\/\/www.europesays.com\/es\/wp-content\/uploads\/2025\/11\/77a621a6-3081-992f-d993-5fb38e88d41f-U14454582055eVw-464x329@diario_abc.jpg\" class=\"voc-d-c-combo-3__img\" width=\"464\" height=\"329\" alt=\"Imagen secundaria 1 - En las im\u00e1genes, detalle del montaje de las obras de Mu\u00f1oz con los fondos del Prado, como esa 'Sara', en di\u00e1logo con 'Las Meninias' o las obras situadas en el exterior del museo.  \"\/><\/p>\n<p><img decoding=\"async\" loading=\"lazy\" src=\"https:\/\/www.europesays.com\/es\/wp-content\/uploads\/2025\/11\/2ec709b1-ef77-8266-5bfe-a009666b21e4-U44535334236fib-278x329@diario_abc.jpg\" class=\"voc-d-c-combo-3__img\" width=\"278\" height=\"329\" alt=\"Imagen secundaria 2 - En las im\u00e1genes, detalle del montaje de las obras de Mu\u00f1oz con los fondos del Prado, como esa 'Sara', en di\u00e1logo con 'Las Meninias' o las obras situadas en el exterior del museo.  \"\/><\/p>\n<p>Malabarismos.<br \/>\nEn las im\u00e1genes, detalle del montaje de las obras de Mu\u00f1oz con los fondos del Prado, como esa &#8216;Sara&#8217;, en di\u00e1logo con &#8216;Las Meninias&#8217; o las obras situadas en el exterior del museo.<br \/>\nM. Prado<\/p>\n<p class=\"voc-p\" style=\"\">Me permito definir a este artista tan inclasificable como un &#8216;bricoleur barroco&#8217;, retomando las consideraciones de<strong> Claude Levi-Strauss<\/strong> en &#8216;El pensamiento salvaje&#8217; sobre el bricolaje en relaci\u00f3n con el c\u00e1lculo de las carambolas en el billar. Tal vez la m\u00e1s fascinante de todas las intervenciones en el Prado sea la que <strong>enfrenta a la enana de Juan Mu\u00f1oz con &#8216;Las Meninas&#8217;.<\/strong> Una doble &#8216;puesta en abismo&#8217; de la pintura ennoblecida en el proceso de pintar la realeza que se refleja en el espejo, en fricci\u00f3n espl\u00e9ndida con la enana que revisa sus propias fotograf\u00edas en una mesa de luz que no es otra cosa que un billar &#8216;tuneado&#8217;. <\/p>\n<p class=\"voc-p\" style=\"\"><strong>Las piezas &#8216;de conversaci\u00f3n&#8217; en las grandes galer\u00edas<\/strong> integran a los visitantes como si lo bronc\u00edneo cobrara vida o nuestras miradas estuvieran a punto de petrificarse. Mentalmente coloco esas obras en donde podr\u00edan haber intensificado su sentido: cerca del gabinete de pintura de Leopoldo Guillermo pintado por Teniers. <\/p>\n<p class=\"voc-p\" style=\"\">Las &#8216;historias&#8217; de Juan Mu\u00f1oz <strong>reformulan el Museo como una &#8216;c\u00e1mara de las maravillas&#8217;<\/strong> en las que unas escalares sirven para que un acr\u00f3bata, en cita directa de un cuadro de Degas, est\u00e9 suspendido en el aire sujet\u00e1ndose, literalmente, con los dientes. Otro personaje cuelga cabeza abajo sin que podamos determinar si asistimos a una cruel tortura o un divertimento extra\u00f1\u00edsimo.<\/p>\n<p class=\"voc-p\" style=\"\">Recuerdo otra conversaci\u00f3n obsesiva en la que me ilustr\u00f3 sobre <strong>la rareza del trinquete valenciano,<\/strong> ese juego de pelota con escaleras y &#8216;dau&#8217;, en el que los rebotes y sus trayectorias son &#8216;endemoniados&#8217;. Ante mi perplejidad me hizo saber que esas incidencias inesperadas eran lo que le interesaba producir en los espectadores, cuando lo cotidiano se vuelve imprevisto. Recorrer de nuevo los espacios manieristas de Juan Mu\u00f1oz supone disfrutar de lo enigm\u00e1tico, volver a pensar &#8216;el lugar inquietante del hombre&#8217;.<\/p>\n<p><img decoding=\"async\" loading=\"lazy\" src=\"https:\/\/www.europesays.com\/es\/wp-content\/uploads\/2025\/11\/1a23d46a-c201-de60-82ff-694e53b0aeea-U08840117615lpe-366x206@diario_abc.jpg\" class=\"voc-img\" width=\"366\" height=\"206\" alt=\"Juan Mu\u00f1oz: 'Historias de Arte'\"\/><\/p>\n<p>Juan Mu\u00f1oz: &#8216;Historias de Arte&#8217;<\/p>\n<p class=\"voc-p\">Museo del Prado. Madrid. Pasel del Prado, s\/n. Comisario: Vicente Todol\u00ed. Hasta el 8 de marzo de 2026. Cinco estrellas. <\/p>\n<p class=\"voc-p\" style=\"\">En la entrada del Museo, en unas gradas met\u00e1licas, est\u00e1n sentados y ri\u00e9ndose unos &#8216;personajes&#8217; de semblantes orientales. Algunos se acaban de caer estrepitosamente y, a pesar de todo, parece que siguen disfrutando de lo lindo. Puede que esas &#8216;figuraciones&#8217; reflejen <strong>la condici\u00f3n absurda de la existencia<\/strong> o sean un sarcasmo para soportar la inevitable l\u00f3gica de lo peor. Nos incitan a estudiar los \u00e1ngulos de la carambola feliz, las perspectivas de Juan Mu\u00f1oz que renace en un Museo que tanto le inspir\u00f3. <\/p>\n","protected":false},"excerpt":{"rendered":"En la \u00faltima conversaci\u00f3n que tuvimos, comiendo bastante cerca del Museo del Prado, se lanz\u00f3, sin venir a&hellip;\n","protected":false},"author":2,"featured_media":243022,"comment_status":"","ping_status":"","sticky":false,"template":"","format":"standard","meta":{"footnotes":""},"categories":[91],"tags":[229,26907,62377,62376,146,147,25,24,448,409,8360,470,16126,23],"class_list":{"0":"post-243021","1":"post","2":"type-post","3":"status-publish","4":"format-standard","5":"has-post-thumbnail","7":"category-entretenimiento","8":"tag-arte","9":"tag-barroco","10":"tag-bricolgaje","11":"tag-carambolas","12":"tag-entertainment","13":"tag-entretenimiento","14":"tag-es","15":"tag-espana","16":"tag-historia","17":"tag-juan","18":"tag-munoz","19":"tag-museo","20":"tag-prado","21":"tag-spain"},"share_on_mastodon":{"url":"https:\/\/pubeurope.com\/@es\/115571605757245731","error":""},"_links":{"self":[{"href":"https:\/\/www.europesays.com\/es\/wp-json\/wp\/v2\/posts\/243021","targetHints":{"allow":["GET"]}}],"collection":[{"href":"https:\/\/www.europesays.com\/es\/wp-json\/wp\/v2\/posts"}],"about":[{"href":"https:\/\/www.europesays.com\/es\/wp-json\/wp\/v2\/types\/post"}],"author":[{"embeddable":true,"href":"https:\/\/www.europesays.com\/es\/wp-json\/wp\/v2\/users\/2"}],"replies":[{"embeddable":true,"href":"https:\/\/www.europesays.com\/es\/wp-json\/wp\/v2\/comments?post=243021"}],"version-history":[{"count":0,"href":"https:\/\/www.europesays.com\/es\/wp-json\/wp\/v2\/posts\/243021\/revisions"}],"wp:featuredmedia":[{"embeddable":true,"href":"https:\/\/www.europesays.com\/es\/wp-json\/wp\/v2\/media\/243022"}],"wp:attachment":[{"href":"https:\/\/www.europesays.com\/es\/wp-json\/wp\/v2\/media?parent=243021"}],"wp:term":[{"taxonomy":"category","embeddable":true,"href":"https:\/\/www.europesays.com\/es\/wp-json\/wp\/v2\/categories?post=243021"},{"taxonomy":"post_tag","embeddable":true,"href":"https:\/\/www.europesays.com\/es\/wp-json\/wp\/v2\/tags?post=243021"}],"curies":[{"name":"wp","href":"https:\/\/api.w.org\/{rel}","templated":true}]}}