{"id":243027,"date":"2025-11-18T16:22:11","date_gmt":"2025-11-18T16:22:11","guid":{"rendered":"https:\/\/www.europesays.com\/es\/243027\/"},"modified":"2025-11-18T16:22:11","modified_gmt":"2025-11-18T16:22:11","slug":"la-sombra-de-la-mafia-vuelve-a-marsella-internacional","status":"publish","type":"post","link":"https:\/\/www.europesays.com\/es\/243027\/","title":{"rendered":"La sombra de la mafia vuelve a Marsella | Internacional"},"content":{"rendered":"<p class=\"\">El jueves 13 de noviembre, poco despu\u00e9s de las 14.30, Mehdi Kessaci aparc\u00f3 su coche en el centro de la ciudad, junto a una sala de conciertos. Cuando iba a salir del autom\u00f3vil, una moto con dos pasajeros pas\u00f3 junto a la ventanilla y uno de ellos abri\u00f3 fuego con una pistola de calibre 9 mm. Kessaci, de 20 a\u00f1os, hermano de un activista contra el narcotr\u00e1fico en Marsella, muri\u00f3 en el acto. La moto desapareci\u00f3. Los investigadores concluyeron que el ataque fue premeditado y con medios profesionales. El fiscal de la ciudad, Nicolas Bessone, fue m\u00e1s all\u00e1 y lo calific\u00f3 de \u201cintimidatorio\u201d. <\/p>\n<p class=\"\"><a href=\"https:\/\/elpais.com\/eps\/2025-05-07\/marsella-el-laboratorio-de-la-guerra-contra-el-nuevo-narcotrafico-que-desafia-francia.html\" target=\"_self\" rel=\"nofollow noopener\" title=\"https:\/\/elpais.com\/eps\/2025-05-07\/marsella-el-laboratorio-de-la-guerra-contra-el-nuevo-narcotrafico-que-desafia-francia.html\">El asesinato del jueves representa un salto de calidad en la amenaza que representa el crimen organizado en Marsella. <\/a>Este martes, Emmanuel Macron convoc\u00f3 una reuni\u00f3n de urgencia en el Palacio del El\u00edseo con varios ministros, as\u00ed como varios responsables de la polic\u00eda y el fiscal de Marsella. \u201cNo era un ajuste de cuentas cl\u00e1sico, sino un crimen de intimidaci\u00f3n. Y eso es un punto de inflexi\u00f3n claro. Una muerte preparada e in\u00e9dita. Hemos intentado analizar las razones que pueden haber conducido a este punto. Era el hermano de alguien que se levant\u00f3 contra el narcotr\u00e1fico, y es evidente que los narcotraficantes que dirigen el crimen marsell\u00e9s son cada vez m\u00e1s peligrosos\u201d, admiti\u00f3 el ministro del Interior, Laurent Nu\u00f1ez. <\/p>\n<p class=\"\">La sospecha es que Mehdi, cuyo funeral se celebra el martes bajo fuertes medidas de seguridad, fue v\u00edctima indirecta del trabajo de su hermano Amine, dos a\u00f1os mayor que \u00e9l. Figura conocida de la lucha contra el narcotr\u00e1fico en los barrios populares de Marsella, es tambi\u00e9n una voz emergente en la pol\u00edtica local (es candidato a la diputaci\u00f3n). <\/p>\n<p class=\"\">La subprefecta de polic\u00eda Corinne Simon acudi\u00f3 al lugar del crimen el jueves. Tambi\u00e9n lo hizo el alcalde de Marsella, Beno\u00eet Payan (Divers gauche), que conoce bien a Amine Kessaci por haberle apoyado en las legislativas de 2024, en las que se present\u00f3 bajo la etiqueta del Nuevo Frente Popular (NFP). \u201cSi la investigaci\u00f3n confirma que se trata de un asesinato de intimidaci\u00f3n, una voluntad de silenciar a Amine, entramos colectivamente en otra dimensi\u00f3n, y eso es muy preocupante. Se remite a Marsella a la \u00e9poca del asesinato del juez Michel [en 1981, cuando estaba encargado de asuntos de drogas]. Es un desaf\u00edo lanzado al Estado de derecho que requiere respuestas a la altura\u201d, se\u00f1al\u00f3 el primer edil.<\/p>\n<p class=\"\">Nadie ha puesto pa\u00f1os calientes esta vez. Y la respuesta comenz\u00f3 el martes, cuando la cuesti\u00f3n lleg\u00f3 tambi\u00e9n al Parlamento e incluso tuvo que responder el Primer Ministro, S\u00e9bastien Lecornu. \u201cHaremos todo lo que est\u00e9 a nuestro alcance para que se cumpla la justicia\u201d, anunci\u00f3 el jefe del Gobierno, que admiti\u00f3 tambi\u00e9n la gravedad y el cambio de paradigma que representa este asesinato. Este jueves, los ministros de Justicia e Interior viajar\u00e1n a Marsella y el jefe del Estado, anunci\u00f3 este martes, lo har\u00e1 a mitad de diciembre.<\/p>\n<p class=\"\">Lo extra\u00f1o es que Amine Kessaci no parec\u00eda una amenaza directa para el narcotr\u00e1fico, sus finanzas o su organizaci\u00f3n. Sin embargo, desde el mes de agosto contaba con protecci\u00f3n policial. A trav\u00e9s de investigaciones paralelas, hab\u00edan surgido amenazas dirigidas contra \u00e9l. Estaba ausente de la ciudad el jueves. \u201cLa situaci\u00f3n nunca ha sido tan grave. Nunca hemos vivido esto. Atacan directamente a una persona inocente. No es una bala perdida, alguien implicado en el narcotr\u00e1fico. Tenemos miedo, ya no osamos hablar. No queremos convertirnos en objetivos de las bandas por haber tomado posici\u00f3n contra el narcotr\u00e1fico p\u00fablicamente. Y menos a\u00fan que ataquen a nuestros familiares\u201d, opina Mohamed Benmedoour, educador social que trabaj\u00f3 en los barrios con alto \u00edndice de criminalidad. \u201c\u00bfLa reuni\u00f3n? Mire, ya no creemos en nada. No es la primera vez. Ya hemos visto al presidente Macron venir a Marsella otras veces. Las medidas tomadas hasta ahora son ineficaces. El Estado no ayuda a las asociaciones peque\u00f1as que estamos sobre el terreno, prefiere financiar a las grandes estructuras que no sirven para nada. Yo no s\u00e9 si continuar\u00e9, no vale la pena jugarse la vida\u201d, lamenta.<\/p>\n<p class=\"\">\u00bfExiste hoy una organizaci\u00f3n lo suficientemente segura de su poder como para permitirse este tipo de intimidaci\u00f3n? La respuesta conduce a la DZ Mafia, un grupo hegem\u00f3nico ya en Marsella y en el sur de Francia que controla el narcotr\u00e1fico despu\u00e9s de haber exterminado a las bandas rivales. La polic\u00eda tiene pocas dudas. \u201cEs algo verdaderamente mafioso. La paradoja es que hay menos muertos, pero a nivel de empresa es mayor. La DZ Mafia liquid\u00f3 al otro grupo en 2024 y hoy est\u00e1 solo. Desarrolla su negocio y su propaganda como quiere. Y eso es muy inquietante. Estamos ante un cambio de paradigma. El problema es que provocar\u00e1 que mucha gente renuncie a sus ambiciones pol\u00edticas o de activismo\u201d, se\u00f1ala una fuente policial a EL PA\u00cdS.<\/p>\n<p class=\"\">El salto de calidad conduce directamente al concepto de mafia y a los m\u00e9todos utilizados en Italia durante a\u00f1os. Tambi\u00e9n en C\u00f3rcega y en los ochenta, en Marsella. El 21 de octubre de 1981, dos pistoleros a lomos de una moto de gran cilindrada cosieron a tiros al juez de instrucci\u00f3n <a href=\"https:\/\/elpais.com\/diario\/1981\/10\/22\/internacional\/372553214_850215.html\" rel=\"nofollow noopener\" title=\"https:\/\/elpais.com\/diario\/1981\/10\/22\/internacional\/372553214_850215.html\" target=\"_blank\">Pierre Michel <\/a>en un bulevar de la ciudad francesa. El magistrado, conocido como el Eliot Ness franc\u00e9s, manten\u00eda una obstinada cruzada contra la mafia del narcotr\u00e1fico en Marsella y, en particular, contra uno de los grandes capos del negocio, Ga\u00ebtan Tany Zampa, de origen italiano. <\/p>\n<p class=\"\">Eran los tiempos en los que Marsella era el laboratorio de la hero\u00edna que se distribu\u00eda en EE UU, una suerte de hub internacional conocido como <a href=\"https:\/\/elpais.com\/diario\/2000\/09\/28\/ultima\/970092001_850215.html\" target=\"_self\" rel=\"nofollow noopener\" title=\"https:\/\/elpais.com\/diario\/2000\/09\/28\/ultima\/970092001_850215.html\">la French Connection<\/a> (igual que la pel\u00edcula de William Friedkin protagonizada por <a href=\"https:\/\/elpais.com\/cultura\/2025-02-27\/gene-hackman-y-su-esposa-encontrados-muertos-en-su-casa.html\" rel=\"nofollow noopener\" title=\"https:\/\/elpais.com\/cultura\/2025-02-27\/gene-hackman-y-su-esposa-encontrados-muertos-en-su-casa.html\" target=\"_blank\">Gene Hackman<\/a>). El puerto, la situaci\u00f3n central en el Mediterr\u00e1neo y una configuraci\u00f3n urban\u00edstica y social siempre fueron un im\u00e1n para la delincuencia. El problema es que, desde entonces, la situaci\u00f3n solo ha empeorado. Tambi\u00e9n a causa de la pobreza y del envejecimiento del entramado de la ciudad construido para alojar a los ciudadanos procedentes de Argelia.<\/p>\n","protected":false},"excerpt":{"rendered":"El jueves 13 de noviembre, poco despu\u00e9s de las 14.30, Mehdi Kessaci aparc\u00f3 su coche en el centro&hellip;\n","protected":false},"author":2,"featured_media":243028,"comment_status":"","ping_status":"","sticky":false,"template":"","format":"standard","meta":{"footnotes":""},"categories":[42],"tags":[17,18,27522,794,730,13,14,11,61,62,63,64,19,20,18259,6521,7337,9,10,15,16,586,952,12,21,22,65,66,67],"class_list":{"0":"post-243027","1":"post","2":"type-post","3":"status-publish","4":"format-standard","5":"has-post-thumbnail","7":"category-internacional","8":"tag-breaking-news","9":"tag-breakingnews","10":"tag-crimen-organizado","11":"tag-drogas","12":"tag-emmanuel-macron","13":"tag-featured-news","14":"tag-featurednews","15":"tag-headlines","16":"tag-internacional","17":"tag-international","18":"tag-international-news","19":"tag-internationalnews","20":"tag-latest-news","21":"tag-latestnews","22":"tag-mafia","23":"tag-marsella","24":"tag-narcotrafico","25":"tag-news","26":"tag-noticias","27":"tag-noticias-destacadas","28":"tag-noticiasdestacadas","29":"tag-policia","30":"tag-politica","31":"tag-titulares","32":"tag-ultimas-noticias","33":"tag-ultimasnoticias","34":"tag-world","35":"tag-world-news","36":"tag-worldnews"},"share_on_mastodon":{"url":"https:\/\/pubeurope.com\/@es\/115571626501788421","error":""},"_links":{"self":[{"href":"https:\/\/www.europesays.com\/es\/wp-json\/wp\/v2\/posts\/243027","targetHints":{"allow":["GET"]}}],"collection":[{"href":"https:\/\/www.europesays.com\/es\/wp-json\/wp\/v2\/posts"}],"about":[{"href":"https:\/\/www.europesays.com\/es\/wp-json\/wp\/v2\/types\/post"}],"author":[{"embeddable":true,"href":"https:\/\/www.europesays.com\/es\/wp-json\/wp\/v2\/users\/2"}],"replies":[{"embeddable":true,"href":"https:\/\/www.europesays.com\/es\/wp-json\/wp\/v2\/comments?post=243027"}],"version-history":[{"count":0,"href":"https:\/\/www.europesays.com\/es\/wp-json\/wp\/v2\/posts\/243027\/revisions"}],"wp:featuredmedia":[{"embeddable":true,"href":"https:\/\/www.europesays.com\/es\/wp-json\/wp\/v2\/media\/243028"}],"wp:attachment":[{"href":"https:\/\/www.europesays.com\/es\/wp-json\/wp\/v2\/media?parent=243027"}],"wp:term":[{"taxonomy":"category","embeddable":true,"href":"https:\/\/www.europesays.com\/es\/wp-json\/wp\/v2\/categories?post=243027"},{"taxonomy":"post_tag","embeddable":true,"href":"https:\/\/www.europesays.com\/es\/wp-json\/wp\/v2\/tags?post=243027"}],"curies":[{"name":"wp","href":"https:\/\/api.w.org\/{rel}","templated":true}]}}