{"id":243039,"date":"2025-11-18T16:35:09","date_gmt":"2025-11-18T16:35:09","guid":{"rendered":"https:\/\/www.europesays.com\/es\/243039\/"},"modified":"2025-11-18T16:35:09","modified_gmt":"2025-11-18T16:35:09","slug":"hace-cuatro-decadas-de-mis-reportajes-y-me-siguen-reconociendo","status":"publish","type":"post","link":"https:\/\/www.europesays.com\/es\/243039\/","title":{"rendered":"Hace cuatro d\u00e9cadas de mis reportajes y me siguen reconociendo"},"content":{"rendered":"<p><strong>C\u00e9sar Quijada Ruiz<\/strong> naci\u00f3 en Gij\u00f3n, en 1930. Aunque a\u00fan conserva un acento muy asturiano,<strong> vive en <a target=\"_blank\" href=\"https:\/\/www.elprogreso.es\/tags\/lugo\/\" rel=\"nofollow noopener\">Lugo<\/a> <\/strong>desde sus<strong> 7 a\u00f1os<\/strong> y a\u00fan a d\u00eda de hoy, a sus <strong>95 reci\u00e9n cumplidos<\/strong>, sigue siendo reconocido por muchos lucenses que guardan en su casa los <strong>retratos<\/strong>, las <strong>caritas\u00a0<\/strong>y los <strong>reportajes de boda o comuni\u00f3n <\/strong>que el conocido fot\u00f3grafo realiz\u00f3 para ellos. \u00abHace <strong>30 o 40 a\u00f1os<\/strong> de esos reportajes y me extra\u00f1a que me sigan reconociendo. Me dicen: t\u00fa eres <strong>C\u00e9sar<\/strong>, o t\u00fa\u00a0eres <strong>Juan Jos\u00e9<\/strong>, porque como yo estaba al frente del retrato en el estudio me confund\u00edan con \u00e9l. Yo cambi\u00e9, pero a pesar de eso me conocen\u00bb.<\/p>\n<p><strong>\u00abNac\u00ed en la fotograf\u00eda\u00bb<\/strong>, afirma Quijada. Y es que el talento le<strong> viene de familia<\/strong>; ten\u00eda tres t\u00edos fot\u00f3grafos, dos en Gij\u00f3n y uno en Oviedo. \u00c9l mismo cuenta que uno de ellos viv\u00eda en el bajo de su edificio, por lo que \u00e9l iba al estudio y all\u00ed \u00abmezclaba en una botella los productos que se usaban antes para revelar los negativos y me daban una<strong> propinilla<\/strong>\u00ab. Dice que en ese momento naci\u00f3 su afici\u00f3n por la fotograf\u00eda, que m\u00e1s tarde lo convertir\u00eda en uno de los mejores del gremio en Lugo, e incluso en <strong>corresponsal de Televisi\u00f3n Espa\u00f1ola<\/strong> en la ciudad durante un tiempo.<\/p>\n<p>\u00abLlegu\u00e9 aqu\u00ed con mis padres, <strong>en plena Guerra<\/strong>, con las manos en los bolsillos. Yo\u00a0 a la fotograf\u00eda la quer\u00eda y entr\u00e9 a trabajar en el<strong> estudio Juan Jos\u00e9<\/strong>\u00ab, explica Quijada. Cuenta que al principio le encantaba encerrase en el laboratorio experimentando con la luz roja e inventando m\u00e9todos\u00a0con la ampliadora. Poco despu\u00e9s, ya entr\u00f3 en el estudio a retratar y se convirti\u00f3 en el <strong>retratista\u00a0oficial<\/strong>.<\/p>\n<p>\u00abCuando yo empec\u00e9 la fotograf\u00eda estaba en su auge porque faltaban muchas cosas que hoy sobran. Ten\u00edamos gente continuamente\u00bb. Adem\u00e1s, el retratista cuenta que en su estudio contaban con una <strong>ventaja<\/strong> sobre los dem\u00e1s: \u00abno us\u00e1bamos pel\u00edcula de 135 mm, sino celuloide de 6&#215;9, por lo que pod\u00edamos hacer dos fotos juntas y adem\u00e1s las <strong>retoc\u00e1bamos<\/strong> suavizando ojeras, comisuras, granos&#8230;\u00bb Los retoques, seg\u00fan <strong>Quijada<\/strong>, se hac\u00edan, como no pod\u00eda ser de otra manera, manualmente, con un lapicero de punta fina. \u00abCon la luz por detr\u00e1s la traspas\u00e1bamos al negativo y luego en \u00e9l trabaj\u00e1bamos en los retoques, sin exagerar,<strong> no hac\u00edamos el photoshop de ahora<\/strong>\u00ab.<\/p>\n<p>Todas estas novedosas t\u00e9cnicas que trajo a Lugo, el fot\u00f3grafo las aprend\u00eda en diversas convenciones que se organizaban junto a otros profesionales del gremio <strong>conocidos internacionalmente<\/strong> en Almer\u00eda, Mallorca, Barcelona&#8230; All\u00ed <strong>Quijada<\/strong> aprend\u00eda los <strong>m\u00e9todos m\u00e1s vanguardistas<\/strong> en cuanto al manejo de la luz que proven\u00eda de los focos el\u00e9ctricos o de los\u00a0retoques en retratos, entre otros muchos.<\/p>\n<p>\u00abEn \u00e9poca electoral los pol\u00edticos ven\u00edan todos a tomar\u00a0la foto y hac\u00edamos infinidad de reportajes de boda, cuatro o cinco cada fin de semana. Tambi\u00e9n fotografi\u00e1bamos\u00a0grandes murales a paisajes, que se siguen viendo como decoraci\u00f3n en muchos locales Lugo\u00bb, recuerda <strong>Quijada<\/strong>.<\/p>\n<p>Adem\u00e1s, tantos a\u00f1os no est\u00e1n exentos de an\u00e9cdotas inolvidables, como la vez que un cliente<strong> sin un ojo <\/strong>le pidi\u00f3 al fot\u00f3grafo un retrato en el que tuviese los dos. \u00abEl hombre se carteaba con una mujer y <strong>no se conoc\u00edan en persona<\/strong>. Yo entr\u00e9 en el laboratorio y empec\u00e9 a trabajar con la ampliadora, luego impresion\u00e9 la cara del se\u00f1or tapando el hueco, despu\u00e9s impresion\u00e9 esa parte, tap\u00e9 todo el resto y dej\u00e9 solo abierto el sitio en donde iba colocar el ojo. <strong>Finalmente el ojo pas\u00f3 al otro lado<\/strong>, y la foto qued\u00f3 bien, pero no s\u00e9 como ser\u00eda el resultado cuando se conocieron, el se\u00f1or dir\u00eda que lo perdi\u00f3 ayer\u00bb, explica el profesional de la c\u00e1mara entre risas.<\/p>\n<blockquote class=\"instagram-media\" data-instgrm-captioned=\"\" data-instgrm-permalink=\"https:\/\/www.instagram.com\/reel\/DRMfDZTjeJr\/?utm_source=ig_embed&amp;utm_campaign=loading\" data-instgrm-version=\"14\" style=\" background:#FFF; border:0; border-radius:3px; box-shadow:0 0 1px 0 rgba(0,0,0,0.5),0 1px 10px 0 rgba(0,0,0,0.15); margin: 1px; max-width:540px; min-width:326px; padding:0; width:99.375%; width:-webkit-calc(100% - 2px); width:calc(100% - 2px);\">\n<\/blockquote>\n<p>Cabecitas<\/p>\n<p>Una de las ideas\u00a0del fot\u00f3grafo que m\u00e1s \u00e9xito tuvo siempre en la ciudad fueron\u00a0las<strong> cabecitas de ni\u00f1os.<\/strong> \u00abHice <strong>cientos <\/strong>de ellas, seguir\u00e1n estando en muchas casas\u00bb, afirma \u00e9l mismo.<\/p>\n<p>Consisten, seg\u00fan el propio<strong> Quijada<\/strong>, en un montaje que se compone de 5 o 6 fotos de ni\u00f1os de 2 o 3 a\u00f1os con<strong> diferentes expresiones<\/strong>, que son las cabecitas. \u00abYo les hac\u00eda re\u00edr, tirarse de la oreja, y m\u00e1s cosas, y al final lo peor era hacerlos llorar. Al final aprend\u00ed que me funcionaba decirles a los padres que salieran y as\u00ed ya no era\u00a0culpa m\u00eda, ya no ten\u00eda que re\u00f1irles para que lloraran.<strong> Me volv\u00eda ni\u00f1o con ellos<\/strong>\u00ab, recuerda, nost\u00e1lgico, el retratista.\u00a0<\/p>\n<p>Fotos m\u00e1s modernas<\/p>\n<p>\u00abAntes todo era manual y hoy es todo autom\u00e1tico. Hoy se suelen hacer fotos sin fot\u00f3grafo, y aunque hay buenas fotos digitales, nosotros goz\u00e1bamos haci\u00e9ndolas\u00bb. C\u00e9sar Quijada narra todos los cambios que tuvieron lugar en su \u00e1mbito profesional. A\u00fan as\u00ed, el retratista nunca ha parado de actualizarse y actualmente<strong> publica\u00a0sus fotos en Facebook<\/strong>, utilizando la c\u00e1mara de su m\u00f3vil pero \u00aben modo manual, yo ajusto la luz y dem\u00e1s par\u00e1metros\u00bb, apunta.<\/p>\n<p>\u00abAntes hac\u00edamos fotos y ten\u00edamos que cuidar el campo de enfoque, la luz, el diafragma (la luz que entraba al objetivo), la velocidad&#8230;\u00a0Hoy todos esos ajustes ya los tienes hechos\u00bb, afirma el fot\u00f3grafo. Recuerda tambi\u00e9n que antiguamente hab\u00eda que ser cuidadosos, ya que<strong> <\/strong>el <strong>material <\/strong>era <strong>caro y escaso<\/strong>. \u00abHac\u00edas un reportaje de boda pero hab\u00eda que esperar dos d\u00edas para saber si hab\u00eda salido bien. Hoy haces la foto, ves que no vale y haces otra. En esa incertidumbre, ah\u00ed estaba\u00a0el<strong> gusto de ser fot\u00f3grafo<\/strong>, porque luego lo disfrutabas, cuando s\u00ed sal\u00eda\u00bb, concluye <strong>Quijada<\/strong>.<\/p>\n<p>                        <script async src=\"\/\/www.instagram.com\/embed.js\"><\/script><\/p>\n","protected":false},"excerpt":{"rendered":"C\u00e9sar Quijada Ruiz naci\u00f3 en Gij\u00f3n, en 1930. Aunque a\u00fan conserva un acento muy asturiano, vive en Lugo&hellip;\n","protected":false},"author":2,"featured_media":243040,"comment_status":"","ping_status":"","sticky":false,"template":"","format":"standard","meta":{"footnotes":""},"categories":[173],"tags":[229,233,231,230,5233,62381,232,234,146,147,25,24,244,7318,49656,23],"class_list":{"0":"post-243039","1":"post","2":"type-post","3":"status-publish","4":"format-standard","5":"has-post-thumbnail","7":"category-arte-y-diseno","8":"tag-arte","9":"tag-arte-y-diseno","10":"tag-arts","11":"tag-arts-and-design","12":"tag-audiencias-um","13":"tag-cesar-quijada","14":"tag-design","15":"tag-diseno","16":"tag-entertainment","17":"tag-entretenimiento","18":"tag-es","19":"tag-espana","20":"tag-fotografia","21":"tag-lugo","22":"tag-oficios","23":"tag-spain"},"share_on_mastodon":{"url":"https:\/\/pubeurope.com\/@es\/115571675853130509","error":""},"_links":{"self":[{"href":"https:\/\/www.europesays.com\/es\/wp-json\/wp\/v2\/posts\/243039","targetHints":{"allow":["GET"]}}],"collection":[{"href":"https:\/\/www.europesays.com\/es\/wp-json\/wp\/v2\/posts"}],"about":[{"href":"https:\/\/www.europesays.com\/es\/wp-json\/wp\/v2\/types\/post"}],"author":[{"embeddable":true,"href":"https:\/\/www.europesays.com\/es\/wp-json\/wp\/v2\/users\/2"}],"replies":[{"embeddable":true,"href":"https:\/\/www.europesays.com\/es\/wp-json\/wp\/v2\/comments?post=243039"}],"version-history":[{"count":0,"href":"https:\/\/www.europesays.com\/es\/wp-json\/wp\/v2\/posts\/243039\/revisions"}],"wp:featuredmedia":[{"embeddable":true,"href":"https:\/\/www.europesays.com\/es\/wp-json\/wp\/v2\/media\/243040"}],"wp:attachment":[{"href":"https:\/\/www.europesays.com\/es\/wp-json\/wp\/v2\/media?parent=243039"}],"wp:term":[{"taxonomy":"category","embeddable":true,"href":"https:\/\/www.europesays.com\/es\/wp-json\/wp\/v2\/categories?post=243039"},{"taxonomy":"post_tag","embeddable":true,"href":"https:\/\/www.europesays.com\/es\/wp-json\/wp\/v2\/tags?post=243039"}],"curies":[{"name":"wp","href":"https:\/\/api.w.org\/{rel}","templated":true}]}}