{"id":243057,"date":"2025-11-18T16:47:41","date_gmt":"2025-11-18T16:47:41","guid":{"rendered":"https:\/\/www.europesays.com\/es\/243057\/"},"modified":"2025-11-18T16:47:41","modified_gmt":"2025-11-18T16:47:41","slug":"informe-sobre-las-previsiones-macroeconomicas-del-proyecto-de-presupuestos-generales-del-estado-para-2026","status":"publish","type":"post","link":"https:\/\/www.europesays.com\/es\/243057\/","title":{"rendered":"Informe sobre las previsiones macroecon\u00f3micas del proyecto de Presupuestos Generales del Estado para 2026"},"content":{"rendered":"<p><strong>La <\/strong><strong>Autoridad Independiente de Responsabilidad Fiscal (AIReF), aval\u00f3 hoy las previsiones macroecon\u00f3micas del proyecto de Presupuestos Generales del Estado para 2026, que estiman un incremento del PIB real del 2,9% en 2025 y del 2,2% en 2026, cifras que <\/strong><strong>se encuentran en el rango m\u00e1s probable de los intervalos de confianza en torno a las <\/strong><a href=\"https:\/\/www.airef.es\/es\/centro-documental\/informes\/informe-sobre-los-proyectos-y-lineas-fundamentales-de-los-presupuestos-de-las-administraciones-publicas-para-2026\/\" rel=\"nofollow noopener\" target=\"_blank\"><strong>previsiones de la AIReF<\/strong><\/a><strong> publicadas el pasado 29 de octubre.<\/strong><\/p>\n<p>De acuerdo con el art\u00edculo 14 de la Ley Org\u00e1nica 6\/2013, de 14 de noviembre, de creaci\u00f3n de la AIReF, las Administraciones P\u00fablicas deben solicitar a esta instituci\u00f3n la emisi\u00f3n de un informe sobre las previsiones macroecon\u00f3micas que se incorporen en los proyectos de presupuestos o en el Plan Fiscal Estructural de medio plazo (PFEMP), en el que se indicar\u00e1 si dichas previsiones son avaladas. La AIReF recibi\u00f3 el pasado 13 de noviembre la solicitud oficial para la emisi\u00f3n del informe sobre las previsiones macroecon\u00f3micas hasta 2026, que se incorporar\u00e1n a los PGE-2026.<\/p>\n","protected":false},"excerpt":{"rendered":"La Autoridad Independiente de Responsabilidad Fiscal (AIReF), aval\u00f3 hoy las previsiones macroecon\u00f3micas del proyecto de Presupuestos Generales del&hellip;\n","protected":false},"author":2,"featured_media":243058,"comment_status":"","ping_status":"","sticky":false,"template":"","format":"standard","meta":{"footnotes":""},"categories":[5],"tags":[32325,31479,17,18,25,24,13,14,11,8803,19,20,9,10,15,16,4111,6917,23,12,21,22],"class_list":{"0":"post-243057","1":"post","2":"type-post","3":"status-publish","4":"format-standard","5":"has-post-thumbnail","7":"category-titulares","8":"tag-airef","9":"tag-aval","10":"tag-breaking-news","11":"tag-breakingnews","12":"tag-es","13":"tag-espana","14":"tag-featured-news","15":"tag-featurednews","16":"tag-headlines","17":"tag-informe","18":"tag-latest-news","19":"tag-latestnews","20":"tag-news","21":"tag-noticias","22":"tag-noticias-destacadas","23":"tag-noticiasdestacadas","24":"tag-presupuestos","25":"tag-previsiones","26":"tag-spain","27":"tag-titulares","28":"tag-ultimas-noticias","29":"tag-ultimasnoticias"},"share_on_mastodon":{"url":"https:\/\/pubeurope.com\/@es\/115571722992991853","error":""},"_links":{"self":[{"href":"https:\/\/www.europesays.com\/es\/wp-json\/wp\/v2\/posts\/243057","targetHints":{"allow":["GET"]}}],"collection":[{"href":"https:\/\/www.europesays.com\/es\/wp-json\/wp\/v2\/posts"}],"about":[{"href":"https:\/\/www.europesays.com\/es\/wp-json\/wp\/v2\/types\/post"}],"author":[{"embeddable":true,"href":"https:\/\/www.europesays.com\/es\/wp-json\/wp\/v2\/users\/2"}],"replies":[{"embeddable":true,"href":"https:\/\/www.europesays.com\/es\/wp-json\/wp\/v2\/comments?post=243057"}],"version-history":[{"count":0,"href":"https:\/\/www.europesays.com\/es\/wp-json\/wp\/v2\/posts\/243057\/revisions"}],"wp:featuredmedia":[{"embeddable":true,"href":"https:\/\/www.europesays.com\/es\/wp-json\/wp\/v2\/media\/243058"}],"wp:attachment":[{"href":"https:\/\/www.europesays.com\/es\/wp-json\/wp\/v2\/media?parent=243057"}],"wp:term":[{"taxonomy":"category","embeddable":true,"href":"https:\/\/www.europesays.com\/es\/wp-json\/wp\/v2\/categories?post=243057"},{"taxonomy":"post_tag","embeddable":true,"href":"https:\/\/www.europesays.com\/es\/wp-json\/wp\/v2\/tags?post=243057"}],"curies":[{"name":"wp","href":"https:\/\/api.w.org\/{rel}","templated":true}]}}