{"id":243059,"date":"2025-11-18T16:51:11","date_gmt":"2025-11-18T16:51:11","guid":{"rendered":"https:\/\/www.europesays.com\/es\/243059\/"},"modified":"2025-11-18T16:51:11","modified_gmt":"2025-11-18T16:51:11","slug":"ba-mostro-su-propuesta-2026-con-un-exclusivo-evento-de-golf-en-san-pablo-country","status":"publish","type":"post","link":"https:\/\/www.europesays.com\/es\/243059\/","title":{"rendered":"BA mostr\u00f3 su propuesta 2026 con un exclusivo evento de golf en San Pablo Country"},"content":{"rendered":"<p>        BA mostr\u00f3 su propuesta 2026 con un exclusivo evento de golf en San Pablo Country &#8211; LA GACETA Tucum\u00e1n<\/p>\n<p>                <a name=\"inicio\"\/><\/p>\n<p>                    Una tarde de golf y arquitectura en San Pablo Country, donde BA Arquitectos &amp; Desarrolladores present\u00f3 cinco casas espectaculares que formar\u00e1n parte de su portfolio 2026.<br \/>\nEl evento, organizado por Nicol\u00e1s Loretto y su Team, incluy\u00f3 la primera edici\u00f3n del Torneo BA con la entrega del tradicional saco verde y la participaci\u00f3n de vecinos, clientes y golfistas.<br \/>\nUn cierre de a\u00f1o que reafirma el crecimiento del estudio dentro del country y anticipa una nueva etapa de proyectos y expansi\u00f3n.<\/p>\n","protected":false},"excerpt":{"rendered":"BA mostr\u00f3 su propuesta 2026 con un exclusivo evento de golf en San Pablo Country &#8211; LA GACETA&hellip;\n","protected":false},"author":2,"featured_media":243060,"comment_status":"","ping_status":"","sticky":false,"template":"","format":"standard","meta":{"footnotes":""},"categories":[275],"tags":[168,25,24,1016,329,62383,23,167],"class_list":{"0":"post-243059","1":"post","2":"type-post","3":"status-publish","4":"format-standard","5":"has-post-thumbnail","7":"category-golf","8":"tag-deportes","9":"tag-es","10":"tag-espana","11":"tag-fotos","12":"tag-golf","13":"tag-la-gaceta-tucuman","14":"tag-spain","15":"tag-sports"},"share_on_mastodon":{"url":"https:\/\/pubeurope.com\/@es\/115571738959757139","error":""},"_links":{"self":[{"href":"https:\/\/www.europesays.com\/es\/wp-json\/wp\/v2\/posts\/243059","targetHints":{"allow":["GET"]}}],"collection":[{"href":"https:\/\/www.europesays.com\/es\/wp-json\/wp\/v2\/posts"}],"about":[{"href":"https:\/\/www.europesays.com\/es\/wp-json\/wp\/v2\/types\/post"}],"author":[{"embeddable":true,"href":"https:\/\/www.europesays.com\/es\/wp-json\/wp\/v2\/users\/2"}],"replies":[{"embeddable":true,"href":"https:\/\/www.europesays.com\/es\/wp-json\/wp\/v2\/comments?post=243059"}],"version-history":[{"count":0,"href":"https:\/\/www.europesays.com\/es\/wp-json\/wp\/v2\/posts\/243059\/revisions"}],"wp:featuredmedia":[{"embeddable":true,"href":"https:\/\/www.europesays.com\/es\/wp-json\/wp\/v2\/media\/243060"}],"wp:attachment":[{"href":"https:\/\/www.europesays.com\/es\/wp-json\/wp\/v2\/media?parent=243059"}],"wp:term":[{"taxonomy":"category","embeddable":true,"href":"https:\/\/www.europesays.com\/es\/wp-json\/wp\/v2\/categories?post=243059"},{"taxonomy":"post_tag","embeddable":true,"href":"https:\/\/www.europesays.com\/es\/wp-json\/wp\/v2\/tags?post=243059"}],"curies":[{"name":"wp","href":"https:\/\/api.w.org\/{rel}","templated":true}]}}