{"id":243061,"date":"2025-11-18T16:52:09","date_gmt":"2025-11-18T16:52:09","guid":{"rendered":"https:\/\/www.europesays.com\/es\/243061\/"},"modified":"2025-11-18T16:52:09","modified_gmt":"2025-11-18T16:52:09","slug":"ya-se-sabe-cuales-seran-los-primeros-partidos-oficiales-del-2026-punto-de-break","status":"publish","type":"post","link":"https:\/\/www.europesays.com\/es\/243061\/","title":{"rendered":"Ya se sabe cu\u00e1les ser\u00e1n los primeros partidos oficiales del 2026 &#8211; Punto de Break"},"content":{"rendered":"<ol>\n<li><a href=\"https:\/\/news.google.com\/rss\/articles\/CBMihAFBVV95cUxPWjl1YW83N3NhbFpYb2hha0IzWGFXTlltaExNV3BRM1VobzhhV05JTUxEall6N3NZM3pYQzZDZ0NUU1VYbG9mZjBQbDRBWTh5WFZISWw0ZmthOFg2STFTclJIVFgwa1JkOURJc2lnLVNHcWJkWS1DX2R4SlpfNmpCZmhLenA?oc=5\" target=\"_blank\" rel=\"nofollow noopener\">Ya se sabe cu\u00e1les ser\u00e1n los primeros partidos oficiales del 2026<\/a>&nbsp;&nbsp;Punto de Break<\/li>\n<li><a href=\"https:\/\/news.google.com\/rss\/articles\/CBMirwFBVV95cUxOV1V4ZFhRSEZ2d0o2R0FobkhYczJhSWVncXlvN3htYV85SlpTdjhVUnJrU1RYYkdnYjE3cW9sUUEyLUtZcU9LQkNxZ3dkSDR4NVN1ME9vdDJSLUpYR181OW80M0ctZ1ZlTWQwMEZkRGdwQlREWUMzUHhoYkxlLVQwUE1sdko4b202V3p4d3Rxd2ZFN3dVbmVjZ2lOSE4xaFBrTmxVTWI3V2l5OVpZZEE00gG8AUFVX3lxTFB0UHZkdWFmUFJXOXN4cU9WZlluVGpLTnV5eTdvYjNDS1kycEE2dk14blRyTU9sdVlRc0p6c0lKV0xjbnF4TlR1eFBSU3FiWU1WeUNjQkNVLU43TEs1SWJEcGZ6MXVUcDVEcnBtcW9MMTNPUVdkYXF3dURoQkFQV0pNa0ZHN1JfYzJpbEIwUTFETHFQZkZSTmRSYk1ObUdMcEhTSEtjUjNPZkR4RkdNb0RQN0lPUlFEWkpDV3NP?oc=5\" target=\"_blank\" rel=\"nofollow noopener\">Fritz, Gauff&#8230; Espa\u00f1a ya conoce su duro camino en la United Cup<\/a>&nbsp;&nbsp;Mundo Deportivo<\/li>\n<li><a href=\"https:\/\/news.google.com\/rss\/articles\/CBMizgFBVV95cUxPOXJ4SXZ2TUJiRmRZX1F3WGlWd29KcUl2Zi1yS19vdWVPbXp5Q3BrRV9FSkhMNkJYOXFSZnlQbFFTRkJEMG1sZkM4TDBJSFVJc2pheTFONzhZY0RrRlJ4MnJpX181UWtaWEV1V3l4TmhwdXI4c2g0QVFybTlOVWExaVBfQ1Z5R19uWlY1VWdNQ3h3VDJ3WmtVTUlKODRlNUJCazNNOXdFd3BqQkphdGtreWwyYkpnNGlSTXdOQldram9BVGZXd3lhLU5KdURQZw?oc=5\" target=\"_blank\" rel=\"nofollow noopener\">Tras el sorteo, el complicado grupo de Argentina para la United Cup 2026<\/a>&nbsp;&nbsp;ESPN Deportes<\/li>\n<li><a href=\"https:\/\/news.google.com\/rss\/articles\/CBMikwFBVV95cUxNTHdEMVlNNUJvNTFIdENjYVNNd2VkczNIN25KZ092djhQekV1NGJOOGpmUnd3RDVXLXVxLUI2bUlDaEx5RWlmVG83N2txNVNpQXhPQ1YyWVB0MjJDM1lydjB3UExidVZaUnVxcWNpZm9XYkJGbFJEenZnUkI3U19TM1pDMUhOVFoySHVKa0s2cE9hNDA?oc=5\" target=\"_blank\" rel=\"nofollow noopener\">Coco Gauff y Taylor Fritz defender\u00e1n el t\u00edtulo de la Copa United<\/a>&nbsp;&nbsp;Deadspin<\/li>\n<li><a href=\"https:\/\/news.google.com\/rss\/articles\/CBMiowFBVV95cUxPS20xRVhVTzMwc2lXR1VuaDFNcG5CclJoOF9RcVVyTUtiWUtWdFpmTjFvZG5PSjJXWkhoclNEeTAtNC0xSllCMFh0emFfT1gyUExzQklYc0V0Ykt0UzZrRWdNbHZrS3JyaXN3QzA5clJZU2ticXFwd0VvZFVCRTVRZlFHVE5HSkFMN0dDdlVBM3FKNFF4OXdDRVhRZ3JMZk1KTE5R?oc=5\" target=\"_blank\" rel=\"nofollow noopener\">La United Cup, primer reto de 2026 para J\u00e9ssica Bouzas<\/a>&nbsp;&nbsp;pontevedraviva<\/li>\n<\/ol>\n","protected":false},"excerpt":{"rendered":"Ya se sabe cu\u00e1les ser\u00e1n los primeros partidos oficiales del 2026&nbsp;&nbsp;Punto de Break Fritz, Gauff&#8230; Espa\u00f1a ya conoce&hellip;\n","protected":false},"author":2,"featured_media":243062,"comment_status":"","ping_status":"","sticky":false,"template":"","format":"standard","meta":{"footnotes":""},"categories":[274],"tags":[168,25,24,23,167,327,326],"class_list":{"0":"post-243061","1":"post","2":"type-post","3":"status-publish","4":"format-standard","5":"has-post-thumbnail","7":"category-tenis","8":"tag-deportes","9":"tag-es","10":"tag-espana","11":"tag-spain","12":"tag-sports","13":"tag-tenis","14":"tag-tennis"},"share_on_mastodon":{"url":"https:\/\/pubeurope.com\/@es\/115571742889979580","error":""},"_links":{"self":[{"href":"https:\/\/www.europesays.com\/es\/wp-json\/wp\/v2\/posts\/243061","targetHints":{"allow":["GET"]}}],"collection":[{"href":"https:\/\/www.europesays.com\/es\/wp-json\/wp\/v2\/posts"}],"about":[{"href":"https:\/\/www.europesays.com\/es\/wp-json\/wp\/v2\/types\/post"}],"author":[{"embeddable":true,"href":"https:\/\/www.europesays.com\/es\/wp-json\/wp\/v2\/users\/2"}],"replies":[{"embeddable":true,"href":"https:\/\/www.europesays.com\/es\/wp-json\/wp\/v2\/comments?post=243061"}],"version-history":[{"count":0,"href":"https:\/\/www.europesays.com\/es\/wp-json\/wp\/v2\/posts\/243061\/revisions"}],"wp:featuredmedia":[{"embeddable":true,"href":"https:\/\/www.europesays.com\/es\/wp-json\/wp\/v2\/media\/243062"}],"wp:attachment":[{"href":"https:\/\/www.europesays.com\/es\/wp-json\/wp\/v2\/media?parent=243061"}],"wp:term":[{"taxonomy":"category","embeddable":true,"href":"https:\/\/www.europesays.com\/es\/wp-json\/wp\/v2\/categories?post=243061"},{"taxonomy":"post_tag","embeddable":true,"href":"https:\/\/www.europesays.com\/es\/wp-json\/wp\/v2\/tags?post=243061"}],"curies":[{"name":"wp","href":"https:\/\/api.w.org\/{rel}","templated":true}]}}