{"id":243078,"date":"2025-11-18T17:02:08","date_gmt":"2025-11-18T17:02:08","guid":{"rendered":"https:\/\/www.europesays.com\/es\/243078\/"},"modified":"2025-11-18T17:02:08","modified_gmt":"2025-11-18T17:02:08","slug":"proyecto-fin-del-mundo-lo-nuevo-de-ryan-gosling-presenta-un-viaje-interestelar-para-salvar-al-mundo","status":"publish","type":"post","link":"https:\/\/www.europesays.com\/es\/243078\/","title":{"rendered":"Proyecto Fin del Mundo: Lo nuevo de Ryan Gosling presenta un viaje interestelar para salvar al mundo"},"content":{"rendered":"<p class=\"article-body__paragraph\">Sony Pictures y Amazon MGM lanzaron el tr\u00e1iler oficial de<b> <\/b><b>Proyecto Fin del Mundo<\/b>, una de las pel\u00edculas de ciencia ficci\u00f3n m\u00e1s esperadas de los pr\u00f3ximos meses.<\/p>\n<p class=\"article-body__paragraph\">Protagonizada por <b>Ryan Gosling<\/b>, y con Sandra H\u00fcller y Lionel Boyce en roles clave, la producci\u00f3n es una adaptaci\u00f3n de una novela de Andy Weir, conocido por haber escrito \u201cThe Martian\u201d.<\/p>\n<p class=\"article-body__paragraph\">El nuevo avance oficial anticipa una historia marcada por una misi\u00f3n extrema y una inesperada alianza interestelar.<\/p>\n<p class=\"article-body__paragraph\">La trama sigue al astronauta Ryland Grace, quien en el pasado era un profesor de ciencias y s\u00fabitamente despierta en una nave sin recuerdos de su identidad.<\/p>\n<p class=\"article-body__paragraph\">Poco a poco descubre que es el \u00fanico sobreviviente de un viaje al sistema Tau Ceti.<\/p>\n<p class=\"article-body__paragraph\">M\u00e1s a\u00fan, su misi\u00f3n busca frenar una cat\u00e1strofe que amenaza la continuidad de la vida en la Tierra.<\/p>\n<p class=\"article-body__paragraph\">En ese escenario, el tr\u00e1iler destaca la mezcla de ingenio cient\u00edfico, tensi\u00f3n espacial y emotividad.<\/p>\n<p class=\"article-body__paragraph\">Vean el tr\u00e1iler a continuaci\u00f3n.<\/p>\n<p class=\"article-body__paragraph\">La pel\u00edcula es dirigida por Phil Lord y Christopher Miller, la reconocida dupla detr\u00e1s de pel\u00edculas como Lluvia de Hamburguesas o los remakes de 21 Jump Street.<\/p>\n<p class=\"article-body__paragraph\">Proyecto Fin del Mundo llegar\u00e1 exclusivamente a los cines el 19 de marzo de 2026.<\/p>\n","protected":false},"excerpt":{"rendered":"Sony Pictures y Amazon MGM lanzaron el tr\u00e1iler oficial de Proyecto Fin del Mundo, una de las pel\u00edculas&hellip;\n","protected":false},"author":2,"featured_media":243079,"comment_status":"","ping_status":"","sticky":false,"template":"","format":"standard","meta":{"footnotes":""},"categories":[169],"tags":[177,146,147,25,24,176,175,62387,23,1017],"class_list":{"0":"post-243078","1":"post","2":"type-post","3":"status-publish","4":"format-standard","5":"has-post-thumbnail","7":"category-cine","8":"tag-cine","9":"tag-entertainment","10":"tag-entretenimiento","11":"tag-es","12":"tag-espana","13":"tag-film","14":"tag-movies","15":"tag-proyecto-fin-del-mundo","16":"tag-spain","17":"tag-trailers"},"share_on_mastodon":{"url":"https:\/\/pubeurope.com\/@es\/115571782141704776","error":""},"_links":{"self":[{"href":"https:\/\/www.europesays.com\/es\/wp-json\/wp\/v2\/posts\/243078","targetHints":{"allow":["GET"]}}],"collection":[{"href":"https:\/\/www.europesays.com\/es\/wp-json\/wp\/v2\/posts"}],"about":[{"href":"https:\/\/www.europesays.com\/es\/wp-json\/wp\/v2\/types\/post"}],"author":[{"embeddable":true,"href":"https:\/\/www.europesays.com\/es\/wp-json\/wp\/v2\/users\/2"}],"replies":[{"embeddable":true,"href":"https:\/\/www.europesays.com\/es\/wp-json\/wp\/v2\/comments?post=243078"}],"version-history":[{"count":0,"href":"https:\/\/www.europesays.com\/es\/wp-json\/wp\/v2\/posts\/243078\/revisions"}],"wp:featuredmedia":[{"embeddable":true,"href":"https:\/\/www.europesays.com\/es\/wp-json\/wp\/v2\/media\/243079"}],"wp:attachment":[{"href":"https:\/\/www.europesays.com\/es\/wp-json\/wp\/v2\/media?parent=243078"}],"wp:term":[{"taxonomy":"category","embeddable":true,"href":"https:\/\/www.europesays.com\/es\/wp-json\/wp\/v2\/categories?post=243078"},{"taxonomy":"post_tag","embeddable":true,"href":"https:\/\/www.europesays.com\/es\/wp-json\/wp\/v2\/tags?post=243078"}],"curies":[{"name":"wp","href":"https:\/\/api.w.org\/{rel}","templated":true}]}}