{"id":243088,"date":"2025-11-18T17:08:09","date_gmt":"2025-11-18T17:08:09","guid":{"rendered":"https:\/\/www.europesays.com\/es\/243088\/"},"modified":"2025-11-18T17:08:09","modified_gmt":"2025-11-18T17:08:09","slug":"el-principe-heredero-saudi-visita-ee-uu-por-primera-vez-tras-el-asesinato-de-khashoggi","status":"publish","type":"post","link":"https:\/\/www.europesays.com\/es\/243088\/","title":{"rendered":"El pr\u00edncipe heredero saud\u00ed visita EE.UU por primera vez tras el asesinato de Khashoggi"},"content":{"rendered":"<p>El presidente de los Estados Unidos, Donald <strong>Trump<\/strong>, ha recibido este martes en la Casa Blanca al pr\u00edncipe heredero de Arabia Saud\u00ed <strong>Mohammed bin Salman<\/strong>, por <strong>primera vez <\/strong>desde el <strong>asesinato del cr\u00edtico saud\u00ed Jamal Khashoggi<\/strong> en 2018, del que <strong>la CIA<\/strong> lleg\u00f3 entonces a <strong>responsabilizarle<\/strong>. Entre los asuntos a tratar se prev\u00e9 que Trump le persuada para que se sume a los <strong>Acuerdos de Abraham <\/strong>para normalizar las relaciones con Israel.<\/p>\n<p>El republicano ha dado la bienvenida al hombre fuerte del reino petrolero con los <strong>honores reservados para las visitas de Estado<\/strong>, aunque esta cita no ha sido catalogada como tal por no ser el pr\u00edncipe el jefe de Estado de Arabia Saud\u00ed. Seguidamente mantendr\u00e1n una <strong>reuni\u00f3n privada <\/strong>y la visita culminar\u00e1 con una <strong>cena de gala<\/strong>.<\/p>\n<p>Ambos l\u00edderes se re\u00fanen apenas <strong>seis meses despu\u00e9s<\/strong> del viaje de Trump a Riad, una visita en la que anunciaron <strong>acuerdos de cooperaci\u00f3n <\/strong>armament\u00edstica y de<strong> inversiones<\/strong>. Bin Salm\u00e1n se aloja en la Casa Blair, la residencia oficial para l\u00edderes extranjeros situada frente a la Casa Blanca, seg\u00fan especifica la Agencia EFE. <\/p>\n<p>El caso Khashoggi<\/p>\n<p>Esta es la primera visita de Bin Salm\u00e1n a EE.UU. desde el asesinato en 2018 del periodista y disidente saud\u00ed Jamal<strong> Khashoggi<\/strong>, colaborador del Washington Post, que fue <strong>descuartizado<\/strong> en el consulado de su pa\u00eds en Estambul, adonde hab\u00eda acudido para obtener la documentaci\u00f3n necesaria para casarse con su prometida. <strong>La CIA<\/strong> determin\u00f3 entonces que el <strong>pr\u00edncipe<\/strong> hab\u00eda aprobado el asesinato por su omnipotencia sobre todos los aparatos de seguridad del reino, pero <strong>Bin Salman <\/strong>ha <strong>negado <\/strong>desde el principio su<strong> implicaci\u00f3n.<\/strong><\/p>\n<p><strong>Trump minimiz\u00f3 <\/strong>tras el crimen la <strong>responsabilidad <\/strong>de Arabia Saud\u00ed y prioriz\u00f3 la alianza con Riad, mientras que su sucesor, <strong>Joe Biden<\/strong>, prometi\u00f3 tratar a Bin Salm\u00e1n como un <strong>\u00abparia\u00bb<\/strong>, aunque <strong>cambi\u00f3 de postura<\/strong> y se reuni\u00f3 con el pr\u00edncipe en Arabia Saud\u00ed en 2023, empujando por los intereses de Washington en la regi\u00f3n, como el petr\u00f3leo.<\/p>\n<p>Los Acuerdos de Abraham<\/p>\n<p>Trump busca persuadir al pr\u00edncipe para que se sume a los <strong>Acuerdos de Abraham<\/strong>, impulsados durante el primer mandato del republicano para normalizar las relaciones entre Israel y varios pa\u00edses \u00e1rabes. La Administraci\u00f3n de Joe Biden (2021-2025) quiso continuar con el plan, pero se vio <strong>frustrado por los atentados de Ham\u00e1s <\/strong>del 7 de octubre de 2023 y la posterior ofensiva israel\u00ed sobre la Franja de Gaza.<\/p>\n<p>Arabia Saud\u00ed, cuya incorporaci\u00f3n a estos acuerdos supondr\u00eda una reestructuraci\u00f3n clave de las alianzas en la regi\u00f3n, ha reiterado hasta ahora que <strong>no establecer\u00e1 relaciones <\/strong>con Israel <strong>hasta que exista<\/strong> una v\u00eda cre\u00edble hacia la creaci\u00f3n de<strong> un Estado palestino.<\/strong> El Gobierno de Trump trata de convencer a Riad de que su plan para Gaza, aprobado este lunes en el Consejo de Seguridad de la ONU, y el actual alto el fuego en el enclave suponen un primer paso en esa direcci\u00f3n, aunque Israel ha dejado claro que nunca aceptar\u00e1 la creaci\u00f3n de un Estado palestino.<\/p>\n<p>El pr\u00edncipe y los cazas F-35<\/p>\n<p>Por su parte, Bin Salm\u00e1n llega a la reuni\u00f3n con la petici\u00f3n de <strong>que Trump autorice la venta a Arabia Saud\u00ed de los F-35<\/strong>, los aviones de combate furtivos m\u00e1s avanzados del mundo, que solo fabrica el pa\u00eds norteamericano. El presidente estadounidense se refiri\u00f3 el lunes a este tema: \u00abS\u00ed, dir\u00e9 que lo haremos, que venderemos F-35\u00bb.<\/p>\n<p>Sin embargo, Washington ha visto hasta ahora con recelo la venta de esos aviones al considerar que <strong>podr\u00eda alterar el equilibrio de fuerzas<\/strong> en Oriente Medio sin antes concretar una normalizaci\u00f3n entre Arabia Saud\u00ed e Israel. Y teme que la sofisticada tecnolog\u00eda de los F-35 pudiera acabar en manos de China, dada la buena relaci\u00f3n entre Riad y Pek\u00edn.<\/p>\n","protected":false},"excerpt":{"rendered":"El presidente de los Estados Unidos, Donald Trump, ha recibido este martes en la Casa Blanca al pr\u00edncipe&hellip;\n","protected":false},"author":2,"featured_media":243089,"comment_status":"","ping_status":"","sticky":false,"template":"","format":"standard","meta":{"footnotes":""},"categories":[42],"tags":[17,18,13,14,11,61,62,63,64,19,20,9,10,15,16,12,21,22,65,66,67],"class_list":{"0":"post-243088","1":"post","2":"type-post","3":"status-publish","4":"format-standard","5":"has-post-thumbnail","7":"category-internacional","8":"tag-breaking-news","9":"tag-breakingnews","10":"tag-featured-news","11":"tag-featurednews","12":"tag-headlines","13":"tag-internacional","14":"tag-international","15":"tag-international-news","16":"tag-internationalnews","17":"tag-latest-news","18":"tag-latestnews","19":"tag-news","20":"tag-noticias","21":"tag-noticias-destacadas","22":"tag-noticiasdestacadas","23":"tag-titulares","24":"tag-ultimas-noticias","25":"tag-ultimasnoticias","26":"tag-world","27":"tag-world-news","28":"tag-worldnews"},"share_on_mastodon":{"url":"https:\/\/pubeurope.com\/@es\/115571805771522787","error":""},"_links":{"self":[{"href":"https:\/\/www.europesays.com\/es\/wp-json\/wp\/v2\/posts\/243088","targetHints":{"allow":["GET"]}}],"collection":[{"href":"https:\/\/www.europesays.com\/es\/wp-json\/wp\/v2\/posts"}],"about":[{"href":"https:\/\/www.europesays.com\/es\/wp-json\/wp\/v2\/types\/post"}],"author":[{"embeddable":true,"href":"https:\/\/www.europesays.com\/es\/wp-json\/wp\/v2\/users\/2"}],"replies":[{"embeddable":true,"href":"https:\/\/www.europesays.com\/es\/wp-json\/wp\/v2\/comments?post=243088"}],"version-history":[{"count":0,"href":"https:\/\/www.europesays.com\/es\/wp-json\/wp\/v2\/posts\/243088\/revisions"}],"wp:featuredmedia":[{"embeddable":true,"href":"https:\/\/www.europesays.com\/es\/wp-json\/wp\/v2\/media\/243089"}],"wp:attachment":[{"href":"https:\/\/www.europesays.com\/es\/wp-json\/wp\/v2\/media?parent=243088"}],"wp:term":[{"taxonomy":"category","embeddable":true,"href":"https:\/\/www.europesays.com\/es\/wp-json\/wp\/v2\/categories?post=243088"},{"taxonomy":"post_tag","embeddable":true,"href":"https:\/\/www.europesays.com\/es\/wp-json\/wp\/v2\/tags?post=243088"}],"curies":[{"name":"wp","href":"https:\/\/api.w.org\/{rel}","templated":true}]}}