{"id":243102,"date":"2025-11-18T17:22:13","date_gmt":"2025-11-18T17:22:13","guid":{"rendered":"https:\/\/www.europesays.com\/es\/243102\/"},"modified":"2025-11-18T17:22:13","modified_gmt":"2025-11-18T17:22:13","slug":"javier-calvo-de-viaje-con-guitarricadelafuente-a-mexico-tras-romper-con-javier-ambrossi","status":"publish","type":"post","link":"https:\/\/www.europesays.com\/es\/243102\/","title":{"rendered":"Javier Calvo de viaje con Guitarricadelafuente a M\u00e9xico tras romper con Javier Ambrossi"},"content":{"rendered":"<p><a title=\"La ruptura de Los Javis ha pillado a todos por sorpresa\" href=\"https:\/\/www.larazon.es\/gente\/famosos\/javis-separan-15-anos-relacion_2025111169136cf785bb3560c18a2868.html\" target=\"_blank\" rel=\"nofollow noopener\">La ruptura de Los Javis ha pillado a todos por sorpresa<\/a>. Despu\u00e9s de 13 a\u00f1os formando equipo en lo profesional y en lo personal, la pareja ha decidido romper tan solo en lo amoroso. <a title=\"Javier Calvo y Javier Ambrossi\" href=\"https:\/\/www.larazon.es\/gente\/famosos\/javis-noticia-micropene-hitler-logra-distraernos-esta-ruptura_20251115691808f0eba8bc0ecefeda58.html\" target=\"_blank\" rel=\"nofollow noopener\">Javier Calvo y Javier Ambrossi<\/a> han demostrado una gran madurez a la hora de separar sus caminos y emprender una nueva vida, a\u00fan manteniendo lazos en sus proyectos cinematogr\u00e1ficos y televisivos que les han encumbrado a lo m\u00e1s alto. Forman el mejor t\u00e1ndem en lo laboral, aunque hayan dejado de funcionar en el amor. Lo han aceptado y sin mayores dramas y sin intenci\u00f3n de buscar culpables o entrar en conflictos han iniciado una nueva etapa vital. <\/p>\n<p>Contin\u00faan perfilando los detalles del que ser\u00e1 su pr\u00f3ximo gran \u00e9xito cinematogr\u00e1fico, \u2018La bola negra\u2019. En ella dirigen a grandes de la talla de Pen\u00e9lope Cruz, Glenn Close, Natalia de Molina, entre otros. Tambi\u00e9n nombres masculinos, como Miguel Bernardeau, Carlos Gonz\u00e1lez y, por supuesto, <a title=\"Guitarricadelafuente\" href=\"https:\/\/www.larazon.es\/cultura\/musica\/guitarricadelafuente-aunque-vivimos-epoca-que-parece-muy-liberadora-todavia-hay-cosas-que-estan-tan-asentadas_20250728688651aaf4ec026a96bd1bc5.html\" target=\"_blank\" rel=\"nofollow noopener\">Guitarricadelafuente<\/a>. El cantante valenciano, que realmente se llama \u00c1lvaro Lafuente Calvo, da el salto a la interpretaci\u00f3n con Los Javis. Pero tambi\u00e9n ha estrechado lazos y ha hecho muy buenas migas con uno de ellos, con Javier Calvo, con el que ahora ha puesto rumbo a M\u00e9xico. Un viaje que alimenta rumores y que est\u00e1 acaparando toda la atenci\u00f3n. <\/p>\n<p><img decoding=\"async\" loading=\"lazy\" src=\"https:\/\/www.europesays.com\/es\/wp-content\/uploads\/2025\/11\/imagen-cantautor-guitarricadelafuente_123.jpg\" alt=\"Imagen del cantautor Guitarricadelafuente\" width=\"3309\" height=\"4961\"\/><b>Imagen del cantautor Guitarricadelafuente<\/b>Wolfgang TillmansJavier Calvo sigue los pasos de Guitarricadelafuente<\/p>\n<p>Tan solo una semana despu\u00e9s de conocerse el final de la historia de amor de Los Javis, <b>Javier Calvo y Guitarricadelafuente se han trasladado a M\u00e9xico<\/b>. El director ha cruzado el Atl\u00e1ntico para acompa\u00f1ar al cantante en su gira de conciertos. No iba solo, pues junto a \u00e9l embarcaron Yenesi, tambi\u00e9n parte del elenco de \u2018La bola negra\u2019 e \u00edntima amiga de ambos, as\u00ed como Elena, del equipo de Suma Content. Muestra de ello son las <b>fotograf\u00edas que han compartido en sus redes sociales<\/b>, dejando constancia de su periplo por tierras mexicanas, para arropar al artista en su tour internacional de conciertos, donde jalear\u00e1n sus grandes \u00e9xitos.<\/p>\n<p><img decoding=\"async\" loading=\"lazy\" src=\"https:\/\/www.europesays.com\/es\/wp-content\/uploads\/2025\/11\/javier-calvo-yenesi-elena-mexico_58.jpg\" alt=\"Javier Calvo con Yenesi y Elena en M\u00e9xico\" width=\"859\" height=\"482\"\/><b>Javier Calvo con Yenesi y Elena en M\u00e9xico<\/b>Instagram<\/p>\n<p><b>El cantante valenciano tiene cita con sus fans en M\u00e9xico los pr\u00f3ximos 19, 20 y 24 de noviembre<\/b>. El primer concierto coincidir\u00e1 tambi\u00e9n con la reaparici\u00f3n en p\u00fablico de Javier Ambrossi tras la ruptura de Calvo, dado que ha confirmado su asistencia a los Premios GQ Hombres del A\u00f1o, que tendr\u00e1 lugar este mi\u00e9rcoles 19 de noviembre en el Museo Reina Sof\u00eda de Madrid. Aqu\u00ed tendr\u00e1 oportunidad de responder a las preguntas de los periodistas sobre el final de su romance, adem\u00e1s de la estrecha amistad que est\u00e1 forjando su ex con Guitarricadelafuente. <\/p>\n<p><b>Javier Calvo y el artista ya han sido visto en varias ocasiones, la \u00faltima disfrutando juntos de la noche madrile\u00f1a en una sesi\u00f3n de fiesta<\/b> a finales de octubre. No estaban solos, pues otros amigos les acompa\u00f1aban. Tambi\u00e9n, d\u00edas m\u00e1s tarde, Los Javis, a\u00fan formando pareja, <a title=\"acudieron a su concierto en Madrid\" href=\"https:\/\/www.larazon.es\/madrid\/guitarricadelafuente-revienta-movistar-arena_2025101868f2d059de40d8089e145c35.html\" target=\"_blank\" rel=\"nofollow noopener\">acudieron a su concierto en Madrid<\/a>. Les animaron junto a otros compa\u00f1eros del set de rodaje y jalearon sus canciones, sin que nada hiciese prever que Los Javis romper\u00edan d\u00edas m\u00e1s tarde su relaci\u00f3n de m\u00e1s de 13 a\u00f1os.<\/p>\n","protected":false},"excerpt":{"rendered":"La ruptura de Los Javis ha pillado a todos por sorpresa. Despu\u00e9s de 13 a\u00f1os formando equipo en&hellip;\n","protected":false},"author":2,"featured_media":243103,"comment_status":"","ping_status":"","sticky":false,"template":"","format":"standard","meta":{"footnotes":""},"categories":[174],"tags":[255,146,147,25,24,256,23],"class_list":{"0":"post-243102","1":"post","2":"type-post","3":"status-publish","4":"format-standard","5":"has-post-thumbnail","7":"category-famosos","8":"tag-celebrities","9":"tag-entertainment","10":"tag-entretenimiento","11":"tag-es","12":"tag-espana","13":"tag-famosos","14":"tag-spain"},"share_on_mastodon":{"url":"https:\/\/pubeurope.com\/@es\/115571861676964692","error":""},"_links":{"self":[{"href":"https:\/\/www.europesays.com\/es\/wp-json\/wp\/v2\/posts\/243102","targetHints":{"allow":["GET"]}}],"collection":[{"href":"https:\/\/www.europesays.com\/es\/wp-json\/wp\/v2\/posts"}],"about":[{"href":"https:\/\/www.europesays.com\/es\/wp-json\/wp\/v2\/types\/post"}],"author":[{"embeddable":true,"href":"https:\/\/www.europesays.com\/es\/wp-json\/wp\/v2\/users\/2"}],"replies":[{"embeddable":true,"href":"https:\/\/www.europesays.com\/es\/wp-json\/wp\/v2\/comments?post=243102"}],"version-history":[{"count":0,"href":"https:\/\/www.europesays.com\/es\/wp-json\/wp\/v2\/posts\/243102\/revisions"}],"wp:featuredmedia":[{"embeddable":true,"href":"https:\/\/www.europesays.com\/es\/wp-json\/wp\/v2\/media\/243103"}],"wp:attachment":[{"href":"https:\/\/www.europesays.com\/es\/wp-json\/wp\/v2\/media?parent=243102"}],"wp:term":[{"taxonomy":"category","embeddable":true,"href":"https:\/\/www.europesays.com\/es\/wp-json\/wp\/v2\/categories?post=243102"},{"taxonomy":"post_tag","embeddable":true,"href":"https:\/\/www.europesays.com\/es\/wp-json\/wp\/v2\/tags?post=243102"}],"curies":[{"name":"wp","href":"https:\/\/api.w.org\/{rel}","templated":true}]}}