{"id":243110,"date":"2025-11-18T17:27:08","date_gmt":"2025-11-18T17:27:08","guid":{"rendered":"https:\/\/www.europesays.com\/es\/243110\/"},"modified":"2025-11-18T17:27:08","modified_gmt":"2025-11-18T17:27:08","slug":"sexo-a-los-70-el-cortometraje-que-desmonta-tabues-con-un-toque-de-humor","status":"publish","type":"post","link":"https:\/\/www.europesays.com\/es\/243110\/","title":{"rendered":"&#8216;Sexo a los 70&#8217;, el cortometraje que desmonta tab\u00faes con un toque de humor"},"content":{"rendered":"<p>Desde la ficci\u00f3n, la narrativa de las realidades cotidianas se hace a\u00fan m\u00e1s visual, cercana y plausible, y buen ejemplo de ello es el \u00faltimo proyecto de <strong>Vanesa Romero.<\/strong> La actriz, escritora y guionista presenta<a data-external=\"1\" href=\"https:\/\/selectedfilms.com\/sexo-a-los-70\/\" rel=\"nofollow noopener\" target=\"_blank\" title=\" el cortometraje \u2018Sexo a los 70\u2019\"> el cortometraje \u2018Sexo a los 70\u2019<\/a>, un retrato de c\u00f3mo las personas de la tercera edad viven su sexualidad plasmada con un toque de humor del que el p\u00fablico no se resistir\u00e1.<\/p>\n<p>El coloquio y presentaci\u00f3n del proyecto, que ha tenido lugar este martes en<strong> el Teatro Magno de Madrid<\/strong>, ha contado con la participaci\u00f3n de Vanesa Romero, la sex\u00f3loga y embajadora de LELO,<strong>\u00a0Valerie Tasso,\u00a0<\/strong>y con <strong>Sandra And\u00fajar <\/strong>como moderadora. Un filme breve que abordo con modernidad y sensibilidad, sin dejar de lado su toque c\u00f3mico, el placer y las segundas oportunidades de las personas mayores de 70 en las relaciones \u00edntimas.<\/p>\n<p><b>\u201cEl deseo no tiene fecha de caducidad\u201d<\/b><\/p>\n<p>\u201cEs un tema tab\u00fa y necesitaba ser tocado. Lo he hecho a trav\u00e9s de la comedia porque <strong>el humor quita dramatismo<\/strong>\u201d, ha enfatizado Romero. \u201c<strong>El deseo no tiene edad, no caduca.<\/strong> Tenemos que seguir exprimiendo la vida hasta que podamos, un n\u00famero es un n\u00famero que afecta f\u00edsicamente, pero en nuestra cabeza tenemos que seguir disfrutando\u201d, ha abogado.<\/p>\n<p>Por su parte, Tasso, como sex\u00f3loga experta, ha ahondado en que la sexualidad a partir de la tercera edad es todav\u00eda un tema tab\u00fa que poco se toca en el debate cotidiano. \u201cNo tenemos que perder las ganas de jugar por tener 70 a\u00f1os. (\u2026) <strong>El deseo se transforma con la edad, nunca desaparece. <\/strong>Se hace mucho hincapi\u00e9 en las hormonas, pero no somos solo eso. Hay todo un entorno que influencia, somos biolog\u00eda y cultura, el deseo no desaparece\u201d, ha sostenido.<\/p>\n<p>Asimismo, el debate ha convergido en que la ternura y las vulnerabilidades frente al otro son aspectos que marcan el paso de la vida sexual y que no han de perderse o relegarse a un plano menor. \u201cLa sexualidad es la faceta humana en la que m\u00e1s vulnerables nos podemos sentir, <strong>vende e interesa mucho, pero tambi\u00e9n da mucho miedo. <\/strong>Todas las m\u00e1scaras sociales bajan, cuando somos nosotras mismas, sabes que el otro va a ver tu vulnerabilidad\u201d, ha remarcado Tasso.<\/p>\n<p><b>Sinopsis de \u2018Sexo a los 70\u2019<\/b><\/p>\n<p>Una joven trata de que su abuela Marga, viuda, vuelva a sentirse viva tras la muerte de su marido, por lo que le organiza en secreto una cita a ciegas a trav\u00e9s de una aplicaci\u00f3n con un desconocido. Su nieta trata de convencer a la protagonista de la historia que vuelva a reavivar su vida sexual, arregl\u00e1ndose y \u2018solt\u00e1ndose\u2019 la melena por segunda vez.<\/p>\n<p>El cortometraje, producido por <strong>Trebol4 Content, S.L., La Canica Films S.L.<\/strong>, aborda con delicadeza, soltura y humor c\u00f3mo volver a las riendas de la vida sexual sin ataduras, dejando atr\u00e1s los prejuicios y con el objetivo de disfrutar como \u00fanica bandera. La interpretaci\u00f3n viene a cargo de <strong>Mamen Garc\u00eda<\/strong> (\u2018Escenas de matrimonio\u2019), <strong>Fernando Colomo<\/strong> (\u2018La vida alegre\u2019),<strong> Javier B\u00f3dalo <\/strong>(\u201930 monedas\u2019) y <strong>Laura Candil<\/strong>, con la colaboraci\u00f3n especial de<strong> Carlos Sobera<\/strong> -con un gui\u00f1o a su protagonismo en el programa \u2018First Dates\u2019, seg\u00fan desvela la directora-. Asimismo, en la agenda de festivales, \u2018Sexo a los 70\u2019 ya se ha llevado grandes reconocimientos, como el celebrado en Mar de Plata en Argentina, tambi\u00e9n habiendo sido uno de los 15 seleccionados para los Premios Goya, a la espera de que pueda colarse entre los cinco \u00faltimos nominados.<\/p>\n","protected":false},"excerpt":{"rendered":"Desde la ficci\u00f3n, la narrativa de las realidades cotidianas se hace a\u00fan m\u00e1s visual, cercana y plausible, y&hellip;\n","protected":false},"author":2,"featured_media":243111,"comment_status":"","ping_status":"","sticky":false,"template":"","format":"standard","meta":{"footnotes":""},"categories":[169],"tags":[177,146,147,25,24,176,175,23],"class_list":{"0":"post-243110","1":"post","2":"type-post","3":"status-publish","4":"format-standard","5":"has-post-thumbnail","7":"category-cine","8":"tag-cine","9":"tag-entertainment","10":"tag-entretenimiento","11":"tag-es","12":"tag-espana","13":"tag-film","14":"tag-movies","15":"tag-spain"},"share_on_mastodon":{"url":"https:\/\/pubeurope.com\/@es\/115571880491427828","error":""},"_links":{"self":[{"href":"https:\/\/www.europesays.com\/es\/wp-json\/wp\/v2\/posts\/243110","targetHints":{"allow":["GET"]}}],"collection":[{"href":"https:\/\/www.europesays.com\/es\/wp-json\/wp\/v2\/posts"}],"about":[{"href":"https:\/\/www.europesays.com\/es\/wp-json\/wp\/v2\/types\/post"}],"author":[{"embeddable":true,"href":"https:\/\/www.europesays.com\/es\/wp-json\/wp\/v2\/users\/2"}],"replies":[{"embeddable":true,"href":"https:\/\/www.europesays.com\/es\/wp-json\/wp\/v2\/comments?post=243110"}],"version-history":[{"count":0,"href":"https:\/\/www.europesays.com\/es\/wp-json\/wp\/v2\/posts\/243110\/revisions"}],"wp:featuredmedia":[{"embeddable":true,"href":"https:\/\/www.europesays.com\/es\/wp-json\/wp\/v2\/media\/243111"}],"wp:attachment":[{"href":"https:\/\/www.europesays.com\/es\/wp-json\/wp\/v2\/media?parent=243110"}],"wp:term":[{"taxonomy":"category","embeddable":true,"href":"https:\/\/www.europesays.com\/es\/wp-json\/wp\/v2\/categories?post=243110"},{"taxonomy":"post_tag","embeddable":true,"href":"https:\/\/www.europesays.com\/es\/wp-json\/wp\/v2\/tags?post=243110"}],"curies":[{"name":"wp","href":"https:\/\/api.w.org\/{rel}","templated":true}]}}