{"id":243132,"date":"2025-11-18T17:47:08","date_gmt":"2025-11-18T17:47:08","guid":{"rendered":"https:\/\/www.europesays.com\/es\/243132\/"},"modified":"2025-11-18T17:47:08","modified_gmt":"2025-11-18T17:47:08","slug":"esta-isla-me-cambio-la-vida","status":"publish","type":"post","link":"https:\/\/www.europesays.com\/es\/243132\/","title":{"rendered":"Esta isla me cambi\u00f3 la vida"},"content":{"rendered":"<p>El artista espa\u00f1ol <strong>Wayota OD<\/strong> reapareci\u00f3 en redes sociales con un video grabado en Cuba, donde confirma su regreso al pa\u00eds tras varios meses en Espa\u00f1a recuper\u00e1ndose de una operaci\u00f3n. En las im\u00e1genes, publicadas en <a href=\"https:\/\/www.tiktok.com\/@wayota.od\/video\/7573552579922169110\" rel=\"nofollow noopener\" target=\"_blank\">TikTok<\/a> y tambi\u00e9n en Instagram, el joven expresa que \u201chay regresos que no se anuncian, se sienten\u201d y a\u00f1ade que volvi\u00f3 \u201cdespu\u00e9s de hospitales, operaciones, meses de rehabilitaci\u00f3n, silencio y preguntas\u201d, porque \u201cesta isla me cambi\u00f3 la vida\u201d. En el mismo video asegura que \u201cCuba me recibi\u00f3 como si nunca me hubiera ido\u201d y que \u201cvino a terminar lo que empec\u00e9\u201d, concluyendo con la frase: \u201cEstoy preparando algo grande\u201d.<\/p>\n<p>El video muestra escenas cotidianas de La Habana, acompa\u00f1ado del texto \u201cLlevo 2 semanas en Cuba y nadie lo sab\u00eda\u201d. En los comentarios, varios seguidores celebraron su regreso y lo animaron a seguir creando, con mensajes de apoyo que le deseaban alegr\u00eda y \u00e9xito en sus nuevos proyectos. Otros destacaron su recuperaci\u00f3n y le recordaron que se cuidara tras la operaci\u00f3n. Tambi\u00e9n hubo quienes expresaron cautela ante su decisi\u00f3n de volver, aludiendo a los riesgos y carencias actuales del pa\u00eds.<\/p>\n<p>Wayota OD lleg\u00f3 a Cuba por primera vez en marzo de este a\u00f1o con la intenci\u00f3n de grabar un \u00e1lbum musical y compartir su experiencia de vida en la isla. Poco despu\u00e9s de su llegada se enfrent\u00f3 a los apagones y a la escasez, experiencias que relat\u00f3 en redes sociales con asombro y respeto hacia la resistencia del pueblo cubano. En un video donde explic\u00f3 que \u201cdefinitivamente no s\u00e9 c\u00f3mo se las arreglan los cubanos\u201d, cont\u00f3 que pas\u00f3 48 horas sin electricidad durante su primer fin de semana en La Habana, como narr\u00f3 en <a href=\"https:\/\/www.cibercuba.com\/noticias\/2025-04-03-u1-e208933-s27061-nid300211-joven-espanol-muda-cuba-enfrenta-apagones-arreglan\" rel=\"nofollow noopener\" target=\"_blank\"> una de sus primeras publicaciones sobre la vida en la isla <\/a>.<\/p>\n<p>En aquel momento explic\u00f3 que muchos lo llamaban \u201cloco\u201d por mudarse a Cuba, pero defend\u00eda su decisi\u00f3n asegurando que necesitaba \u201cconectar con el \u00fanico pa\u00eds del mundo con una cultura musical tan diversa\u201d. Sin embargo, su experiencia no estuvo libre de dificultades. En abril denunci\u00f3 haber sido v\u00edctima de una estafa durante una noche en La Habana, donde una mujer le rob\u00f3 dinero y pertenencias mientras dorm\u00eda, seg\u00fan relat\u00f3 en <a href=\"https:\/\/www.cibercuba.com\/noticias\/2025-04-14-u1-e199370-s27061-nid300917-mujer-estafa-al-joven-espanol-eligio-vivir-cuba\" rel=\"nofollow noopener\" target=\"_blank\"> un video publicado tras el incidente <\/a>.<\/p>\n<p>Un mes despu\u00e9s, al cumplir su primer mes en la isla, comparti\u00f3 un mensaje optimista en el que dijo: \u201cLa vida me dio una segunda oportunidad y decid\u00ed dejarlo todo para mudarme a la isla de los apagones para hacer mi propia m\u00fasica\u201d, afirmando adem\u00e1s que \u201cpase lo que pase, no me voy a arrepentir\u201d. Ese testimonio qued\u00f3 reflejado en <a href=\"https:\/\/www.cibercuba.com\/noticias\/2025-05-14-u1-e42839-s27061-nid302777-espanol-mudo-cuba-tras-sufrir-derrame-cumple-mes-isla\" rel=\"nofollow noopener\" target=\"_blank\"> otra de sus publicaciones sobre su vida en Cuba <\/a>, donde mostraba escenas de su d\u00eda a d\u00eda y celebraba haber terminado su disco.<\/p>\n<p>Semanas m\u00e1s tarde anunci\u00f3 que deb\u00eda regresar a Espa\u00f1a para someterse a una operaci\u00f3n tras una reca\u00edda vinculada al derrame cerebral que sufri\u00f3 a\u00f1os atr\u00e1s. En un video explic\u00f3: \u201cNecesito operarme con urgencia. A\u00fan no s\u00e9 lo que pueda pasarme. No me he ido todav\u00eda pero ya quiero regresar. Aqu\u00ed en Cuba encontr\u00e9 algo \u00fanico\u201d, como se conoci\u00f3 en <a href=\"https:\/\/www.cibercuba.com\/noticias\/2025-06-09-u1-e42839-s27061-nid304631-espanol-mudo-cuba-anuncia-regresa-necesito-operarme\" rel=\"nofollow noopener\" target=\"_blank\"> su mensaje previo a la operaci\u00f3n <\/a>.<\/p>\n<p>Su regreso actual, meses despu\u00e9s de aquella intervenci\u00f3n y de un largo proceso de rehabilitaci\u00f3n, marca un nuevo cap\u00edtulo en su historia. Aunque no ha revelado detalles sobre sus planes, dej\u00f3 entrever que trabaja en un nuevo proyecto art\u00edstico al asegurar que est\u00e1 \u201cpreparando algo grande\u201d.<\/p>\n<p><script async src=\"\/\/www.tiktok.com\/embed.js\"><\/script><\/p>\n","protected":false},"excerpt":{"rendered":"El artista espa\u00f1ol Wayota OD reapareci\u00f3 en redes sociales con un video grabado en Cuba, donde confirma su&hellip;\n","protected":false},"author":2,"featured_media":243133,"comment_status":"","ping_status":"","sticky":false,"template":"","format":"standard","meta":{"footnotes":""},"categories":[174],"tags":[255,62391,146,147,25,62390,24,62392,256,4536,39673,4360,2885,23,5889,1018],"class_list":{"0":"post-243132","1":"post","2":"type-post","3":"status-publish","4":"format-standard","5":"has-post-thumbnail","7":"category-famosos","8":"tag-celebrities","9":"tag-ciudadanos-espanoles","10":"tag-entertainment","11":"tag-entretenimiento","12":"tag-es","13":"tag-escasez-en-cuba","14":"tag-espana","15":"tag-extranjeros-en-cuba","16":"tag-famosos","17":"tag-instagram","18":"tag-la-habana","19":"tag-noticias-de-cuba","20":"tag-operacion","21":"tag-spain","22":"tag-tiktok","23":"tag-videos"},"share_on_mastodon":{"url":"https:\/\/pubeurope.com\/@es\/115571959376648013","error":""},"_links":{"self":[{"href":"https:\/\/www.europesays.com\/es\/wp-json\/wp\/v2\/posts\/243132","targetHints":{"allow":["GET"]}}],"collection":[{"href":"https:\/\/www.europesays.com\/es\/wp-json\/wp\/v2\/posts"}],"about":[{"href":"https:\/\/www.europesays.com\/es\/wp-json\/wp\/v2\/types\/post"}],"author":[{"embeddable":true,"href":"https:\/\/www.europesays.com\/es\/wp-json\/wp\/v2\/users\/2"}],"replies":[{"embeddable":true,"href":"https:\/\/www.europesays.com\/es\/wp-json\/wp\/v2\/comments?post=243132"}],"version-history":[{"count":0,"href":"https:\/\/www.europesays.com\/es\/wp-json\/wp\/v2\/posts\/243132\/revisions"}],"wp:featuredmedia":[{"embeddable":true,"href":"https:\/\/www.europesays.com\/es\/wp-json\/wp\/v2\/media\/243133"}],"wp:attachment":[{"href":"https:\/\/www.europesays.com\/es\/wp-json\/wp\/v2\/media?parent=243132"}],"wp:term":[{"taxonomy":"category","embeddable":true,"href":"https:\/\/www.europesays.com\/es\/wp-json\/wp\/v2\/categories?post=243132"},{"taxonomy":"post_tag","embeddable":true,"href":"https:\/\/www.europesays.com\/es\/wp-json\/wp\/v2\/tags?post=243132"}],"curies":[{"name":"wp","href":"https:\/\/api.w.org\/{rel}","templated":true}]}}